{"id":368499,"date":"2025-09-05T15:47:31","date_gmt":"2025-09-05T15:47:31","guid":{"rendered":"https:\/\/www.europesays.com\/fr\/368499\/"},"modified":"2025-09-05T15:47:31","modified_gmt":"2025-09-05T15:47:31","slug":"strasbourg-valise-suspecte-pres-dun-boitier-electrique-les-demineurs-interviennent","status":"publish","type":"post","link":"https:\/\/www.europesays.com\/fr\/368499\/","title":{"rendered":"Strasbourg. Valise suspecte pr\u00e8s d&rsquo;un boitier \u00e9lectrique\u00a0: les d\u00e9mineurs interviennent"},"content":{"rendered":"<p>La police a \u00e9t\u00e9 appel\u00e9e ce vendredi 5\u00a0septembre en fin de matin\u00e9e pour une valise abandonn\u00e9e \u00e0 l\u2019arr\u00eat de bus provisoire Travail, situ\u00e9 boulevard Poincar\u00e9, au centre de Strasbourg. Le bagage noir, consid\u00e9r\u00e9 comme suspect, \u00e9tait pos\u00e9 pr\u00e8s d\u2019un bo\u00eetier \u00e9lectrique.<\/p>\n<p>Les d\u00e9mineurs de la S\u00e9curit\u00e9 civile sont intervenus. La valise ne contenait que des d\u00e9chets.<\/p>\n<p>Le boulevard Poincar\u00e9, ferm\u00e9 \u00e0 la circulation le temps des v\u00e9rifications, a \u00e9t\u00e9 rouvert \u00e0 midi.<\/p>\n","protected":false},"excerpt":{"rendered":"La police a \u00e9t\u00e9 appel\u00e9e ce vendredi 5\u00a0septembre en fin de matin\u00e9e pour une valise abandonn\u00e9e \u00e0 l\u2019arr\u00eat&hellip;\n","protected":false},"author":2,"featured_media":368500,"comment_status":"","ping_status":"","sticky":false,"template":"","format":"standard","meta":{"footnotes":""},"categories":[2820],"tags":[1111,11,2389,2649,271,272,2880,1777,674,274,107,1011,27,775,12,25,640,2879],"class_list":{"0":"post-368499","1":"post","2":"type-post","3":"status-publish","4":"format-standard","5":"has-post-thumbnail","7":"category-strasbourg","8":"tag-actu","9":"tag-actualites","10":"tag-alsace","11":"tag-bas-rhin","12":"tag-crime","13":"tag-delit-et-contravention","14":"tag-edition-strasbourg","15":"tag-eu","16":"tag-europe","17":"tag-faits-divers-justice","18":"tag-fil-info","19":"tag-fr","20":"tag-france","21":"tag-grand-est","22":"tag-news","23":"tag-republique-francaise","24":"tag-strasbourg","25":"tag-strasbourg-ville"},"share_on_mastodon":{"url":"https:\/\/pubeurope.com\/@fr\/115152477069500062","error":""},"_links":{"self":[{"href":"https:\/\/www.europesays.com\/fr\/wp-json\/wp\/v2\/posts\/368499","targetHints":{"allow":["GET"]}}],"collection":[{"href":"https:\/\/www.europesays.com\/fr\/wp-json\/wp\/v2\/posts"}],"about":[{"href":"https:\/\/www.europesays.com\/fr\/wp-json\/wp\/v2\/types\/post"}],"author":[{"embeddable":true,"href":"https:\/\/www.europesays.com\/fr\/wp-json\/wp\/v2\/users\/2"}],"replies":[{"embeddable":true,"href":"https:\/\/www.europesays.com\/fr\/wp-json\/wp\/v2\/comments?post=368499"}],"version-history":[{"count":0,"href":"https:\/\/www.europesays.com\/fr\/wp-json\/wp\/v2\/posts\/368499\/revisions"}],"wp:featuredmedia":[{"embeddable":true,"href":"https:\/\/www.europesays.com\/fr\/wp-json\/wp\/v2\/media\/368500"}],"wp:attachment":[{"href":"https:\/\/www.europesays.com\/fr\/wp-json\/wp\/v2\/media?parent=368499"}],"wp:term":[{"taxonomy":"category","embeddable":true,"href":"https:\/\/www.europesays.com\/fr\/wp-json\/wp\/v2\/categories?post=368499"},{"taxonomy":"post_tag","embeddable":true,"href":"https:\/\/www.europesays.com\/fr\/wp-json\/wp\/v2\/tags?post=368499"}],"curies":[{"name":"wp","href":"https:\/\/api.w.org\/{rel}","templated":true}]}}