{"id":368502,"date":"2025-09-05T15:49:14","date_gmt":"2025-09-05T15:49:14","guid":{"rendered":"https:\/\/www.europesays.com\/fr\/368502\/"},"modified":"2025-09-05T15:49:14","modified_gmt":"2025-09-05T15:49:14","slug":"nice-cpm06-revue-de-presse-2-0-de-la-semaine-du-5-septembre","status":"publish","type":"post","link":"https:\/\/www.europesays.com\/fr\/368502\/","title":{"rendered":"NICE : CPM06 &#8211; Revue de presse 2.0 de la semaine du 5 septembre"},"content":{"rendered":"<p><strong>Chaque semaine, le Club de la Presse M\u00e9diterran\u00e9e 06 propose de retrouver une s\u00e9lection d\u2019articles sur l\u2019actualit\u00e9 des m\u00e9dias et du journalisme.\u00a0<\/strong><\/p>\n<p>Bonne lecture\u00a0\u00e0 tous\u00a0!<\/p>\n<p><a href=\"https:\/\/www.huffingtonpost.fr\/medias\/article\/les-cathos-de-gauche-tiennent-leur-nouveau-magazine-face-a-la-nouvelle-extreme-droite_254332.html\" rel=\"nofollow noopener\" target=\"_blank\">Les cathos de gauche tiennent leur nouveau magazine face \u00e0 la \u00ab nouvelle extr\u00eame droite \u00bb<\/a><\/p>\n<p>\u00ab Le Cri \u00bb va \u00eatre lanc\u00e9 \u00e0 l\u2019automne pour \u00eatre \u00ab le porte-voix \u00bb d\u2019une \u00ab nouvelle g\u00e9n\u00e9ration de chr\u00e9tiens plut\u00f4t \u00e0 gauche \u00bb, explique le co-fondateur du titre.<\/p>\n<p>03\/09 <a href=\"http:\/\/huffingtonpost.fr\" rel=\"nofollow noopener\" target=\"_blank\">huffingtonpost.fr<\/a><\/p>\n<p><a href=\"https:\/\/www.leparisien.fr\/culture-loisirs\/tv\/qui-est-paul-gasnier-le-journaliste-de-quotidien-en-lice-pour-le-goncourt-2025-03-09-2025-MACRDWP53RBRTL7YUAQGDYU2F4.php\" rel=\"nofollow noopener\" target=\"_blank\">Qui est Paul Gasnier, le journaliste de \u00ab\u00a0Quotidien\u00a0\u00bb en lice pour le Goncourt 2025\u00a0?<\/a><\/p>\n<p>\u00c0 35\u00a0ans, le reporter de l\u2019\u00e9mission de Yann Barth\u00e8s se retrouve sur la premi\u00e8re liste du Goncourt pour son r\u00e9cit bouleversant, \u00ab\u00a0la Collision\u00a0\u00bb. L\u2019histoire du tragique accident qui a co\u00fbt\u00e9 la vie \u00e0 sa m\u00e8re.<\/p>\n<p>03\/09 <a href=\"http:\/\/leparisien.fr\" rel=\"nofollow noopener\" target=\"_blank\">leparisien.fr<\/a><\/p>\n<p><a href=\"https:\/\/www.ouest-france.fr\/sport\/football\/la-journaliste-marie-portolano-mise-en-examen-pour-diffamation-apres-une-plainte-de-pierre-menes-b407ce76-89ba-11f0-86eb-dac26b435301\" rel=\"nofollow noopener\" target=\"_blank\">La journaliste Marie Portolano mise en examen pour diffamation apr\u00e8s une plainte de Pierre M\u00e9n\u00e8s<\/a><\/p>\n<p>La journaliste Marie Portolano a \u00e9t\u00e9 mise en examen, le 15 ao\u00fbt dernier, \u00e0 la suite d\u2019une plainte d\u00e9pos\u00e9e par son ancien confr\u00e8re de Canal Plus, Pierre M\u00e9n\u00e8s, accus\u00e9 d\u2019agression sexuelle. C\u2019est ce que r\u00e9v\u00e8le le m\u00e9dia Les Jours, ce jeudi 4 septembre 2025.<\/p>\n<p>04\/09 <a href=\"http:\/\/ouest-france.fr\" rel=\"nofollow noopener\" target=\"_blank\">ouest-france.fr<\/a><\/p>\n<p><a href=\"https:\/\/www.rfi.fr\/fr\/podcasts\/journal-d-ha%C3%AFti-et-des-am%C3%A9riques\/20250904-%C3%AAtre-journaliste-au-honduras-vivre-sous-la-menace-constante\" rel=\"nofollow noopener\" target=\"_blank\">\u00catre journaliste au Honduras : vivre sous la menace constante<\/a><\/p>\n<p>Le Honduras est le pays d\u2019Am\u00e9rique centrale le plus dangereux pour la profession de journaliste. Les menaces sont multiples : elles peuvent venir des gangs ou de l\u2019oligarchie hondurienne. Reportage d\u2019Alice Campaignolle dans une radio communautaire, Radio Progreso.<\/p>\n<p>04\/09 <a href=\"http:\/\/rfi.fr\" rel=\"nofollow noopener\" target=\"_blank\">rfi.fr<\/a><\/p>\n<p><a href=\"https:\/\/www.telerama.fr\/debats-reportages\/chloe-malle-remplace-anna-wintour-a-vogue-encore-moins-de-journalisme-toujours-plus-de-marques-7027202.php\" rel=\"nofollow noopener\" target=\"_blank\">Chlo\u00e9 Malle remplace Anna Wintour \u00e0 \u201cVogue\u201d : encore moins de journalisme, toujours plus de marques<\/a><\/p>\n<p>La toute-puissante r\u00e9dactrice en chef du magazine de mode am\u00e9ricain c\u00e8de sa place \u00e0 la journaliste de 39 ans. Cette arriv\u00e9e ach\u00e8ve la transformation du titre en marque m\u00e9diatique, entretenant l\u2019ambigu\u00eft\u00e9 entre promotion et journalisme.<\/p>\n<p>04\/09 <a href=\"http:\/\/telerama.fr\" rel=\"nofollow noopener\" target=\"_blank\">telerama.fr<\/a><\/p>\n<p><a href=\"https:\/\/www.huffingtonpost.fr\/medias\/article\/pierre-lescure-renonce-a-son-arrivee-sur-sud-radio-apres-des-reactions-pour-la-plupart-outrancieres_254432.html\" rel=\"nofollow noopener\" target=\"_blank\">Pierre Lescure renonce \u00e0 son arriv\u00e9e sur Sud Radio apr\u00e8s des r\u00e9actions \u00ab pour la plupart outranci\u00e8res \u00bb<\/a><\/p>\n<p>Cette figure bien connue du PAF devait prendre part \u00e0 une \u00e9mission \u00ab de dialogue \u00bb tous les samedis sur l\u2019antenne de Sud Radio \u00e0 partir du 13 septembre.<\/p>\n<p>04\/09 <a href=\"http:\/\/huffingtonpost.fr\" rel=\"nofollow noopener\" target=\"_blank\">huffingtonpost.fr<\/a><\/p>\n<p>\u00a0<\/p>\n<p><strong>Club de la Presse M\u00e9diterran\u00e9e 06\u00a0<\/strong><\/p>\n<p><strong>Maison des Associations Garibaldi<\/strong><br \/><strong>12 Ter Place Garibaldi<\/strong><br \/><strong>Nice <\/strong><br \/><strong><a href=\"https:\/\/presseagence.fr\/nice-cpm06-revue-de-presse-2-0-de-la-semaine-du-5-septembre\/mailto:info@clubpresse06.com\" rel=\"nofollow noopener\" target=\"_blank\">info@clubpresse06.com<\/a><\/strong><\/p>\n<p><strong><a href=\"http:\/\/www.clubpresse06.com\/\" rel=\"nofollow noopener\" target=\"_blank\">http:\/\/www.clubpresse06.com<\/a>\u00a0<\/strong><\/p>\n","protected":false},"excerpt":{"rendered":"Chaque semaine, le Club de la Presse M\u00e9diterran\u00e9e 06 propose de retrouver une s\u00e9lection d\u2019articles sur l\u2019actualit\u00e9 des&hellip;\n","protected":false},"author":2,"featured_media":336518,"comment_status":"","ping_status":"","sticky":false,"template":"","format":"standard","meta":{"footnotes":""},"categories":[2819],"tags":[1111,11,1777,674,1011,27,12,2401,882,25],"class_list":{"0":"post-368502","1":"post","2":"type-post","3":"status-publish","4":"format-standard","5":"has-post-thumbnail","7":"category-nice","8":"tag-actu","9":"tag-actualites","10":"tag-eu","11":"tag-europe","12":"tag-fr","13":"tag-france","14":"tag-news","15":"tag-nice","16":"tag-provence-alpes-cote-dazur","17":"tag-republique-francaise"},"share_on_mastodon":{"url":"","error":""},"_links":{"self":[{"href":"https:\/\/www.europesays.com\/fr\/wp-json\/wp\/v2\/posts\/368502","targetHints":{"allow":["GET"]}}],"collection":[{"href":"https:\/\/www.europesays.com\/fr\/wp-json\/wp\/v2\/posts"}],"about":[{"href":"https:\/\/www.europesays.com\/fr\/wp-json\/wp\/v2\/types\/post"}],"author":[{"embeddable":true,"href":"https:\/\/www.europesays.com\/fr\/wp-json\/wp\/v2\/users\/2"}],"replies":[{"embeddable":true,"href":"https:\/\/www.europesays.com\/fr\/wp-json\/wp\/v2\/comments?post=368502"}],"version-history":[{"count":0,"href":"https:\/\/www.europesays.com\/fr\/wp-json\/wp\/v2\/posts\/368502\/revisions"}],"wp:featuredmedia":[{"embeddable":true,"href":"https:\/\/www.europesays.com\/fr\/wp-json\/wp\/v2\/media\/336518"}],"wp:attachment":[{"href":"https:\/\/www.europesays.com\/fr\/wp-json\/wp\/v2\/media?parent=368502"}],"wp:term":[{"taxonomy":"category","embeddable":true,"href":"https:\/\/www.europesays.com\/fr\/wp-json\/wp\/v2\/categories?post=368502"},{"taxonomy":"post_tag","embeddable":true,"href":"https:\/\/www.europesays.com\/fr\/wp-json\/wp\/v2\/tags?post=368502"}],"curies":[{"name":"wp","href":"https:\/\/api.w.org\/{rel}","templated":true}]}}