{"id":368503,"date":"2025-09-05T15:50:20","date_gmt":"2025-09-05T15:50:20","guid":{"rendered":"https:\/\/www.europesays.com\/fr\/368503\/"},"modified":"2025-09-05T15:50:20","modified_gmt":"2025-09-05T15:50:20","slug":"la-fete-foraine-fait-son-grand-retour-ce-week-end-a-nantes","status":"publish","type":"post","link":"https:\/\/www.europesays.com\/fr\/368503\/","title":{"rendered":"La F\u00eate Foraine fait son grand retour ce week-end \u00e0 Nantes"},"content":{"rendered":"<p>Un rituel de rentr\u00e9e tr\u00e8s attendu&#13;<\/p>\n<p>Chaque ann\u00e9e, \u00e0 la fin de l\u2019\u00e9t\u00e9, les Nantais ont rendez-vous avec ce grand classique qui illumine l\u2019automne. Plus vaste que la f\u00eate foraine du printemps, celle de septembre attire toujours les foules, familles, groupes d\u2019amis, couples en qu\u00eate d\u2019un tour de grande roue romantique ou encore amateurs de sensations extr\u00eames. C\u2019est un \u00e9v\u00e9nement qui fait battre le c\u0153ur de la ville et qui, g\u00e9n\u00e9ration apr\u00e8s g\u00e9n\u00e9ration, reste une tradition incontournable.<\/p>\n<p>&#13;<\/p>\n<blockquote class=\"instagram-media\" data-instgrm-permalink=\"https:\/\/www.instagram.com\/p\/DOC2_x7iB_k\/?utm_source=ig_embed&amp;utm_campaign=loading\" data-instgrm-version=\"14\" style=\"background: #FFF; border: 0; border-radius: 3px; box-shadow: 0 0 1px 0 rgba(0,0,0,0.5),0 1px 10px 0 rgba(0,0,0,0.15); margin: 1px; max-width: 540px; min-width: 326px; padding: 0; width: calc(100% - 2px);\"><p>&#13;<br \/>\n&#13;\n<\/p><\/blockquote>\n<p>&#13;<br \/>\n&#13;<br \/>\n<br \/>Des man\u00e8ges pour tous les go\u00fbts&#13;<\/p>\n<p>M\u00eame si le programme 2025 complet n\u2019a pas \u00e9t\u00e9 d\u00e9voil\u00e9, on peut d\u00e9j\u00e0 imaginer <strong>une \u00e9dition riche en adr\u00e9naline<\/strong> et en \u00e9clats de rire. Les fid\u00e8les pourront probablement retrouver les attractions phares des derni\u00e8res ann\u00e9es\u00a0: la MEGA KING TOWER <strong>(une chute libre vertigineuse de 80 m\u00e8tres)<\/strong>, le VERY BAD TRIP pour les amateurs de<strong> sensations d\u00e9jant\u00e9es,<\/strong> ou encore le TAXI DRIVER, qui <strong>fait tourner la t\u00eate \u00e0 vitesse grand V. Et la grande nouveaut\u00e9\u00a0: le SHAKE OFF N\u00b03. <\/strong>Les plus jeunes, eux, profiteront <strong>des man\u00e8ges traditionnels<\/strong> comme les autos tamponneuses, les palais du rire ou les trains fant\u00f4mes. Bref, il y en aura pour toutes les g\u00e9n\u00e9rations et pour toutes les envies.<\/p>\n<p><img loading=\"lazy\" decoding=\"async\" src=\"https:\/\/www.europesays.com\/fr\/wp-content\/uploads\/2025\/09\/photo manege.jpg\" width=\"865\" height=\"644\" alt=\"\"\/><\/p>\n<p>&#13;<br \/>\n<br \/>Le royaume des gourmands&#13;<\/p>\n<p>Impossible de parler f\u00eate foraine sans \u00e9voquer son cort\u00e8ge de douceurs. Entre les <strong>pommes d\u2019amour, les churros, les cr\u00eapes, les barbes \u00e0 papa et les stands de confiseries color\u00e9es, il sera difficile de r\u00e9sister. <\/strong>Certains viennent autant pour les man\u00e8ges que pour retrouver les saveurs d\u2019enfance qui font le charme de l\u2019\u00e9v\u00e9nement. Les food trucks et buvettes compl\u00e9teront l\u2019offre, de quoi r\u00e9galer tout le monde apr\u00e8s quelques tours endiabl\u00e9s.<\/p>\n<p>&#13;<\/p>\n<p>Que vous soyez amateur de sensations fortes, de balades paisibles sur la grande roue ou tout simplement gourmand inv\u00e9t\u00e9r\u00e9, la F\u00eate Foraine de Nantes promet de combler vos envies. Alors, du 6 septembre au 5 octobre, laissez-vous tenter par une sortie conviviale, en famille ou entre amis. Apr\u00e8s tout, qui peut r\u00e9sister \u00e0 un tour de man\u00e8ge et \u00e0 une barbe \u00e0 papa\u00a0?<\/p>\n<p><script async src=\"\/\/www.instagram.com\/embed.js\"><\/script><\/p>\n","protected":false},"excerpt":{"rendered":"Un rituel de rentr\u00e9e tr\u00e8s attendu&#13; Chaque ann\u00e9e, \u00e0 la fin de l\u2019\u00e9t\u00e9, les Nantais ont rendez-vous avec&hellip;\n","protected":false},"author":2,"featured_media":368504,"comment_status":"","ping_status":"","sticky":false,"template":"","format":"standard","meta":{"footnotes":""},"categories":[2818],"tags":[1111,11,1777,674,1011,27,766,12,2636,25],"class_list":{"0":"post-368503","1":"post","2":"type-post","3":"status-publish","4":"format-standard","5":"has-post-thumbnail","7":"category-nantes","8":"tag-actu","9":"tag-actualites","10":"tag-eu","11":"tag-europe","12":"tag-fr","13":"tag-france","14":"tag-nantes","15":"tag-news","16":"tag-pays-de-la-loire","17":"tag-republique-francaise"},"share_on_mastodon":{"url":"https:\/\/pubeurope.com\/@fr\/115152487950144411","error":""},"_links":{"self":[{"href":"https:\/\/www.europesays.com\/fr\/wp-json\/wp\/v2\/posts\/368503","targetHints":{"allow":["GET"]}}],"collection":[{"href":"https:\/\/www.europesays.com\/fr\/wp-json\/wp\/v2\/posts"}],"about":[{"href":"https:\/\/www.europesays.com\/fr\/wp-json\/wp\/v2\/types\/post"}],"author":[{"embeddable":true,"href":"https:\/\/www.europesays.com\/fr\/wp-json\/wp\/v2\/users\/2"}],"replies":[{"embeddable":true,"href":"https:\/\/www.europesays.com\/fr\/wp-json\/wp\/v2\/comments?post=368503"}],"version-history":[{"count":0,"href":"https:\/\/www.europesays.com\/fr\/wp-json\/wp\/v2\/posts\/368503\/revisions"}],"wp:featuredmedia":[{"embeddable":true,"href":"https:\/\/www.europesays.com\/fr\/wp-json\/wp\/v2\/media\/368504"}],"wp:attachment":[{"href":"https:\/\/www.europesays.com\/fr\/wp-json\/wp\/v2\/media?parent=368503"}],"wp:term":[{"taxonomy":"category","embeddable":true,"href":"https:\/\/www.europesays.com\/fr\/wp-json\/wp\/v2\/categories?post=368503"},{"taxonomy":"post_tag","embeddable":true,"href":"https:\/\/www.europesays.com\/fr\/wp-json\/wp\/v2\/tags?post=368503"}],"curies":[{"name":"wp","href":"https:\/\/api.w.org\/{rel}","templated":true}]}}