{"id":368505,"date":"2025-09-05T15:51:29","date_gmt":"2025-09-05T15:51:29","guid":{"rendered":"https:\/\/www.europesays.com\/fr\/368505\/"},"modified":"2025-09-05T15:51:29","modified_gmt":"2025-09-05T15:51:29","slug":"union-pour-debloquer-la-construction-de-500-logements-sur-lile-de-nantes","status":"publish","type":"post","link":"https:\/\/www.europesays.com\/fr\/368505\/","title":{"rendered":"Union pour d\u00e9bloquer la construction de 500 logements sur l\u2019\u00eele de Nantes"},"content":{"rendered":"<p>L\u2019union fait la force. Dans un contexte de crise nationale du logement et une p\u00e9riode marqu\u00e9e par l\u2019inflation, Nantes M\u00e9tropole et la Samoa, am\u00e9nageur de l\u2019\u00eele de Nantes, s\u2019allient \u00e0 la Caisse des d\u00e9p\u00f4ts et \u00e0 ses filiales (Banque des territoires, CDC Habitat, ICADE et sa branche Urbain des bois) pour d\u00e9bloquer la construction de 500 logements d\u2019ici 2027.<\/p>\n<p>Le protocole de partenariat, sign\u00e9 vendredi 5 septembre 2025 par Johanna Rolland, maire de Nantes, pr\u00e9sidente de Nantes M\u00e9tropole et de la Samoa, Ivan Lespagnol, directeur r\u00e9gional de la Baque des territoires-Caisse des d\u00e9p\u00f4ts, et Fabrice Rigoulet-Roze, pr\u00e9fet des Pays de la Loire et de Loire-Atlantique, s\u2019inscrit dans le cadre du programme national \u00ab\u00a0Territoires engag\u00e9s pour le logement\u00a0\u00bb, dont Nantes M\u00e9tropole a \u00e9t\u00e9 laur\u00e9ate en 2024. Dot\u00e9 de 122 millions d\u2019euros, ce dernier vise la construction de 30 000 logements en France d\u2019ici 2027. \u00ab\u00a0Nantes M\u00e9tropole, s\u00e9lectionn\u00e9e avec 22 territoires, r\u00e9pondait aux crit\u00e8res par son engagement bas carbone et en faveur du logement social. Avec 17 000 habitants suppl\u00e9mentaires chaque ann\u00e9e dans le d\u00e9partement, dont une majorit\u00e9 sur Nantes, la demande est forte \u00bb, indique le pr\u00e9fet. La collectivit\u00e9 b\u00e9n\u00e9ficie, dans le cadre de ce programme, d\u2019une aide de l\u2019\u00c9tat de 5,6 M\u20ac pour d\u00e9bloquer ou consolider la construction de 1500 logements au total, sur l&rsquo;\u00eele de Nantes et sur le quartier Pirmil-les-Isles.\u00a0<\/p>\n","protected":false},"excerpt":{"rendered":"L\u2019union fait la force. Dans un contexte de crise nationale du logement et une p\u00e9riode marqu\u00e9e par l\u2019inflation,&hellip;\n","protected":false},"author":2,"featured_media":368506,"comment_status":"","ping_status":"","sticky":false,"template":"","format":"standard","meta":{"footnotes":""},"categories":[2818],"tags":[1111,11,1777,674,1011,27,766,12,2636,25],"class_list":{"0":"post-368505","1":"post","2":"type-post","3":"status-publish","4":"format-standard","5":"has-post-thumbnail","7":"category-nantes","8":"tag-actu","9":"tag-actualites","10":"tag-eu","11":"tag-europe","12":"tag-fr","13":"tag-france","14":"tag-nantes","15":"tag-news","16":"tag-pays-de-la-loire","17":"tag-republique-francaise"},"share_on_mastodon":{"url":"https:\/\/pubeurope.com\/@fr\/115152491880479075","error":""},"_links":{"self":[{"href":"https:\/\/www.europesays.com\/fr\/wp-json\/wp\/v2\/posts\/368505","targetHints":{"allow":["GET"]}}],"collection":[{"href":"https:\/\/www.europesays.com\/fr\/wp-json\/wp\/v2\/posts"}],"about":[{"href":"https:\/\/www.europesays.com\/fr\/wp-json\/wp\/v2\/types\/post"}],"author":[{"embeddable":true,"href":"https:\/\/www.europesays.com\/fr\/wp-json\/wp\/v2\/users\/2"}],"replies":[{"embeddable":true,"href":"https:\/\/www.europesays.com\/fr\/wp-json\/wp\/v2\/comments?post=368505"}],"version-history":[{"count":0,"href":"https:\/\/www.europesays.com\/fr\/wp-json\/wp\/v2\/posts\/368505\/revisions"}],"wp:featuredmedia":[{"embeddable":true,"href":"https:\/\/www.europesays.com\/fr\/wp-json\/wp\/v2\/media\/368506"}],"wp:attachment":[{"href":"https:\/\/www.europesays.com\/fr\/wp-json\/wp\/v2\/media?parent=368505"}],"wp:term":[{"taxonomy":"category","embeddable":true,"href":"https:\/\/www.europesays.com\/fr\/wp-json\/wp\/v2\/categories?post=368505"},{"taxonomy":"post_tag","embeddable":true,"href":"https:\/\/www.europesays.com\/fr\/wp-json\/wp\/v2\/tags?post=368505"}],"curies":[{"name":"wp","href":"https:\/\/api.w.org\/{rel}","templated":true}]}}