{"id":368509,"date":"2025-09-05T15:53:13","date_gmt":"2025-09-05T15:53:13","guid":{"rendered":"https:\/\/www.europesays.com\/fr\/368509\/"},"modified":"2025-09-05T15:53:13","modified_gmt":"2025-09-05T15:53:13","slug":"bordeaux-un-velo-taxi-pour-transporter-les-personnes-agees-a-leurs-rendez-vous","status":"publish","type":"post","link":"https:\/\/www.europesays.com\/fr\/368509\/","title":{"rendered":"Bordeaux\u00a0: un v\u00e9lo-taxi pour transporter les personnes \u00e2g\u00e9es \u00e0 leurs rendez-vous"},"content":{"rendered":"<p>\u00c0 Bordeaux, dans le quartier du Grand Parc, un v\u00e9lo-taxi permet d\u00e9sormais de transporter les plus \u00e2g\u00e9s, que ce soit \u00e0 leurs rendez-vous m\u00e9dicaux, pour aller faire des courses ou pour se rendre au cin\u00e9ma. C&rsquo;est l&rsquo;association La Fourmili\u00e8re qui lance ce dispositif. Son nom\u00a0: Le \u00ab\u00a0v\u00e9lo-chat\u00a0\u00bb.  <\/p>\n<p>Vous connaissez les \u00ab\u00a0pouss pouss\u00a0\u00bb pour les touristes, les v\u00e9los-cargo pour les enfants&#8230; voici d\u00e9sormais le v\u00e9lo-taxi pour les personnes \u00e2g\u00e9es. Un v\u00e9lo orange qui arpente depuis cet \u00e9t\u00e9 les rues du <strong>quartier du Grand Parc, \u00e0 Bordeaux<\/strong>. Le \u00ab\u00a0v\u00e9lo-chat\u00a0\u00bb, lanc\u00e9 par\u00a0l&rsquo;association La Fourmili\u00e8re, permet de se rendre \u00e0 un\u00a0rendez-vous m\u00e9dical, d&rsquo;aller faire des courses ou m\u00eame de se rendre au cin\u00e9ma.<\/p>\n<p>\u00c0 l&rsquo;avant, en lieu et place du panier, une banquette trois personnes avec ceintures de s\u00e9curit\u00e9. \u00ab\u00a0On n&rsquo;est pas mal\u00a0!\u00a0\u00bb, lance Dounia en s&rsquo;installant.\u00a0Malika, qui a test\u00e9 \u00e9galement, est conquise\u00a0: \u00ab\u00a0C&rsquo;est tr\u00e8s confortable\u00a0\u00bb. Est-ce qu&rsquo;elle va s&rsquo;en servir\u00a0? \u00ab\u00a0J&rsquo;aimerais bien. Je ne suis pas v\u00e9hicul\u00e9e, donc c&rsquo;est pratique\u00a0\u00bb.\u00a0\u00c0 l&rsquo;arri\u00e8re de l&rsquo;appareil, M\u00e9riem fait partie des salari\u00e9s de l&rsquo;association la Fourmili\u00e8re qui vont p\u00e9daler\u00a0: \u00ab\u00a0C&rsquo;est vraiment simple. C&rsquo;est stable car il y a une roue \u00e0 l&rsquo;arri\u00e8re et deux roues \u00e0 l&rsquo;avant, et il y a une assistance \u00e9lectrique. On peut aller jusqu&rsquo;\u00e0 Pellegrin, au CCAS, tous les rendez-vous m\u00e9dicaux et aussi l&rsquo;offre socio-culturelle\u00a0\u00bb, \u00e9num\u00e8re la jeune femme. \u00ab\u00a0On les am\u00e8ne d&rsquo;un point A \u00e0 un point B, on les d\u00e9pose, on peut les attendre et les red\u00e9poser au point initial\u00a0\u00bb.<\/p>\n<p>Cout de cette exp\u00e9rimentation qui va durer un an\u00a0: <strong>7.000 euros financ\u00e9s par la mairie de Bordeaux<\/strong>. Harmonie Lecerf-meunier est adjointe en charge des seniors\u00a0: \u00ab\u00a0C&rsquo;est une solution que l&rsquo;on d\u00e9veloppe en exp\u00e9rimentation parmi d&rsquo;autres. On a un gros effort \u00e0 faire sur les transports des personnes pag\u00e9es. On a une population senior en forte augmentation, on est en plein papy-boom. Donc il faut faire des propositions de service public\u00a0\u00bb.\u00a0Bordeaux compte actuellement 50.000 personnes de plus de 60 ans, et elles seront 65.000 d&rsquo;ici 15 ans. Environ la moiti\u00e9 sont isol\u00e9es.<\/p>\n<p>Il en coutera tout de m\u00eame <strong>10 euros de l&rsquo;heure<\/strong> \u00e0 ceux qui veulent faire appel au \u00ab\u00a0v\u00e9lo-chat\u00a0\u00bb. L&rsquo;association table sur une soixantaine d&rsquo;utilisateurs.<\/p>\n","protected":false},"excerpt":{"rendered":"\u00c0 Bordeaux, dans le quartier du Grand Parc, un v\u00e9lo-taxi permet d\u00e9sormais de transporter les plus \u00e2g\u00e9s, que&hellip;\n","protected":false},"author":2,"featured_media":368510,"comment_status":"","ping_status":"","sticky":false,"template":"","format":"standard","meta":{"footnotes":""},"categories":[2817],"tags":[1111,11,1997,1777,674,1011,27,12,2219,25],"class_list":{"0":"post-368509","1":"post","2":"type-post","3":"status-publish","4":"format-standard","5":"has-post-thumbnail","7":"category-bordeaux","8":"tag-actu","9":"tag-actualites","10":"tag-bordeaux","11":"tag-eu","12":"tag-europe","13":"tag-fr","14":"tag-france","15":"tag-news","16":"tag-nouvelle-aquitaine","17":"tag-republique-francaise"},"share_on_mastodon":{"url":"https:\/\/pubeurope.com\/@fr\/115152500223919245","error":""},"_links":{"self":[{"href":"https:\/\/www.europesays.com\/fr\/wp-json\/wp\/v2\/posts\/368509","targetHints":{"allow":["GET"]}}],"collection":[{"href":"https:\/\/www.europesays.com\/fr\/wp-json\/wp\/v2\/posts"}],"about":[{"href":"https:\/\/www.europesays.com\/fr\/wp-json\/wp\/v2\/types\/post"}],"author":[{"embeddable":true,"href":"https:\/\/www.europesays.com\/fr\/wp-json\/wp\/v2\/users\/2"}],"replies":[{"embeddable":true,"href":"https:\/\/www.europesays.com\/fr\/wp-json\/wp\/v2\/comments?post=368509"}],"version-history":[{"count":0,"href":"https:\/\/www.europesays.com\/fr\/wp-json\/wp\/v2\/posts\/368509\/revisions"}],"wp:featuredmedia":[{"embeddable":true,"href":"https:\/\/www.europesays.com\/fr\/wp-json\/wp\/v2\/media\/368510"}],"wp:attachment":[{"href":"https:\/\/www.europesays.com\/fr\/wp-json\/wp\/v2\/media?parent=368509"}],"wp:term":[{"taxonomy":"category","embeddable":true,"href":"https:\/\/www.europesays.com\/fr\/wp-json\/wp\/v2\/categories?post=368509"},{"taxonomy":"post_tag","embeddable":true,"href":"https:\/\/www.europesays.com\/fr\/wp-json\/wp\/v2\/tags?post=368509"}],"curies":[{"name":"wp","href":"https:\/\/api.w.org\/{rel}","templated":true}]}}