{"id":368511,"date":"2025-09-05T15:54:09","date_gmt":"2025-09-05T15:54:09","guid":{"rendered":"https:\/\/www.europesays.com\/fr\/368511\/"},"modified":"2025-09-05T15:54:09","modified_gmt":"2025-09-05T15:54:09","slug":"notre-selection-de-fetes-locales-aux-alentours-de-toulouse-a-decouvrir-ce-week-end","status":"publish","type":"post","link":"https:\/\/www.europesays.com\/fr\/368511\/","title":{"rendered":"Notre s\u00e9lection de f\u00eates locales aux alentours de Toulouse \u00e0 d\u00e9couvrir ce week-end"},"content":{"rendered":"<p>            Par<br \/>\n        <strong><br \/>\n            <a href=\"https:\/\/actu.fr\/auteur\/lucie-2\" title=\"Consulter tous les articles de Lucie Fraisse\" target=\"_blank\" rel=\"noopener\">Lucie Fraisse<\/a><br \/>\n        <\/strong><\/p>\n<p>        Publi\u00e9 le<\/p>\n<p>            5 sept. 2025 \u00e0 17h37        <\/p>\n<p>La <strong>saison des f\u00eates locales<\/strong> bat son plein<a href=\"https:\/\/actu.fr\/occitanie\/haute-garonne_31\" target=\"_blank\" rel=\"noopener\"> en Haute-Garonne<\/a>. C\u2019est l\u2019un des rendez-vous de l\u2019\u00e9t\u00e9 dans de nombreuses communes et m\u00eame si la rentr\u00e9e scolaire est pass\u00e9e, f\u00eate foraine, bals, feux d\u2019artifice, repas et bals sont encore bien au programme de ce week-end du 5 au 7\u00a0septembre dans de nombreux villages. Voici notre s\u00e9lection festive, aux alentours de <a href=\"https:\/\/actu.fr\/toulouse\/dernieres-actus\" target=\"_blank\" rel=\"noopener\">Toulouse<\/a>.<\/p>\n<p>#1. \u00c0 Balma<\/p>\n<p class=\" wall-content\">Les f\u00eates de <a href=\"https:\/\/actu.fr\/occitanie\/balma_31044\" target=\"_blank\" rel=\"noopener\">Balma<\/a> se d\u00e9roulent du 5 au 7\u00a0septembre. Avec, entre autres, f\u00eate foraine d\u00e8s 18\u00a0heures ce vendredi sur la place des F\u00eates, concours de p\u00e9tanque au boulodrome samedi, feu d\u2019artifice au stade municipal samedi \u00e0 22h30, vide-greniers dimanche sur l\u2019avenue des Mimosas\u2026<\/p>\n<p>Infos pratiques\u2009:<br \/>Tout le programme est \u00e0 d\u00e9couvrir <a href=\"https:\/\/www.mairie-balma.fr\/agenda\/les-fetes-de-balma\/\" target=\"_blank\" rel=\"noopener\">sur le site de la mairie<\/a>.#2. \u00c0 Montrab\u00e9<\/p>\n<p class=\" wall-content\">Le comit\u00e9 des f\u00eates de <a href=\"https:\/\/actu.fr\/occitanie\/montrabe_31389\" target=\"_blank\" rel=\"noopener\">Montrab\u00e9<\/a> organise la f\u00eate locale de la commune du 5 au 7\u00a0septembre. Les festivit\u00e9s d\u00e9butent avec ap\u00e9ritif et repas ce vendredi, avec<strong> l\u2019ouverture de la f\u00eate foraine<\/strong>, \u00e0 20\u00a0heures. Une soir\u00e9e dansante suivra. Au programme de samedi\u2009: concours de p\u00e9tanque, grillades, spectacles de feu, soir\u00e9e\u2026 Dimanche, ce sera vide-greniers, grillades et animations musicales.<\/p>\n<p>Infos pratiques\u2009:<br \/>Programme d\u00e9taill\u00e9 sur <a href=\"https:\/\/comitedesfetes-montrabe.fr\/fete-locale\/\" target=\"_blank\" rel=\"noopener\">le site du comit\u00e9 des f\u00eates<\/a>.#3. \u00c0 Portet-sur-Garonne<\/p>\n<p class=\" wall-content\">La f\u00eate locale de <a href=\"https:\/\/actu.fr\/occitanie\/portet-sur-garonne_31433\" target=\"_blank\" rel=\"noopener\">Portet-sur-Garonne<\/a>, ce sont trois bals, un feu d\u2019artifice tir\u00e9 vendredi soir, une f\u00eate foraine, des repas organis\u00e9s par diverses associations de la commune, des spectacles\u2026. Le tout \u00e0 d\u00e9couvrir d\u00e8s 19h30 vendredi 5\u00a0septembre et jusqu\u2019au 7\u00a0septembre.<\/p>\n<p>Infos pratiques\u2009:<br \/>Toutes les infos<a href=\"https:\/\/www.portetgaronne.fr\/fete-locale-les-5-6-et-7-septembre\/\" target=\"_blank\" rel=\"noopener\"> sur le site de la mairie<\/a>.#4. \u00c0 Fronton<\/p>\n<p class=\" wall-content\">\u00c0 <a href=\"https:\/\/actu.fr\/occitanie\/fronton_31202\" target=\"_blank\" rel=\"noopener\">Fronton<\/a>, c\u2019est le comit\u00e9 des f\u00eates qui prend en charge l\u2019organisation de la f\u00eate locale, du 5 au 7\u00a0septembre 2025. Avec retraite aux flambeaux, feu d\u2019artifice et soir\u00e9e dansante vendredi soir, concours de p\u00eache, de p\u00e9tanque et soir\u00e9e dansante samedi soir, repas et course cycliste dimanche (entre autres\u2009!).<\/p>\n<p>Infos pratiques\u2009:<br \/>Toutes les informations<a href=\"https:\/\/www.mairie-fronton.fr\/agenda\/fronton\/fete-foraine-de-fronton\/?context=eyJwYXJhbXMiOnsic2l6ZSI6MTIsImxvbmdEZXNjcmlwdGlvbkZvcm1hdCI6IkhUTUxXaXRoRW1iZWRzIiwiaW5jbHVkZUxhYmVscyI6dHJ1ZSwiY21zIjoid3AiLCJob3N0IjoiaHR0cHM6XC9cL3d3dy5tYWlyaWUtZnJvbnRvbi5mciIsInVzZXNfc2l0ZV9lZGl0b3IiOmZhbHNlfSwiZmlsdGVycyI6eyJyZWxhdGl2ZSI6WyJjdXJyZW50IiwidXBjb21pbmciXX0sInBhZ2UiOjEsInRvdGFsIjozNiwiZXZlbnRfb2Zmc2V0IjozfQ=\" target=\"_blank\" rel=\"noopener\"> en cliquant ici<\/a>.#5. \u00c0 Saint-Gaudens<\/p>\n<p class=\" wall-content\">\u00c0 <a href=\"https:\/\/actu.fr\/occitanie\/saint-gaudens_31483\" target=\"_blank\" rel=\"noopener\">Saint-Gaudens<\/a>, la f\u00eate dure bien plus qu\u2019un week-end\u2009! Du 5 au 14\u00a0septembre, ce sont en fait dix jours d\u2019animations qui vont rythmer la vie de la commune. Avec la f\u00eate foraine qui d\u00e9bute le 5\u00a0septembre, des spectacles, des bals, un feu d\u2019artifice le 13\u00a0septembre\u2026<\/p>\n<p>Votre r\u00e9gion, votre actu !<\/p>\n<p>Recevez chaque jour les infos qui comptent pour vous.<\/p>\n<p>\t<a href=\"https:\/\/actu.fr\/newsletter\" class=\"ac-btn ac-btn--corner ac-btn--medium ac-btn--blue800\" target=\"_blank\" rel=\"noopener\">S&rsquo;incrire<\/a><br \/>\nInfos pratiques\u2009:<br \/>Tous les d\u00e9tails sur le <a href=\"https:\/\/www.stgo.fr\/evenements\/saint-gaudens-en-fete\/\" target=\"_blank\" rel=\"noopener\">site de la mairie de Saint-Gaudens<\/a>.#6. \u00c0 Caragoudes<\/p>\n<p class=\" wall-content\">Rendez-vous dans<a href=\"https:\/\/actu.fr\/voix-du-midi-lauragais\/\" target=\"_blank\" rel=\"noopener\"> le Lauragais<\/a>, \u00e0 <strong>Caragoudes<\/strong>, jusqu\u2019au 7\u00a0septembre. Au programme de cette f\u00eate de village\u2009: feu d\u2019artifice, paella g\u00e9ante, jeux gonflables pour les enfants, concours de p\u00e9tanque\u2026<\/p>\n<p>Infos pratiques\u2009:<br \/>Plus d\u2019infos en cliquant <a href=\"https:\/\/www.facebook.com\/mairiecaragoudes\" target=\"_blank\" rel=\"noopener\">sur le lien suivant<\/a>.#7. \u00c0 Seyre<\/p>\n<p class=\" wall-content\">Toujours dans le <strong>Lauragais<\/strong>, rendez-vous pour <a href=\"https:\/\/www.hautegaronnetourisme.com\/agenda\/seyre-en-fete\/\" target=\"_blank\" rel=\"noopener\">Seyre<\/a> en f\u00eate du 5 au 7\u00a0septembre, avec un karaok\u00e9 ce vendredi soir et une soir\u00e9e dansante, des concours de p\u00e9tanque samedi et dimanche, une soir\u00e9e foodtruck samedi, un repas paella dimanche\u2026<\/p>\n<p>Infos pratiques\u2009:<br \/>D\u00e9couvrez le programme <a href=\"https:\/\/www.hautegaronnetourisme.com\/agenda\/seyre-en-fete\/\" target=\"_blank\" rel=\"noopener\">en cliquant ici<\/a>.#8. \u00c0 Rieumes<\/p>\n<p class=\" wall-content\">La f\u00eate de la Saint-Gilles a lieu \u00e0<a href=\"https:\/\/actu.fr\/occitanie\/rieumes_31454\" target=\"_blank\" rel=\"noopener\"> Rieumes<\/a> jusqu\u2019au 8\u00a0septembre 2025. Au programme\u2009: feu d\u2019artifice, course cycliste, spectacles, cassoulet g\u00e9ant, ap\u00e9ro musical\u2026<\/p>\n<p>Infos pratiques\u2009:<br \/>Tous les d\u00e9tails du programme <a href=\"https:\/\/www.ville-rieumes.fr\/event\/fete-de-la-saint-gilles-3\/?start=1757001660&amp;end=1757347260\" target=\"_blank\" rel=\"noopener\">sur le site de la mairie de Rieumes<\/a>.<\/p>\n<p class=\" wall-content\">Personnalisez votre actualit\u00e9 en ajoutant vos villes et m\u00e9dias en favori avec <a href=\"https:\/\/moncompte.actu.fr\" title=\"D\u00e9couvez Mon Actu\" rel=\"nofollow noopener\" data-trk=\"{&quot;cta&quot;:{&quot;action&quot;:&quot;https:\\\/\\\/moncompte.actu.fr&quot;,&quot;category&quot;:&quot;mon compte&quot;,&quot;from&quot;:&quot;article footer&quot;,&quot;name&quot;:&quot;Mon actu&quot;,&quot;type&quot;:&quot;cta&quot;}}\" target=\"_blank\">Mon Actu<\/a>.<\/p>\n","protected":false},"excerpt":{"rendered":"Par Lucie Fraisse Publi\u00e9 le 5 sept. 2025 \u00e0 17h37 La saison des f\u00eates locales bat son plein&hellip;\n","protected":false},"author":2,"featured_media":368512,"comment_status":"","ping_status":"","sticky":false,"template":"","format":"standard","meta":{"footnotes":""},"categories":[2816],"tags":[1111,11,1777,674,1011,27,1652,12,2680,25,1341,2312],"class_list":{"0":"post-368511","1":"post","2":"type-post","3":"status-publish","4":"format-standard","5":"has-post-thumbnail","7":"category-toulouse","8":"tag-actu","9":"tag-actualites","10":"tag-eu","11":"tag-europe","12":"tag-fr","13":"tag-france","14":"tag-loisirs-culture","15":"tag-news","16":"tag-occitanie","17":"tag-republique-francaise","18":"tag-sortir-a-toulouse","19":"tag-toulouse"},"share_on_mastodon":{"url":"https:\/\/pubeurope.com\/@fr\/115152503633467935","error":""},"_links":{"self":[{"href":"https:\/\/www.europesays.com\/fr\/wp-json\/wp\/v2\/posts\/368511","targetHints":{"allow":["GET"]}}],"collection":[{"href":"https:\/\/www.europesays.com\/fr\/wp-json\/wp\/v2\/posts"}],"about":[{"href":"https:\/\/www.europesays.com\/fr\/wp-json\/wp\/v2\/types\/post"}],"author":[{"embeddable":true,"href":"https:\/\/www.europesays.com\/fr\/wp-json\/wp\/v2\/users\/2"}],"replies":[{"embeddable":true,"href":"https:\/\/www.europesays.com\/fr\/wp-json\/wp\/v2\/comments?post=368511"}],"version-history":[{"count":0,"href":"https:\/\/www.europesays.com\/fr\/wp-json\/wp\/v2\/posts\/368511\/revisions"}],"wp:featuredmedia":[{"embeddable":true,"href":"https:\/\/www.europesays.com\/fr\/wp-json\/wp\/v2\/media\/368512"}],"wp:attachment":[{"href":"https:\/\/www.europesays.com\/fr\/wp-json\/wp\/v2\/media?parent=368511"}],"wp:term":[{"taxonomy":"category","embeddable":true,"href":"https:\/\/www.europesays.com\/fr\/wp-json\/wp\/v2\/categories?post=368511"},{"taxonomy":"post_tag","embeddable":true,"href":"https:\/\/www.europesays.com\/fr\/wp-json\/wp\/v2\/tags?post=368511"}],"curies":[{"name":"wp","href":"https:\/\/api.w.org\/{rel}","templated":true}]}}