{"id":368513,"date":"2025-09-05T15:55:12","date_gmt":"2025-09-05T15:55:12","guid":{"rendered":"https:\/\/www.europesays.com\/fr\/368513\/"},"modified":"2025-09-05T15:55:12","modified_gmt":"2025-09-05T15:55:12","slug":"1-780-nouvelles-places-en-creche-et-des-horaires-elargis-pour-la-rentree-2025-a-toulouse","status":"publish","type":"post","link":"https:\/\/www.europesays.com\/fr\/368513\/","title":{"rendered":"1\u00a0780 nouvelles places en cr\u00e8che et des horaires \u00e9largis pour la rentr\u00e9e 2025 \u00e0 Toulouse"},"content":{"rendered":"<p>\n                                                                    l&rsquo;essentiel<br \/>\n                                                                Pour la rentr\u00e9e 2025, la Ville de Toulouse renforce son offre d\u2019accueil pour les 0-3 ans avec 1\u00a0780 places attribu\u00e9es, un effort port\u00e9 \u00e9galement par la r\u00e9novation de 48 structures.\n                            <\/p>\n<p>La rentr\u00e9e de septembre et octobre\u00a02025 marque-t-elle\u00a0une avanc\u00e9e significative pour la politique de la petite enfance \u00e0 Toulouse\u00a0? La Commission d\u2019attribution des places d\u2019accueil du jeune enfant a octroy\u00e9 1\u00a0780 nouvelles places en cr\u00e8che pour un accueil r\u00e9gulier, en priorit\u00e9 aux parents actifs.<\/p>\n<p>\u00ab\u00a0372 places ont \u00e9galement \u00e9t\u00e9 attribu\u00e9es pour un accueil de moins de 20\u00a0heures par semaine aux enfants dont les parents sont notamment en recherche d\u2019emploi\u00a0\u00bb indique la maire de Toulouse dans un communiqu\u00e9.\u00a0Des solutions adapt\u00e9es aux horaires atypiques \u2013 t\u00f4t le matin, le soir ou le week-end \u2013 ont \u00e9galement \u00e9t\u00e9 propos\u00e9es, en cr\u00e8che comme chez les assistantes maternelles.<\/p>\n<p>2,7\u00a0millions d\u2019euros investis cet \u00e9t\u00e9<\/p>\n<p>Dans ce cadre, la Mairie maintient son dispositif sp\u00e9cifique permettant un accueil de 6\u00a0h\u00a030 \u00e0 21\u00a0h\u00a030. Le programme Pop\u2019in, reconduit pour l\u2019accueil \u00e0 domicile, ainsi que les cr\u00e8ches familiales mobilisant des assistantes maternelles, compl\u00e8tent l\u2019offre. \u00c0 la rentr\u00e9e, aucune demande en attente n\u2019\u00e9tait recens\u00e9e pour ces dispositifs \u00e9largis.<\/p>\n<p>\u00ab\u00a0Le montant global des travaux s\u2019\u00e9l\u00e8ve \u00e0 2,7 M\u20ac\u00a0\u00bb pr\u00e9cise la collectivit\u00e9. Au total, 48 \u00e9tablissements ont \u00e9t\u00e9 r\u00e9nov\u00e9s, incluant des mises en conformit\u00e9 avec les normes nationales, l\u2019am\u00e9lioration de l\u2019accessibilit\u00e9, et la v\u00e9g\u00e9talisation des espaces ext\u00e9rieurs. Parmi les ouvertures notables\u00a0: Les Petits d\u2019Ovalie (quartier Sept Deniers) et Le Cercle des Bout\u2019Choux (Saint-Martin du Touch), deux structures associatives en partenariat avec la Mairie.<\/p>\n","protected":false},"excerpt":{"rendered":"l&rsquo;essentiel Pour la rentr\u00e9e 2025, la Ville de Toulouse renforce son offre d\u2019accueil pour les 0-3 ans avec&hellip;\n","protected":false},"author":2,"featured_media":368514,"comment_status":"","ping_status":"","sticky":false,"template":"","format":"standard","meta":{"footnotes":""},"categories":[2816],"tags":[1111,11,1777,674,1011,27,12,2680,25,2312],"class_list":{"0":"post-368513","1":"post","2":"type-post","3":"status-publish","4":"format-standard","5":"has-post-thumbnail","7":"category-toulouse","8":"tag-actu","9":"tag-actualites","10":"tag-eu","11":"tag-europe","12":"tag-fr","13":"tag-france","14":"tag-news","15":"tag-occitanie","16":"tag-republique-francaise","17":"tag-toulouse"},"share_on_mastodon":{"url":"https:\/\/pubeurope.com\/@fr\/115152507622994158","error":""},"_links":{"self":[{"href":"https:\/\/www.europesays.com\/fr\/wp-json\/wp\/v2\/posts\/368513","targetHints":{"allow":["GET"]}}],"collection":[{"href":"https:\/\/www.europesays.com\/fr\/wp-json\/wp\/v2\/posts"}],"about":[{"href":"https:\/\/www.europesays.com\/fr\/wp-json\/wp\/v2\/types\/post"}],"author":[{"embeddable":true,"href":"https:\/\/www.europesays.com\/fr\/wp-json\/wp\/v2\/users\/2"}],"replies":[{"embeddable":true,"href":"https:\/\/www.europesays.com\/fr\/wp-json\/wp\/v2\/comments?post=368513"}],"version-history":[{"count":0,"href":"https:\/\/www.europesays.com\/fr\/wp-json\/wp\/v2\/posts\/368513\/revisions"}],"wp:featuredmedia":[{"embeddable":true,"href":"https:\/\/www.europesays.com\/fr\/wp-json\/wp\/v2\/media\/368514"}],"wp:attachment":[{"href":"https:\/\/www.europesays.com\/fr\/wp-json\/wp\/v2\/media?parent=368513"}],"wp:term":[{"taxonomy":"category","embeddable":true,"href":"https:\/\/www.europesays.com\/fr\/wp-json\/wp\/v2\/categories?post=368513"},{"taxonomy":"post_tag","embeddable":true,"href":"https:\/\/www.europesays.com\/fr\/wp-json\/wp\/v2\/tags?post=368513"}],"curies":[{"name":"wp","href":"https:\/\/api.w.org\/{rel}","templated":true}]}}