{"id":368515,"date":"2025-09-05T15:56:15","date_gmt":"2025-09-05T15:56:15","guid":{"rendered":"https:\/\/www.europesays.com\/fr\/368515\/"},"modified":"2025-09-05T15:56:15","modified_gmt":"2025-09-05T15:56:15","slug":"adolpha-actrice-dans-le-film-les-invisibles-est-decedee-a-lille","status":"publish","type":"post","link":"https:\/\/www.europesays.com\/fr\/368515\/","title":{"rendered":"Adolpha, actrice dans le film \u00ab les Invisibles \u00bb, est d\u00e9c\u00e9d\u00e9e \u00e0 Lille"},"content":{"rendered":"<p>            Par<br \/>\n        <strong><br \/>\n            <a href=\"https:\/\/actu.fr\/auteur\/annesophie-2\" title=\"Consulter tous les articles de Anne-Sophie Hourdeaux\" rel=\"nofollow noopener\" target=\"_blank\">Anne-Sophie Hourdeaux<\/a><br \/>\n        <\/strong><\/p>\n<p>        Publi\u00e9 le<\/p>\n<p>            5 sept. 2025 \u00e0 17h40        <\/p>\n<p><b>La lilloise Adolpha Van Meeraeghe, 77\u00a0ans, est d\u00e9c\u00e9d\u00e9e.<\/b> Elle a eu plusieurs vies. Enfant mal-aim\u00e9e, abus\u00e9e, abandonn\u00e9e, <b>femme battue, femme en prison pour avoir tu\u00e9 son mari violent. Femme \u00e0 la rue aussi. Et ensuite, actrice, \u00e9crivain et artiste.<\/b> Vous avez sans doute vu son visage au cin\u00e9ma ou \u00e0 la t\u00e9l\u00e9, dans le <a href=\"https:\/\/actu.fr\/hauts-de-france\/_59\/cinema-invisibles-film-femmes-sur-lhomme-grand-h_19440454.html\" rel=\"nofollow noopener\" target=\"_blank\">film \u00ab\u2009Les Invisibles\u2009\u00bb<\/a>, o\u00f9 elle interpr\u00e9tait une Chantal dr\u00f4le et bouleversante. <b>Ses fun\u00e9railles auront lieu lundi 8\u00a0septembre 2025 \u00e0 15\u2009h\u200945 \u00e0 Herlies.<\/b><\/p>\n<p>    <img   decoding=\"async\" loading=\"lazy\" class=\"size-large\" src=\"https:\/\/www.europesays.com\/fr\/wp-content\/uploads\/2025\/09\/4eb57a13fa04652c57a13fa0426c57v-960x640.jpg\" alt=\"Roubaix. Adolpha \u00e0 la Condition Publique Adolpha est sur sc\u00e8ne et partage quelques chansons ch'tis. - DSC_0033\" width=\"960\" height=\"640\"\/><br \/>\n    Adolpha a jou\u00e9 sur sc\u00e8ne son histoire aux c\u00f4t\u00e9s de Corinne Masiero dans un spectacle \u00e9crit \u00e0 partir de l\u2019autobiographie d\u2019Adolpha, \u00ab\u2009Une vie bien renger\u2009\u00bb. \u00a9Anne-Sophie Hourdeaux\/Croix du Nord<\/p>\n<p class=\" wall-content\">Adolpha Van Meeraeghe, c\u2019est un peu une rencontre \u00ab\u2009coup de poing\u2009\u00bb, brut de d\u00e9coffrage. Adolpha, c\u2019\u00e9tait une gueule, et une voix. Elle chante, elle parle fort, avec l\u2019accent ch\u2019ti et surtout, elle rit, elle rit \u00e0 gorge d\u00e9ploy\u00e9e, sans son appareil dentaire. Car Adolpha, c\u2019est une personne authentique, sans filtre. Voil\u00e0 l\u2019image qu\u2019on gardera d\u2019elle.<\/p>\n<p>L\u2019art comme th\u00e9rapie<\/p>\n<p class=\" wall-content\">Sa vie \u00e9tait caboss\u00e9e, mais elle avait r\u00e9ussi \u00e0 y mettre de la lumi\u00e8re. Elle voulait aider les autres \u00e0 s\u2019en sortir. Elle animait des ateliers d\u2019art brut dans les centres sociaux, aupr\u00e8s des jeunes handicap\u00e9s. \u00ab\u2009En prison, on m\u2019appelait barracuda, car je faisais des colliers en macaronis\u2009!\u2009\u00bb nous avait-elle confi\u00e9 en 2017. L\u2019art comme th\u00e9rapie, comme force de vie.<\/p>\n<p class=\" wall-content\">Artiste, Adolpha l\u2019\u00e9tait aussi dans sa musique\u2009: elle chantait \u00e0 tue-t\u00eate tous les tubes \u00ab\u2009anciens\u2009\u00bb, avec sa gouaille populaire, un peu \u00e0 la Piaf. C\u2019\u00e9tait encore une fa\u00e7on de donner de l\u2019amour, elle qui n\u2019en avait pas beaucoup eu dans sa vie.<\/p>\n<p>    <a href=\"https:\/\/www.youtube.com\/embed\/fyqrQS2ESZ4\" title=\"Ouvrie le lien\" rel=\"nofollow noopener\" target=\"_blank\">Cliquez ici pour visualiser le contenu<\/a><\/p>\n<p>Votre r\u00e9gion, votre actu !<\/p>\n<p>Recevez chaque jour les infos qui comptent pour vous.<\/p>\n<p>\t<a href=\"https:\/\/actu.fr\/newsletter\" class=\"ac-btn ac-btn--corner ac-btn--medium ac-btn--blue800\" rel=\"nofollow noopener\" target=\"_blank\">S&rsquo;incrire<\/a><br \/>\nLa rencontre avec Corinne Masiero<\/p>\n<p class=\" wall-content\">C\u2019est \u00e0 la suite de l\u2019\u00e9criture de son autobiographie, \u00ab\u2009Une vie bien rEnger\u2009\u00bb, qu\u2019elle avait rencontr\u00e9 celle qui \u00e9tait devenue une amie, l\u2019actrice Corinne Masiero. Elles \u00e9taient mont\u00e9es ensemble sur sc\u00e8ne, accompagn\u00e9es par l\u2019accord\u00e9on de Louise Bronx, pour pr\u00e9senter la vie d\u2019Adolpha, entre ombres et lumi\u00e8res. Corinne Masiero apr\u00e8s avoir lu son livre gr\u00e2ce \u00e0 un ami, lui avait dit\u2009: \u00ab\u2009C\u2019est un coup de poing dans la gueule\u2009\u00bb\u2026<\/p>\n<p class=\" wall-content\">Adolpha \u00e9tait comme \u00e7a, elle ne pouvait pas passer inaper\u00e7ue ni laisser personne indiff\u00e9rent. Elle \u00e9tait all\u00e9e jusqu\u2019au grand \u00e9cran, dans \u00ab\u2009Les Invisibles\u2009\u00bb, de Louis-Julien Petit. Elle y incarnait son propre r\u00f4le, une femme qui avait tu\u00e9 son compagnon qui la battait. Elle disait, comme la tourquennoise <a href=\"https:\/\/actu.fr\/hauts-de-france\/tourcoing_59599\/originaire-de-tourcoing-l-actrice-au-grand-coeur-marianne-garcia-est-decedee_50320828.html#:~:text=La%20tourquennoise%20Marianne%20Garcia%20est,l&#039;%C3%A2ge%20de%2066%20ans.&amp;text=Marianne%2C%20c&#039;%C3%A9tait%20la%20joie,pourrie%20aurait%20pu%20la%20d%C3%A9truire.\" rel=\"nofollow noopener\" target=\"_blank\">Marianne Garcia, une autre actrice des \u00ab\u2009Invisibles\u2009\u00bb, d\u00e9c\u00e9d\u00e9e en 2022<\/a>\u2009: \u00ab\u2009Maintenant, je suis immortelle\u2009\u00bb.<\/p>\n<p>    <img   decoding=\"async\" loading=\"lazy\" class=\"size-large\" src=\"https:\/\/www.europesays.com\/fr\/wp-content\/uploads\/2025\/09\/88db28a328b866cdb28a328b820eb2v-960x640.jpg\" alt=\"Adolpha Van Meeraegh\" width=\"960\" height=\"640\"\/><br \/>\n    Adolpha Van Meeraeghe chez elle avec ses t\u00eates d\u2019animaux en papier m\u00e2ch\u00e9. \u00a9Anne-Sophie Hourdeaux\/Croix du Nord<\/p>\n<p class=\" wall-content\">Nous l\u2019avions interview\u00e9e en 2017\u2009: \u00ab\u2009Je me rends compte que beaucoup de gens ont eu et ont encore des souffrances. Il n\u2019y a pas que moi. Mon bouquin donne une lib\u00e9ration \u00e0 ceux-l\u00e0\u2009\u00bb.<\/p>\n<p class=\" wall-content\">Les fun\u00e9railles d\u2019Adolpha Van Meeraeghe auront lieu au cimeti\u00e8re d\u2019<a href=\"https:\/\/actu.fr\/hauts-de-france\/herlies_59303\" rel=\"nofollow noopener\" target=\"_blank\">Herlies<\/a> lundi 8\u00a0septembre \u00e0 15\u2009h\u200945. Ses cendres seront dispers\u00e9es au cimeti\u00e8re de Lille, dans la mer des galets, du c\u00f4t\u00e9 de la rue de l\u2019Arbrisseau, mardi 9\u00a0septembre \u00e0 14\u2009h.<\/p>\n<p class=\" wall-content\">Personnalisez votre actualit\u00e9 en ajoutant vos villes et m\u00e9dias en favori avec <a href=\"https:\/\/moncompte.actu.fr\" title=\"D\u00e9couvez Mon Actu\" rel=\"nofollow noopener\" data-trk=\"{&quot;cta&quot;:{&quot;action&quot;:&quot;https:\\\/\\\/moncompte.actu.fr&quot;,&quot;category&quot;:&quot;mon compte&quot;,&quot;from&quot;:&quot;article footer&quot;,&quot;name&quot;:&quot;Mon actu&quot;,&quot;type&quot;:&quot;cta&quot;}}\" target=\"_blank\">Mon Actu<\/a>.<\/p>\n","protected":false},"excerpt":{"rendered":"Par Anne-Sophie Hourdeaux Publi\u00e9 le 5 sept. 2025 \u00e0 17h40 La lilloise Adolpha Van Meeraeghe, 77\u00a0ans, est d\u00e9c\u00e9d\u00e9e.&hellip;\n","protected":false},"author":2,"featured_media":368516,"comment_status":"","ping_status":"","sticky":false,"template":"","format":"standard","meta":{"footnotes":""},"categories":[2815],"tags":[1111,11,1777,674,1011,27,811,1307,12,25,104],"class_list":{"0":"post-368515","1":"post","2":"type-post","3":"status-publish","4":"format-standard","5":"has-post-thumbnail","7":"category-lille","8":"tag-actu","9":"tag-actualites","10":"tag-eu","11":"tag-europe","12":"tag-fr","13":"tag-france","14":"tag-hauts-de-france","15":"tag-lille","16":"tag-news","17":"tag-republique-francaise","18":"tag-societe"},"share_on_mastodon":{"url":"https:\/\/pubeurope.com\/@fr\/115152511573690862","error":""},"_links":{"self":[{"href":"https:\/\/www.europesays.com\/fr\/wp-json\/wp\/v2\/posts\/368515","targetHints":{"allow":["GET"]}}],"collection":[{"href":"https:\/\/www.europesays.com\/fr\/wp-json\/wp\/v2\/posts"}],"about":[{"href":"https:\/\/www.europesays.com\/fr\/wp-json\/wp\/v2\/types\/post"}],"author":[{"embeddable":true,"href":"https:\/\/www.europesays.com\/fr\/wp-json\/wp\/v2\/users\/2"}],"replies":[{"embeddable":true,"href":"https:\/\/www.europesays.com\/fr\/wp-json\/wp\/v2\/comments?post=368515"}],"version-history":[{"count":0,"href":"https:\/\/www.europesays.com\/fr\/wp-json\/wp\/v2\/posts\/368515\/revisions"}],"wp:featuredmedia":[{"embeddable":true,"href":"https:\/\/www.europesays.com\/fr\/wp-json\/wp\/v2\/media\/368516"}],"wp:attachment":[{"href":"https:\/\/www.europesays.com\/fr\/wp-json\/wp\/v2\/media?parent=368515"}],"wp:term":[{"taxonomy":"category","embeddable":true,"href":"https:\/\/www.europesays.com\/fr\/wp-json\/wp\/v2\/categories?post=368515"},{"taxonomy":"post_tag","embeddable":true,"href":"https:\/\/www.europesays.com\/fr\/wp-json\/wp\/v2\/tags?post=368515"}],"curies":[{"name":"wp","href":"https:\/\/api.w.org\/{rel}","templated":true}]}}