{"id":368517,"date":"2025-09-05T15:57:09","date_gmt":"2025-09-05T15:57:09","guid":{"rendered":"https:\/\/www.europesays.com\/fr\/368517\/"},"modified":"2025-09-05T15:57:09","modified_gmt":"2025-09-05T15:57:09","slug":"7-incontournables-a-faire-a-la-braderie-de-lille-ce-week-end","status":"publish","type":"post","link":"https:\/\/www.europesays.com\/fr\/368517\/","title":{"rendered":"7 incontournables \u00e0 faire \u00e0 la braderie de Lille ce week-end"},"content":{"rendered":"<p>Ce week-end a lieu l&rsquo;\u00e9v\u00e9nement tant attendu dans le Nord : la grande braderie de Lille. Du samedi au dimanche, la capitale des Flandres se transforme en brocante g\u00e9ante, la plus grande d\u2019Europe ! Voici quelques incontournables \u00e0 faire ce week-end. <\/p>\n<p>Il s\u2019agit du plus grand march\u00e9 \u00e0 ciel ouvert d\u2019Europe. Il r\u00e9unit 2,5 millions de visiteurs chaque ann\u00e9e. \u00c7a se passe ces samedi 6 et dimanche 7 septembre \u00e0 Lille. Voici une liste des \u00e9v\u00e9nements \u00e0 ne pas manquer \u00e0 la Braderie !<\/p>\n<p>1. Faire de bonnes affaires<\/p>\n<p>C\u2019est le concept principal de la braderie. Des milliers d\u2019exposants tiennent des stands partout dans la ville. Le meilleur conseil \u00e0 prendre, c\u2019est d\u2019y aller t\u00f4t pour profiter un maximum du calme des rues avant d&rsquo;\u00eatre contraint de se faufiler pour passer.<\/p>\n<p>2. Manger des moules frites<\/p>\n<p>Le repas culte du week-end : les moules frites. Chaque ann\u00e9e, ce sont 500 tonnes de moules qui sont englouties par tous les bradeux. Sur la place Rihour, vous pourrez admirer la fameuse \u201ctour de moules\u201d, une montagne de coquilles de moules vides.\u00a0<\/p>\n<p>3. Boire de la bi\u00e8re<\/p>\n<p>Le Nord est connu pour sa bi\u00e8re. L\u00e0-bas vous n\u2019aurez pas de difficult\u00e9 \u00e0 en trouver. Mais attention \u00e0 ne pas oublier son ecocup, pour \u00e9viter de payer les consignes et de jeter les verres en plastique.<\/p>\n<p>4. Le bingo de la braderie\u00a0<\/p>\n<p>Un an de burgers au Comptoir Volant, des pass pour le Jardin \u00e9lectronique\u2026 \u00c7a vous tente ? Rendez-vous Porte de Paris samedi et dimanche de 10h \u00e0 18h pour participer \u00e0 la grande loterie gratuite de Lille.<\/p>\n<p>5. Dj sets &amp; open air<\/p>\n<p>La Braderie c\u2019est un peu comme la f\u00eate de la musique\u2026 mais pendant un week-end entier. Des dj sets, des concerts, il y a tous les genres musicaux. Du vendredi au dimanche, un open air \u00e0 Louise de Bettignies est pr\u00e9vu, avec au programme des sets de musiques house \u00e9lectro et commerciales. Pour les amateurs de techno, il y a un open air organis\u00e9 samedi au Caf\u00e9 society, et un le samedi et dimanche au Quartier libre, sur l\u2019esplanade du Champ de Mars.<\/p>\n<p>6. Miss &amp; Mister moules\u00a0<\/p>\n<p>L&rsquo;\u00e9lection la plus d\u00e9jant\u00e9e revient cette ann\u00e9e au Jet Lag avec pour th\u00e8me le voyage. Vous pouvez donc y assister, voire m\u00eame y participer en ramenant vos meilleurs d\u00e9guisements !<\/p>\n<p>7. La braderie v\u00e9lo<\/p>\n<p>La mairie de quartier de Wazemmes organise \u201cbroc \u00e0 v\u00e9lo\u201d. Plus de 350 v\u00e9los en vente, il y en a pour tous les go\u00fbts : du tout terrain au v\u00e9lo de course. L\u00e0-bas vous pourrez trouver p\u00e9dale \u00e0 votre pied !<\/p>\n","protected":false},"excerpt":{"rendered":"Ce week-end a lieu l&rsquo;\u00e9v\u00e9nement tant attendu dans le Nord : la grande braderie de Lille. Du samedi&hellip;\n","protected":false},"author":2,"featured_media":368518,"comment_status":"","ping_status":"","sticky":false,"template":"","format":"standard","meta":{"footnotes":""},"categories":[2815],"tags":[1111,11,1777,674,1011,27,811,1307,12,25],"class_list":{"0":"post-368517","1":"post","2":"type-post","3":"status-publish","4":"format-standard","5":"has-post-thumbnail","7":"category-lille","8":"tag-actu","9":"tag-actualites","10":"tag-eu","11":"tag-europe","12":"tag-fr","13":"tag-france","14":"tag-hauts-de-france","15":"tag-lille","16":"tag-news","17":"tag-republique-francaise"},"share_on_mastodon":{"url":"https:\/\/pubeurope.com\/@fr\/115152515459612825","error":""},"_links":{"self":[{"href":"https:\/\/www.europesays.com\/fr\/wp-json\/wp\/v2\/posts\/368517","targetHints":{"allow":["GET"]}}],"collection":[{"href":"https:\/\/www.europesays.com\/fr\/wp-json\/wp\/v2\/posts"}],"about":[{"href":"https:\/\/www.europesays.com\/fr\/wp-json\/wp\/v2\/types\/post"}],"author":[{"embeddable":true,"href":"https:\/\/www.europesays.com\/fr\/wp-json\/wp\/v2\/users\/2"}],"replies":[{"embeddable":true,"href":"https:\/\/www.europesays.com\/fr\/wp-json\/wp\/v2\/comments?post=368517"}],"version-history":[{"count":0,"href":"https:\/\/www.europesays.com\/fr\/wp-json\/wp\/v2\/posts\/368517\/revisions"}],"wp:featuredmedia":[{"embeddable":true,"href":"https:\/\/www.europesays.com\/fr\/wp-json\/wp\/v2\/media\/368518"}],"wp:attachment":[{"href":"https:\/\/www.europesays.com\/fr\/wp-json\/wp\/v2\/media?parent=368517"}],"wp:term":[{"taxonomy":"category","embeddable":true,"href":"https:\/\/www.europesays.com\/fr\/wp-json\/wp\/v2\/categories?post=368517"},{"taxonomy":"post_tag","embeddable":true,"href":"https:\/\/www.europesays.com\/fr\/wp-json\/wp\/v2\/tags?post=368517"}],"curies":[{"name":"wp","href":"https:\/\/api.w.org\/{rel}","templated":true}]}}