{"id":368519,"date":"2025-09-05T15:58:11","date_gmt":"2025-09-05T15:58:11","guid":{"rendered":"https:\/\/www.europesays.com\/fr\/368519\/"},"modified":"2025-09-05T15:58:11","modified_gmt":"2025-09-05T15:58:11","slug":"la-douane-realise-une-incroyable-saisie","status":"publish","type":"post","link":"https:\/\/www.europesays.com\/fr\/368519\/","title":{"rendered":"la douane r\u00e9alise une incroyable saisie"},"content":{"rendered":"<p>            Par<br \/>\n        <strong><br \/>\n            <a href=\"https:\/\/actu.fr\/auteur\/fabien-binacchi\" title=\"Consulter tous les articles de Fabien Binacchi\" rel=\"nofollow noopener\" target=\"_blank\">Fabien Binacchi<\/a><br \/>\n        <\/strong><\/p>\n<p>        Publi\u00e9 le<\/p>\n<p>            5 sept. 2025 \u00e0 17h52        <\/p>\n<p>Ces quatre femmes qui voyageaient avec leurs enfants en bas \u00e2ge transportaient \u00e9galement une incroyable quantit\u00e9 de marchandises interdites. La direction r\u00e9gionale des douanes de <a href=\"https:\/\/actu.fr\/marseille\/\" rel=\"nofollow noopener\" target=\"_blank\">Marseille<\/a> annonce ce vendredi 5\u00a0septembre avoir r\u00e9alis\u00e9 <strong>une \u00ab\u2009importante saisie\u2009\u00bb<\/strong> \u00e0 <a href=\"https:\/\/actu.fr\/tag\/aeroport-de-marseille-provence\" rel=\"nofollow noopener\" target=\"_blank\">l\u2019a\u00e9roport de Marignane.<\/a> Les \u00ab\u2009mules\u2009\u00bb ont vraisemblablement agi \u00ab\u2009pour le compte de r\u00e9seaux internationaux sp\u00e9cialis\u00e9s\u2009\u00bb, indiquent \u00e9galement les autorit\u00e9s. Voici les d\u00e9tails.<\/p>\n<p>21 grosses valises pour quatre personnes<\/p>\n<p class=\" wall-content\">La saisie remonte au dimanche 31\u00a0ao\u00fbt 2025, dans la matin\u00e9e. <strong>Mis au parfum par leurs coll\u00e8gues des a\u00e9roports de Paris,<\/strong> les agents de la brigade de surveillance ext\u00e9rieure des douanes de Marignane se mettent dans les pas de quatre passag\u00e8res dans les couloirs de l\u2019a\u00e9roport Marseille-Provence. Elles viennent tout juste d\u2019atterrir de <strong>Casablanca (Maroc).<\/strong><\/p>\n<p class=\" wall-content\">Ces quatre femmes d\u2019origine guin\u00e9enne, qui \u00ab\u2009voyagent accompagn\u00e9es de leurs enfants, dont l\u2019un \u00e2g\u00e9 d\u2019\u00e0 peine un an\u2009\u00bb selon les douanes, transportent 21 grosses valises avec elle.<\/p>\n<p class=\" wall-content\">Peut-\u00eatre un peu trop pour ne pas \u00e9veiller les soup\u00e7ons. Bingo, les agents ont eu le nez creux\u2009: ils d\u00e9couvrent une impressionnante et <strong>illicite<\/strong> cargaison.<\/p>\n<blockquote class=\"ac-article-quote wall-content\">\n<p>\u00ab\u00a0Au total, ce sont plus de 18780 paquets de cigarettes des marques Ronson et Marlboro pour un poids total d\u00e9passant les 375\u00a0kg qui ont \u00e9t\u00e9 saisis par la douane, ainsi que 2\u00a0000\u00a0\u20ac en num\u00e9raire.\u00a0\u00bb<\/p>\n<p>    <strong>La direction r\u00e9gionale des douanes de Marseille<\/strong>\n            <\/p><\/blockquote>\n<p>    <img   decoding=\"async\" loading=\"lazy\" src=\"https:\/\/www.europesays.com\/fr\/wp-content\/uploads\/2025\/09\/tabac-marseille-960x640.jpg\" alt=\"fd\" width=\"960\" height=\"640\"\/><br \/>\n    Plus de 18780 paquets de cigarettes ont \u00e9t\u00e9 saisis. (\u00a9Douane fran\u00e7aise)Les Bouches-du-Rh\u00f4ne, une \u00ab\u2009plaque tournante\u2009\u00bb<\/p>\n<p class=\" wall-content\">Les quatre femmes, pour certaines d\u00e9j\u00e0 connues des services douaniers, sont interpell\u00e9es. \u00ab\u2009Elles ont vraisemblablement <strong>agi en tant que mules<\/strong> pour le compte de r\u00e9seaux internationaux sp\u00e9cialis\u00e9s dans l\u2019approvisionnement et la revente \u00e0 la sauvette de tabac de contrebande dans certaines grandes m\u00e9tropoles fran\u00e7aises\u2009\u00bb, pr\u00e9cisent les autorit\u00e9s.<\/p>\n<p>Votre r\u00e9gion, votre actu !<\/p>\n<p>Recevez chaque jour les infos qui comptent pour vous.<\/p>\n<p>\t<a href=\"https:\/\/actu.fr\/newsletter\" class=\"ac-btn ac-btn--corner ac-btn--medium ac-btn--blue800\" rel=\"nofollow noopener\" target=\"_blank\">S&rsquo;incrire<\/a><\/p>\n<blockquote class=\"ac-article-quote wall-content\">\n<p>\u00ab\u00a0Cette affaire illustre le r\u00f4le croissant de certaines fili\u00e8res africaines dans l\u2019importation ill\u00e9gale de tabac vers la France. Les trafiquants exploitent des circuits d\u2019approvisionnement en Afrique de l\u2019Ouest et multiplient les itin\u00e9raires a\u00e9riens ou saturent volontairement les points de contr\u00f4le pour tenter d\u2019\u00e9chapper aux douaniers. Une m\u00e9thode comparable \u00e0 celle utilis\u00e9e pour d\u2019autres trafics internationaux comme les stup\u00e9fiants [&#8230;] Le d\u00e9partement des Bouches-du-Rh\u00f4ne s\u2019est impos\u00e9 comme une plaque tournante du trafic international de tabac.\u00a0\u00bb<\/p>\n<p>    <strong>Direction r\u00e9gionale des douanes de Marseille<\/strong>\n            <\/p><\/blockquote>\n<p class=\" wall-content\">En 2024, <strong>10,8 tonnes de tabac ont \u00e9t\u00e9 saisies<\/strong> \u00e0 Marseille. Soit une hausse de 58\u2009% par rapport \u00e0 l\u2019ann\u00e9e pr\u00e9c\u00e9dente, selon les donn\u00e9es communiqu\u00e9es \u00e0 notre r\u00e9daction.<\/p>\n<p class=\" wall-content\">Personnalisez votre actualit\u00e9 en ajoutant vos villes et m\u00e9dias en favori avec <a href=\"https:\/\/moncompte.actu.fr\" title=\"D\u00e9couvez Mon Actu\" rel=\"nofollow noopener\" data-trk=\"{&quot;cta&quot;:{&quot;action&quot;:&quot;https:\\\/\\\/moncompte.actu.fr&quot;,&quot;category&quot;:&quot;mon compte&quot;,&quot;from&quot;:&quot;article footer&quot;,&quot;name&quot;:&quot;Mon actu&quot;,&quot;type&quot;:&quot;cta&quot;}}\" target=\"_blank\">Mon Actu<\/a>.<\/p>\n","protected":false},"excerpt":{"rendered":"Par Fabien Binacchi Publi\u00e9 le 5 sept. 2025 \u00e0 17h52 Ces quatre femmes qui voyageaient avec leurs enfants&hellip;\n","protected":false},"author":2,"featured_media":368520,"comment_status":"","ping_status":"","sticky":false,"template":"","format":"standard","meta":{"footnotes":""},"categories":[2814],"tags":[1111,11,1777,674,118,1011,27,884,12,882,25],"class_list":{"0":"post-368519","1":"post","2":"type-post","3":"status-publish","4":"format-standard","5":"has-post-thumbnail","7":"category-marseille","8":"tag-actu","9":"tag-actualites","10":"tag-eu","11":"tag-europe","12":"tag-faits-divers","13":"tag-fr","14":"tag-france","15":"tag-marseille","16":"tag-news","17":"tag-provence-alpes-cote-dazur","18":"tag-republique-francaise"},"share_on_mastodon":{"url":"https:\/\/pubeurope.com\/@fr\/115152519452288697","error":""},"_links":{"self":[{"href":"https:\/\/www.europesays.com\/fr\/wp-json\/wp\/v2\/posts\/368519","targetHints":{"allow":["GET"]}}],"collection":[{"href":"https:\/\/www.europesays.com\/fr\/wp-json\/wp\/v2\/posts"}],"about":[{"href":"https:\/\/www.europesays.com\/fr\/wp-json\/wp\/v2\/types\/post"}],"author":[{"embeddable":true,"href":"https:\/\/www.europesays.com\/fr\/wp-json\/wp\/v2\/users\/2"}],"replies":[{"embeddable":true,"href":"https:\/\/www.europesays.com\/fr\/wp-json\/wp\/v2\/comments?post=368519"}],"version-history":[{"count":0,"href":"https:\/\/www.europesays.com\/fr\/wp-json\/wp\/v2\/posts\/368519\/revisions"}],"wp:featuredmedia":[{"embeddable":true,"href":"https:\/\/www.europesays.com\/fr\/wp-json\/wp\/v2\/media\/368520"}],"wp:attachment":[{"href":"https:\/\/www.europesays.com\/fr\/wp-json\/wp\/v2\/media?parent=368519"}],"wp:term":[{"taxonomy":"category","embeddable":true,"href":"https:\/\/www.europesays.com\/fr\/wp-json\/wp\/v2\/categories?post=368519"},{"taxonomy":"post_tag","embeddable":true,"href":"https:\/\/www.europesays.com\/fr\/wp-json\/wp\/v2\/tags?post=368519"}],"curies":[{"name":"wp","href":"https:\/\/api.w.org\/{rel}","templated":true}]}}