{"id":368521,"date":"2025-09-05T15:59:13","date_gmt":"2025-09-05T15:59:13","guid":{"rendered":"https:\/\/www.europesays.com\/fr\/368521\/"},"modified":"2025-09-05T15:59:13","modified_gmt":"2025-09-05T15:59:13","slug":"la7-saturee-a-la-sortie-de-marseille","status":"publish","type":"post","link":"https:\/\/www.europesays.com\/fr\/368521\/","title":{"rendered":"l&rsquo;A7 satur\u00e9e \u00e0 la sortie de Marseille"},"content":{"rendered":"<p>Depuis quelques minutes, la circulation est bien compliqu\u00e9e sur l&rsquo;autoroute A7, \u00e0 la sortie de Marseille. C&rsquo;est pare-chocs contre pare-chocs depuis le secteur de Saint-Mauron jusqu&rsquo;\u00e0 Sept\u00e8mes-les-Vallons. Ce qui repr\u00e9sente pr\u00e8s de sept kilom\u00e8tres de bouchon sur cet axe majeur.<\/p>\n<p>Par ricochet, la rocade L2 est tr\u00e8s charg\u00e9e, dans le sens Aubagne-Aix, \u00e0 l&rsquo;arriv\u00e9e donc sur l&rsquo;A7. Aucun accident n&rsquo;est signal\u00e9 dans cette zone par la Direction interd\u00e9partementale des routes M\u00e9diterran\u00e9e (Dirmed).<\/p>\n<p>Il s&rsquo;agit juste d&rsquo;un trafic tr\u00e8s charg\u00e9 li\u00e9 \u00e0 l&rsquo;heure de pointe. Pour sortir de la cit\u00e9 phoc\u00e9enne par le nord, privil\u00e9giez l&rsquo;autoroute A55.<\/p>\n","protected":false},"excerpt":{"rendered":"Depuis quelques minutes, la circulation est bien compliqu\u00e9e sur l&rsquo;autoroute A7, \u00e0 la sortie de Marseille. C&rsquo;est pare-chocs&hellip;\n","protected":false},"author":2,"featured_media":368522,"comment_status":"","ping_status":"","sticky":false,"template":"","format":"standard","meta":{"footnotes":""},"categories":[2814],"tags":[17,1111,11,1102,1777,674,1011,27,1922,26158,884,12,882,16,25,25546,3686,1097],"class_list":{"0":"post-368521","1":"post","2":"type-post","3":"status-publish","4":"format-standard","5":"has-post-thumbnail","7":"category-marseille","8":"tag-17","9":"tag-actu","10":"tag-actualites","11":"tag-breakingnews","12":"tag-eu","13":"tag-europe","14":"tag-fr","15":"tag-france","16":"tag-info","17":"tag-la7","18":"tag-marseille","19":"tag-news","20":"tag-provence-alpes-cote-dazur","21":"tag-region","22":"tag-republique-francaise","23":"tag-saturee","24":"tag-sortie","25":"tag-trafic"},"share_on_mastodon":{"url":"https:\/\/pubeurope.com\/@fr\/115152523331665678","error":""},"_links":{"self":[{"href":"https:\/\/www.europesays.com\/fr\/wp-json\/wp\/v2\/posts\/368521","targetHints":{"allow":["GET"]}}],"collection":[{"href":"https:\/\/www.europesays.com\/fr\/wp-json\/wp\/v2\/posts"}],"about":[{"href":"https:\/\/www.europesays.com\/fr\/wp-json\/wp\/v2\/types\/post"}],"author":[{"embeddable":true,"href":"https:\/\/www.europesays.com\/fr\/wp-json\/wp\/v2\/users\/2"}],"replies":[{"embeddable":true,"href":"https:\/\/www.europesays.com\/fr\/wp-json\/wp\/v2\/comments?post=368521"}],"version-history":[{"count":0,"href":"https:\/\/www.europesays.com\/fr\/wp-json\/wp\/v2\/posts\/368521\/revisions"}],"wp:featuredmedia":[{"embeddable":true,"href":"https:\/\/www.europesays.com\/fr\/wp-json\/wp\/v2\/media\/368522"}],"wp:attachment":[{"href":"https:\/\/www.europesays.com\/fr\/wp-json\/wp\/v2\/media?parent=368521"}],"wp:term":[{"taxonomy":"category","embeddable":true,"href":"https:\/\/www.europesays.com\/fr\/wp-json\/wp\/v2\/categories?post=368521"},{"taxonomy":"post_tag","embeddable":true,"href":"https:\/\/www.europesays.com\/fr\/wp-json\/wp\/v2\/tags?post=368521"}],"curies":[{"name":"wp","href":"https:\/\/api.w.org\/{rel}","templated":true}]}}