{"id":368523,"date":"2025-09-05T16:00:12","date_gmt":"2025-09-05T16:00:12","guid":{"rendered":"https:\/\/www.europesays.com\/fr\/368523\/"},"modified":"2025-09-05T16:00:12","modified_gmt":"2025-09-05T16:00:12","slug":"tourisme-a-lyon-la-destination-resiste-et-confirme-son-attractivite-en-2025","status":"publish","type":"post","link":"https:\/\/www.europesays.com\/fr\/368523\/","title":{"rendered":"Tourisme \u00e0 Lyon : la destination r\u00e9siste et confirme son attractivit\u00e9 en 2025"},"content":{"rendered":"<p>                                                        <img loading=\"lazy\" decoding=\"async\" width=\"1024\" height=\"683\" src=\"data:image\/svg+xml,%3Csvg%20xmlns=\" http:=\"\" class=\"thumb img-responsive m-x-auto block w-full\" alt=\"lyon entreprises rue pietonne\" caption=\"\" data-lazy-src=\"https:\/\/www.europesays.com\/fr\/wp-content\/uploads\/2025\/08\/1756492752_345_lyon-entreprises-rue-pietonne-1024x683.jpg\"\/><\/p>\n<p class=\"ez-toc-title ez-toc-toggle\" style=\"cursor: pointer\">Sommaire &amp; acc\u00e8s rapide<\/p>\n<p><a href=\"#\" class=\"ez-toc-pull-right ez-toc-btn ez-toc-btn-xs ez-toc-btn-default ez-toc-toggle\" aria-label=\"Toggle Table of Content\">Toggle<\/a><\/p>\n<p><strong>ONLYLYON Tourisme et Congr\u00e8s publie son bilan semestriel et met en avant la solidit\u00e9 de l\u2019offre lyonnaise. Avec un tourisme d\u2019affaires en plein red\u00e9marrage et une fr\u00e9quentation touristique globalement stable malgr\u00e9 un contexte instable, la capitale des Gaules maintient son rang parmi les grandes destinations europ\u00e9ennes.<\/strong><\/p>\n<p>Un bilan semestriel robuste malgr\u00e9 les d\u00e9fis<\/p>\n<p>De janvier \u00e0 juillet 2025, le taux d\u2019occupation h\u00f4telier s\u2019est \u00e9tabli \u00e0 pr\u00e8s de 70 %, en l\u00e9ger recul de 2,3 % par rapport \u00e0 l\u2019ann\u00e9e pr\u00e9c\u00e9dente. Les ventes de l\u2019Office de Tourisme affichent une baisse de 3 % du chiffre d\u2019affaires global, mais les r\u00e9sultats sont contrast\u00e9s selon les produits. Les visites guid\u00e9es pour individuels progressent de 7 %, et les activit\u00e9s touristiques de 18 %, principalement gr\u00e2ce \u00e0 la client\u00e8le \u00e9trang\u00e8re. En revanche, les Lyon City Cards reculent de 13 %.<\/p>\n<p>Une dynamique port\u00e9e par les professionnels du secteur<\/p>\n<p>La client\u00e8le professionnelle reste un levier majeur. Apr\u00e8s le salon Rendez-vous en France organis\u00e9 en avril, les r\u00e9servations de visites guid\u00e9es de groupe ont bondi de 35 %, avec une forte progression de la client\u00e8le allemande (+45 %). Le march\u00e9 international reste diversifi\u00e9, avec l\u2019Espagne, l\u2019Allemagne, les \u00c9tats-Unis, le Royaume-Uni et l\u2019Italie parmi les nationalit\u00e9s les plus repr\u00e9sent\u00e9es.<\/p>\n<p>Un red\u00e9marrage marqu\u00e9 du tourisme d\u2019affaires<\/p>\n<p>Lyon, deuxi\u00e8me destination fran\u00e7aise pour les congr\u00e8s, poursuit sa dynamique. Sur les sept premiers mois de l\u2019ann\u00e9e, le Bureau des Congr\u00e8s enregistre une hausse de 35 % des candidatures pour l\u2019accueil de congr\u00e8s et une progression de 85 % des Journ\u00e9es Congressistes Gagn\u00e9es, soit plus de 133 000 journ\u00e9es suppl\u00e9mentaires. L\u2019agenda est riche pour la fin d\u2019ann\u00e9e, avec les salons Patrimonia, SidO et Pollutec qui devrait r\u00e9unir plus de 50 000 participants. S\u2019ajoute l\u2019accueil du Congr\u00e8s national des Experts-Comptables, attendu avec plus de 5 000 participants \u00e0 Eurexpo.<\/p>\n<p>Le tourisme de loisirs consolide sa place<\/p>\n<p>Lyon confirme son statut de destination urbaine attractive, moins d\u00e9pendante de la saison estivale. La dur\u00e9e moyenne des s\u00e9jours atteint d\u00e9sormais 3,8 jours, port\u00e9e par l\u2019\u00e9largissement de l\u2019offre culturelle et \u00e9v\u00e9nementielle. Grands concerts, comp\u00e9titions de esport ou manifestations artistiques viennent enrichir l\u2019exp\u00e9rience des visiteurs. D\u00e8s septembre, la ville accueillera la Biennale de la Danse ainsi que deux tournois majeurs de esport, une premi\u00e8re en France.<\/p>\n<p>Un secteur mobilis\u00e9 pour s\u2019adapter<\/p>\n<p>Dans un contexte \u00e9conomique, g\u00e9opolitique et m\u00e9t\u00e9orologique incertain, les professionnels du tourisme lyonnais restent mobilis\u00e9s pour r\u00e9pondre aux nouvelles habitudes de voyage, comme les r\u00e9servations de derni\u00e8re minute. La compl\u00e9mentarit\u00e9 entre tourisme d\u2019affaires et tourisme de loisirs contribue \u00e0 la stabilit\u00e9 et \u00e0 la r\u00e9silience de la destination.<\/p>\n","protected":false},"excerpt":{"rendered":"Sommaire &amp; acc\u00e8s rapide Toggle ONLYLYON Tourisme et Congr\u00e8s publie son bilan semestriel et met en avant la&hellip;\n","protected":false},"author":2,"featured_media":296305,"comment_status":"","ping_status":"","sticky":false,"template":"","format":"standard","meta":{"footnotes":""},"categories":[1889],"tags":[1111,11,2430,1777,674,1011,27,2428,12,25],"class_list":{"0":"post-368523","1":"post","2":"type-post","3":"status-publish","4":"format-standard","5":"has-post-thumbnail","7":"category-lyon","8":"tag-actu","9":"tag-actualites","10":"tag-auvergne-rhone-alpes","11":"tag-eu","12":"tag-europe","13":"tag-fr","14":"tag-france","15":"tag-lyon","16":"tag-news","17":"tag-republique-francaise"},"share_on_mastodon":{"url":"https:\/\/pubeurope.com\/@fr\/115152527347363794","error":""},"_links":{"self":[{"href":"https:\/\/www.europesays.com\/fr\/wp-json\/wp\/v2\/posts\/368523","targetHints":{"allow":["GET"]}}],"collection":[{"href":"https:\/\/www.europesays.com\/fr\/wp-json\/wp\/v2\/posts"}],"about":[{"href":"https:\/\/www.europesays.com\/fr\/wp-json\/wp\/v2\/types\/post"}],"author":[{"embeddable":true,"href":"https:\/\/www.europesays.com\/fr\/wp-json\/wp\/v2\/users\/2"}],"replies":[{"embeddable":true,"href":"https:\/\/www.europesays.com\/fr\/wp-json\/wp\/v2\/comments?post=368523"}],"version-history":[{"count":0,"href":"https:\/\/www.europesays.com\/fr\/wp-json\/wp\/v2\/posts\/368523\/revisions"}],"wp:featuredmedia":[{"embeddable":true,"href":"https:\/\/www.europesays.com\/fr\/wp-json\/wp\/v2\/media\/296305"}],"wp:attachment":[{"href":"https:\/\/www.europesays.com\/fr\/wp-json\/wp\/v2\/media?parent=368523"}],"wp:term":[{"taxonomy":"category","embeddable":true,"href":"https:\/\/www.europesays.com\/fr\/wp-json\/wp\/v2\/categories?post=368523"},{"taxonomy":"post_tag","embeddable":true,"href":"https:\/\/www.europesays.com\/fr\/wp-json\/wp\/v2\/tags?post=368523"}],"curies":[{"name":"wp","href":"https:\/\/api.w.org\/{rel}","templated":true}]}}