{"id":368524,"date":"2025-09-05T16:01:12","date_gmt":"2025-09-05T16:01:12","guid":{"rendered":"https:\/\/www.europesays.com\/fr\/368524\/"},"modified":"2025-09-05T16:01:12","modified_gmt":"2025-09-05T16:01:12","slug":"les-transports-en-commun-tres-perturbes-a-lyon-le-8-septembre-700-agents-du-reseau-tcl-en-greve","status":"publish","type":"post","link":"https:\/\/www.europesays.com\/fr\/368524\/","title":{"rendered":"Les transports en commun tr\u00e8s perturb\u00e9s \u00e0 Lyon le 8 septembre, 700 agents du r\u00e9seau TCL en gr\u00e8ve"},"content":{"rendered":"<p>De nombreux agents du r\u00e9seau de transports en commun TCL feront gr\u00e8ve ce lundi 8 septembre \u00e0 Lyon pour contester contre une revalorisation des salaires jug\u00e9e trop faible. Pour l&rsquo;heure, quelque 700 salari\u00e9s sont annonc\u00e9s gr\u00e9vistes.<\/p>\n<p>Les usagers du r\u00e9seau de transports TCL (Transports en commun lyonnais) de la m\u00e9tropole de Lyon vont devoir pendre leur mal en patience ce lundi 8 septembre. Comme annonc\u00e9 sur <a href=\"https:\/\/www.bfmtv.com\/lyon\/info-bfm-lyon-un-mouvement-de-greve-annonce-sur-le-reseau-tcl-le-8-septembre_AV-202508260308.html\" title=\"INFO BFM LYON. Un mouvement de gr\u00e8ve annonc\u00e9 sur le r\u00e9seau TCL le 8 septembre\" class=\"internal_link\" rel=\"nofollow noopener\" target=\"_blank\">le plateau de BFM Lyon<\/a> le mardi 26 ao\u00fbt dernier par Ludovic Rioux, secr\u00e9taire \u00e0 la vie syndicale UD CGT 69, un pr\u00e9avis de gr\u00e8ve a \u00e9t\u00e9 d\u00e9pos\u00e9 par de nombreux syndicats, \u00e0 savoir la CGT, la CFDT, Unsa et FO.<\/p>\n<p>L&rsquo;intersyndicale demande une <a href=\"https:\/\/www.bfmtv.com\/politique\/parti-communiste-francais\/hausse-des-salaires-et-des-pensions-nationalisation-de-banques-le-pcf-veut-un-grand-plan-d-investissements_AD-202508230283.html\" title=\"Hausse des salaires et des pensions, nationalisation de banques: le PCF veut un grand plan d&#039;investissements\" class=\"internal_link\" rel=\"nofollow noopener\" target=\"_blank\">revalorisation des salaires<\/a> de l&rsquo;ordre de 7%. Pour l&rsquo;heure, lors des n\u00e9gociations annuelles obligatoires (NAO), les salari\u00e9s n&rsquo;ont obtenu qu&rsquo;une augmentation de 1%. Un chiffre bien inf\u00e9rieur \u00e0 leurs attentes.<\/p>\n<p>Les syndicats esp\u00e8rent atteindre les 1.000 gr\u00e9vistes<\/p>\n<p>Selon les informations de <a href=\"https:\/\/www.bfmtv.com\/lyon\/replay-emissions\/bonsoir-lyon\/video-lyon-la-galere-pour-s-abonner-aux-tcl_VN-202509030844.html\" title=\"Lyon : la gal\u00e8re pour s&#039;abonner aux TCL\" class=\"internal_link\" rel=\"nofollow noopener\" target=\"_blank\">BFM Lyon<\/a>, 700 agents TCL sont annonc\u00e9s gr\u00e9vistes, dont 200 concernent le m\u00e9tro et le tramway. Du c\u00f4t\u00e9 des bus, 60% des salari\u00e9s environ ont annonc\u00e9 faire gr\u00e8ve.<\/p>\n<p>Les syndicats esp\u00e8rent atteindre la barre des 1.000 gr\u00e9vistes, sur les 2.000 salari\u00e9s que comptent le r\u00e9seau, d&rsquo;ici lundi. Tous se retrouveront ce lundi 8 septembre d\u00e8s 9h du matin sur le boulevard Vivier-Merle \u00e0 Lyon.<\/p>\n<p><img decoding=\"async\" src=\"https:\/\/www.europesays.com\/fr\/wp-content\/uploads\/2025\/09\/principale-187_1.jpg\"  alt=\"Lyon Politiques du jeudi 4 septembre \u2013 Accord trouv\u00e9 entre LR et Jean-Michel Aulas\" title=\"Lyon Politiques du jeudi 4 septembre \u2013 Accord trouv\u00e9 entre LR et Jean-Michel Aulas\"\/>Lyon Politiques du jeudi 4 septembre \u2013 Accord trouv\u00e9 entre LR et Jean-Michel Aulas<\/p>\n<p>\u00c0 noter que seules les zones 1 et 2 du r\u00e9seau de <a href=\"https:\/\/www.bfmtv.com\/lyon\/lyon-un-appel-a-la-greve-lundi-prochain-sur-le-reseau-de-bus-tcl_AN-202506170619.html\" title=\"Lyon: un appel \u00e0 la gr\u00e8ve lundi prochain sur le r\u00e9seau de bus TCL\" class=\"internal_link\" rel=\"nofollow noopener\" target=\"_blank\">transports en commun lyonnais<\/a> seront impact\u00e9es par ce mouvement de gr\u00e8ve, comme annonc\u00e9 par TCL. Les pr\u00e9visions de circulation, elles, seront connues ce samedi 6 septembre.<\/p>\n<p>Cl\u00e9mence Dubois-Texereau avec V\u00e9ran Escoffier<\/p>\n","protected":false},"excerpt":{"rendered":"De nombreux agents du r\u00e9seau de transports en commun TCL feront gr\u00e8ve ce lundi 8 septembre \u00e0 Lyon&hellip;\n","protected":false},"author":2,"featured_media":27822,"comment_status":"","ping_status":"","sticky":false,"template":"","format":"standard","meta":{"footnotes":""},"categories":[1889],"tags":[1111,11,2430,1777,674,1011,27,2428,12,25],"class_list":{"0":"post-368524","1":"post","2":"type-post","3":"status-publish","4":"format-standard","5":"has-post-thumbnail","7":"category-lyon","8":"tag-actu","9":"tag-actualites","10":"tag-auvergne-rhone-alpes","11":"tag-eu","12":"tag-europe","13":"tag-fr","14":"tag-france","15":"tag-lyon","16":"tag-news","17":"tag-republique-francaise"},"share_on_mastodon":{"url":"https:\/\/pubeurope.com\/@fr\/115152531902900445","error":""},"_links":{"self":[{"href":"https:\/\/www.europesays.com\/fr\/wp-json\/wp\/v2\/posts\/368524","targetHints":{"allow":["GET"]}}],"collection":[{"href":"https:\/\/www.europesays.com\/fr\/wp-json\/wp\/v2\/posts"}],"about":[{"href":"https:\/\/www.europesays.com\/fr\/wp-json\/wp\/v2\/types\/post"}],"author":[{"embeddable":true,"href":"https:\/\/www.europesays.com\/fr\/wp-json\/wp\/v2\/users\/2"}],"replies":[{"embeddable":true,"href":"https:\/\/www.europesays.com\/fr\/wp-json\/wp\/v2\/comments?post=368524"}],"version-history":[{"count":0,"href":"https:\/\/www.europesays.com\/fr\/wp-json\/wp\/v2\/posts\/368524\/revisions"}],"wp:featuredmedia":[{"embeddable":true,"href":"https:\/\/www.europesays.com\/fr\/wp-json\/wp\/v2\/media\/27822"}],"wp:attachment":[{"href":"https:\/\/www.europesays.com\/fr\/wp-json\/wp\/v2\/media?parent=368524"}],"wp:term":[{"taxonomy":"category","embeddable":true,"href":"https:\/\/www.europesays.com\/fr\/wp-json\/wp\/v2\/categories?post=368524"},{"taxonomy":"post_tag","embeddable":true,"href":"https:\/\/www.europesays.com\/fr\/wp-json\/wp\/v2\/tags?post=368524"}],"curies":[{"name":"wp","href":"https:\/\/api.w.org\/{rel}","templated":true}]}}