{"id":368525,"date":"2025-09-05T16:03:12","date_gmt":"2025-09-05T16:03:12","guid":{"rendered":"https:\/\/www.europesays.com\/fr\/368525\/"},"modified":"2025-09-05T16:03:12","modified_gmt":"2025-09-05T16:03:12","slug":"a-quoi-sattendre-a-paris-et-en-ile-de-france","status":"publish","type":"post","link":"https:\/\/www.europesays.com\/fr\/368525\/","title":{"rendered":"\u00e0 quoi s\u2019attendre \u00e0 Paris et en \u00cele-de-France"},"content":{"rendered":"<p>            Par<br \/>\n        <strong><br \/>\n            <a href=\"https:\/\/actu.fr\/auteur\/redaction-paris\" title=\"Consulter tous les articles de R\u00e9daction Paris\" target=\"_blank\" rel=\"noopener\">R\u00e9daction Paris<\/a><br \/>\n        <\/strong><\/p>\n<p>        Publi\u00e9 le<\/p>\n<p>            5 sept. 2025 \u00e0 17h59        <\/p>\n<p>Apr\u00e8s une semaine de <a href=\"https:\/\/actu.fr\/ile-de-france\/paris_75056\/des-orages-et-phenomenes-violents-approchent-meteo-france-place-paris-et-l-ile-de-france-en-vigilance_63109935.html\" target=\"_blank\" rel=\"noopener\">temps orageux et de pluie<\/a>, les \u00e9coliers de Paris et d\u2019\u00cele-de-France vont pouvoir profiter de quelques <strong>rayons de soleil<\/strong> pour leur premier week-end apr\u00e8s la <a href=\"https:\/\/actu.fr\/tag\/rentree-scolaire\" target=\"_blank\" rel=\"noopener\">rentr\u00e9e scolaire<\/a>.<\/p>\n<p>Jusqu\u2019\u00e0 28\u00b0C dimanche<\/p>\n<p class=\" wall-content\">Ce vendredi 5 septembre 2025 le <strong>soleil<\/strong> a baign\u00e9 l\u2019\u00cele-de-France de ses doux rayons, de quoi redonner du baume au c\u0153ur apr\u00e8s plusieurs jours de grisaille.<\/p>\n<p class=\" wall-content\"><a href=\"https:\/\/actu.fr\/tag\/meteo-france\" target=\"_blank\" rel=\"noopener\">M\u00e9t\u00e9o France<\/a> annonce, pour la matin\u00e9e de samedi 6 septembre 2025, des \u00ab\u202fpassages nuageux de haute altitude\u202f\u00bb. Des nuages qui finiront par se lever dans l\u2019apr\u00e8s-midi. C\u00f4t\u00e9 temp\u00e9rature, il fera entre <strong>13\u202f\u00b0C<\/strong> et <strong>23\u202f\u00b0C<\/strong>. Le vent pourrait se lever et souffler en rafales atteignant 40 km\/h.<\/p>\n<p class=\" wall-content\">Le lendemain, dimanche 7 septembre 2025, l\u2019institut de m\u00e9t\u00e9orologie pr\u00e9voit un temps \u00ab\u202fg\u00e9n\u00e9ralement ensoleill\u00e9\u202f\u00bb, qui ne durera malheureusement pas. Une \u00ab\u202fd\u00e9gradation nuageuse est attendue en d\u00e9but d\u2019apr\u00e8s-midi\u202f\u00bb. Les thermom\u00e8tres oscilleront entre <strong>15\u202f\u00b0C<\/strong> et <strong>28\u202f\u00b0C<\/strong>. Un temps doux dont il faudra profiter : lundi 8 septembre 2025, il fera au maximum <strong>22\u202f\u00b0C<\/strong> et le soleil peinera \u00e0 se frayer un chemin au milieu des nuages.<\/p>\n<p class=\" wall-content\">Personnalisez votre actualit\u00e9 en ajoutant vos villes et m\u00e9dias en favori avec <a href=\"https:\/\/moncompte.actu.fr\" title=\"D\u00e9couvez Mon Actu\" rel=\"nofollow noopener\" data-trk=\"{&quot;cta&quot;:{&quot;action&quot;:&quot;https:\\\/\\\/moncompte.actu.fr&quot;,&quot;category&quot;:&quot;mon compte&quot;,&quot;from&quot;:&quot;article footer&quot;,&quot;name&quot;:&quot;Mon actu&quot;,&quot;type&quot;:&quot;cta&quot;}}\" target=\"_blank\">Mon Actu<\/a>.<\/p>\n","protected":false},"excerpt":{"rendered":"Par R\u00e9daction Paris Publi\u00e9 le 5 sept. 2025 \u00e0 17h59 Apr\u00e8s une semaine de temps orageux et de&hellip;\n","protected":false},"author":2,"featured_media":237484,"comment_status":"","ping_status":"","sticky":false,"template":"","format":"standard","meta":{"footnotes":""},"categories":[1592],"tags":[1111,11,1777,674,1011,27,662,2487,2357,12,626,25],"class_list":{"0":"post-368525","1":"post","2":"type-post","3":"status-publish","4":"format-standard","5":"has-post-thumbnail","7":"category-ile-de-france","8":"tag-actu","9":"tag-actualites","10":"tag-eu","11":"tag-europe","12":"tag-fr","13":"tag-france","14":"tag-ile-de-france","15":"tag-meteo","16":"tag-meteo-france","17":"tag-news","18":"tag-paris","19":"tag-republique-francaise"},"share_on_mastodon":{"url":"","error":""},"_links":{"self":[{"href":"https:\/\/www.europesays.com\/fr\/wp-json\/wp\/v2\/posts\/368525","targetHints":{"allow":["GET"]}}],"collection":[{"href":"https:\/\/www.europesays.com\/fr\/wp-json\/wp\/v2\/posts"}],"about":[{"href":"https:\/\/www.europesays.com\/fr\/wp-json\/wp\/v2\/types\/post"}],"author":[{"embeddable":true,"href":"https:\/\/www.europesays.com\/fr\/wp-json\/wp\/v2\/users\/2"}],"replies":[{"embeddable":true,"href":"https:\/\/www.europesays.com\/fr\/wp-json\/wp\/v2\/comments?post=368525"}],"version-history":[{"count":0,"href":"https:\/\/www.europesays.com\/fr\/wp-json\/wp\/v2\/posts\/368525\/revisions"}],"wp:featuredmedia":[{"embeddable":true,"href":"https:\/\/www.europesays.com\/fr\/wp-json\/wp\/v2\/media\/237484"}],"wp:attachment":[{"href":"https:\/\/www.europesays.com\/fr\/wp-json\/wp\/v2\/media?parent=368525"}],"wp:term":[{"taxonomy":"category","embeddable":true,"href":"https:\/\/www.europesays.com\/fr\/wp-json\/wp\/v2\/categories?post=368525"},{"taxonomy":"post_tag","embeddable":true,"href":"https:\/\/www.europesays.com\/fr\/wp-json\/wp\/v2\/tags?post=368525"}],"curies":[{"name":"wp","href":"https:\/\/api.w.org\/{rel}","templated":true}]}}