{"id":368528,"date":"2025-09-05T16:05:11","date_gmt":"2025-09-05T16:05:11","guid":{"rendered":"https:\/\/www.europesays.com\/fr\/368528\/"},"modified":"2025-09-05T16:05:11","modified_gmt":"2025-09-05T16:05:11","slug":"la-mairie-veut-ajouter-72-noms-de-femmes-savantes-sur-la-tour-eiffel-aux-cotes-des-hommes","status":"publish","type":"post","link":"https:\/\/www.europesays.com\/fr\/368528\/","title":{"rendered":"La mairie veut ajouter 72 noms de femmes savantes sur la tour Eiffel, aux c\u00f4t\u00e9s des hommes"},"content":{"rendered":"<p class=\"mb-4 text-lg md:leading-8 break-words\"><strong>Parit\u00e9 &#8211; La Mairie de Paris souhaite ajouter une frise de 72 noms de femmes scientifiques sur la tour Eiffel pour compl\u00e9ter les 72 noms de savants masculins que Gustave Eiffel avait fait inscrire il y a plus de 130 ans<\/strong><\/p>\n<p class=\"mb-4 text-lg md:leading-8 break-words\">Une stricte parit\u00e9. La Mairie de Paris souhaite parer la <a href=\"https:\/\/www.20minutes.fr\/dossier\/tour_eiffel?at_medium=RSS%20feed&amp;at_campaign=ynews&amp;utm_source=yahoo&amp;utm_medium=rss&amp;utm_campaign=news_feed&amp;utm_content=in_article_link\" rel=\"nofollow noopener\" target=\"_blank\" data-ylk=\"slk:tour Eiffel;elm:context_link;itc:0;sec:content-canvas\" class=\"link \">tour Eiffel<\/a> d\u2019une frise de 72 noms de femmes scientifiques, aux c\u00f4t\u00e9s des 72 noms de savants, uniquement masculins, que Gustave Eiffel avait fait inscrire sur la Dame de fer il y a plus de 130 ans. \u00ab\u00a0L\u2019ambition est de rendre visible la contribution historique des femmes aux sciences et technologies\u00a0\u00bb sur le monument embl\u00e9matique de la capitale, explique la commission d\u2019experts charg\u00e9e de d\u00e9finir une feuille de route pour ce projet.<\/p>\n<p class=\"mb-4 text-lg md:leading-8 break-words\">Elle a rendu ce vendredi ses conclusions \u00e0 la maire socialiste <a href=\"https:\/\/www.20minutes.fr\/dossier\/anne_hidalgo?at_medium=RSS%20feed&amp;at_campaign=ynews&amp;utm_source=yahoo&amp;utm_medium=rss&amp;utm_campaign=news_feed&amp;utm_content=in_article_link\" rel=\"nofollow noopener\" target=\"_blank\" data-ylk=\"slk:Anne Hidalgo;elm:context_link;itc:0;sec:content-canvas\" class=\"link \">Anne Hidalgo<\/a>. La tour Eiffel est la propri\u00e9t\u00e9 de la Ville de Paris. Cet hommage a pour but de rem\u00e9dier \u00e0 \u00ab\u00a0l\u2019effet Matilda\u00a0\u00bb, \u00e0 savoir la minimisation syst\u00e9matique de l\u2019apport des femmes \u00e0 la recherche scientifique.<\/p>\n<p>Une liste propos\u00e9e d\u2019ici la fin\u00a02025<\/p>\n<p class=\"mb-4 text-lg md:leading-8 break-words\">Lors de l\u2019\u00e9dification du monument en\u00a01889, l\u2019ing\u00e9nieur Gustave Eiffel avait fait inscrire, sur la grande frise du premier \u00e9tage, le nom de 72 des plus grands savants fran\u00e7ais ayant marqu\u00e9 l\u2019histoire depuis la R\u00e9volution. Ces noms, alors peints en lettres d\u2019or de 60 centim\u00e8tres de haut, ont disparu pendant plusieurs d\u00e9cennies, pour \u00eatre \u00e0 nouveau inscrits en relief en\u00a01989.<\/p>\n<p class=\"mb-4 text-lg md:leading-8 break-words\">Parmi eux\u00a0: les chimistes Lavoisier et Chaptal, l\u2019industriel Schneider, les astronomes Arago et Laplace, le physicien Amp\u00e8re, le naturaliste Cuvier, l\u2019inventeur de la photographie Daguerre\u2026 et aucun nom f\u00e9minin. A l\u2019\u00e9poque, les travaux de femmes scientifiques, comme ceux de la math\u00e9maticienne Sophie Germain, \u00e9ta(&#8230;)<\/p>\n<p class=\"mb-4 text-lg md:leading-8 break-words\"><a href=\"https:\/\/www.20minutes.fr\/societe\/4171497-20250905-paris-mairie-veut-rajouter-72-noms-femmes-savantes-tour-eiffel-cotes-hommes?at_medium=RSS%20feed&amp;at_campaign=ynews&amp;utm_source=yahoo&amp;utm_medium=rss&amp;utm_campaign=news_feed&amp;utm_content=read_more_link&quot;\" rel=\"nofollow noopener\" target=\"_blank\" data-ylk=\"slk:Lire la suite sur 20minutes;elm:context_link;itc:0;sec:content-canvas\" class=\"link \">Lire la suite sur 20minutes<\/a><\/p>\n<p>\u00c0 lire aussi :<br \/><a href=\"https:\/\/www.20minutes.fr\/faits_divers\/4163015-20250710-paris-deux-hommes-garde-vue-avoir-saute-parachute-haut-tour-eiffel?at_medium=RSS%20feed&amp;at_campaign=ynews&amp;utm_source=yahoo&amp;utm_medium=rss&amp;utm_campaign=news_feed&amp;utm_content=related_content_link\" rel=\"nofollow noopener\" target=\"_blank\" data-ylk=\"slk:Paris\u00a0: Deux hommes en garde \u00e0 vue pour avoir saut\u00e9 en parachute du haut de la tour Eiffel;elm:context_link;itc:0;sec:content-canvas\" class=\"link \">Paris\u00a0: Deux hommes en garde \u00e0 vue pour avoir saut\u00e9 en parachute du haut de la tour Eiffel<\/a><br \/><a href=\"https:\/\/www.20minutes.fr\/societe\/4161293-20250701-paris-oui-oui-tour-eiffel-bouge-sous-effet-chaleur?at_medium=RSS%20feed&amp;at_campaign=ynews&amp;utm_source=yahoo&amp;utm_medium=rss&amp;utm_campaign=news_feed&amp;utm_content=related_content_link\" rel=\"nofollow noopener\" target=\"_blank\" data-ylk=\"slk:Paris\u00a0: Oui oui, la tour Eiffel bouge sous l\u2019effet de la chaleur;elm:context_link;itc:0;sec:content-canvas\" class=\"link \">Paris\u00a0: Oui oui, la tour Eiffel bouge sous l\u2019effet de la chaleur<\/a><\/p>\n","protected":false},"excerpt":{"rendered":"Parit\u00e9 &#8211; La Mairie de Paris souhaite ajouter une frise de 72 noms de femmes scientifiques sur la&hellip;\n","protected":false},"author":2,"featured_media":368529,"comment_status":"","ping_status":"","sticky":false,"template":"","format":"standard","meta":{"footnotes":""},"categories":[1888],"tags":[1111,1928,11,1927,1777,674,50304,1011,27,48570,30635,2381,12,1926,16653,626,1925,25],"class_list":{"0":"post-368528","1":"post","2":"type-post","3":"status-publish","4":"format-standard","5":"has-post-thumbnail","7":"category-paris","8":"tag-actu","9":"tag-actu-paris","10":"tag-actualites","11":"tag-actualites-paris","12":"tag-eu","13":"tag-europe","14":"tag-femmes-scientifiques","15":"tag-fr","16":"tag-france","17":"tag-gustave-eiffel","18":"tag-la-tour-eiffel","19":"tag-mairie-de-paris","20":"tag-news","21":"tag-news-paris","22":"tag-noms","23":"tag-paris","24":"tag-paris-news","25":"tag-republique-francaise"},"share_on_mastodon":{"url":"https:\/\/pubeurope.com\/@fr\/115152547038225921","error":""},"_links":{"self":[{"href":"https:\/\/www.europesays.com\/fr\/wp-json\/wp\/v2\/posts\/368528","targetHints":{"allow":["GET"]}}],"collection":[{"href":"https:\/\/www.europesays.com\/fr\/wp-json\/wp\/v2\/posts"}],"about":[{"href":"https:\/\/www.europesays.com\/fr\/wp-json\/wp\/v2\/types\/post"}],"author":[{"embeddable":true,"href":"https:\/\/www.europesays.com\/fr\/wp-json\/wp\/v2\/users\/2"}],"replies":[{"embeddable":true,"href":"https:\/\/www.europesays.com\/fr\/wp-json\/wp\/v2\/comments?post=368528"}],"version-history":[{"count":0,"href":"https:\/\/www.europesays.com\/fr\/wp-json\/wp\/v2\/posts\/368528\/revisions"}],"wp:featuredmedia":[{"embeddable":true,"href":"https:\/\/www.europesays.com\/fr\/wp-json\/wp\/v2\/media\/368529"}],"wp:attachment":[{"href":"https:\/\/www.europesays.com\/fr\/wp-json\/wp\/v2\/media?parent=368528"}],"wp:term":[{"taxonomy":"category","embeddable":true,"href":"https:\/\/www.europesays.com\/fr\/wp-json\/wp\/v2\/categories?post=368528"},{"taxonomy":"post_tag","embeddable":true,"href":"https:\/\/www.europesays.com\/fr\/wp-json\/wp\/v2\/tags?post=368528"}],"curies":[{"name":"wp","href":"https:\/\/api.w.org\/{rel}","templated":true}]}}