{"id":368537,"date":"2025-09-05T16:10:14","date_gmt":"2025-09-05T16:10:14","guid":{"rendered":"https:\/\/www.europesays.com\/fr\/368537\/"},"modified":"2025-09-05T16:10:14","modified_gmt":"2025-09-05T16:10:14","slug":"les-etats-unis-envoient-des-avions-de-combat-dans-les-caraibes","status":"publish","type":"post","link":"https:\/\/www.europesays.com\/fr\/368537\/","title":{"rendered":"Les Etats-Unis envoient des avions de combat dans les Cara\u00efbes"},"content":{"rendered":"<p>Les tensions s\u2019accroissent. <a href=\"https:\/\/www.20minutes.fr\/dossier\/washington\" class=\"c-link c-link--is-underlined\" target=\"_blank\" rel=\"noopener\">Washington <\/a>envoie dix avions de combat F-35 \u00e0 Porto Rico, territoire rattach\u00e9 aux <a href=\"https:\/\/www.20minutes.fr\/monde\/etats-unis\/\" class=\"c-link c-link--is-underlined\" target=\"_blank\" rel=\"noopener\">Etats-Unis,<\/a> pour lutter contre les cartels de la drogue dans <a href=\"https:\/\/www.20minutes.fr\/monde\/caraibes\/\" class=\"c-link c-link--is-underlined\" target=\"_blank\" rel=\"noopener\">les Cara\u00efbes<\/a>, a-t-on aupr\u00e8s de sources proches du dossier.<\/p>\n<\/p>\n<p>Cette d\u00e9cision intervient dans un contexte de tensions croissantes entre le Venezuela et Washington, li\u00e9es notamment au d\u00e9ploiement de b\u00e2timents militaires am\u00e9ricains dans les Cara\u00efbes et alors que le Pentagone a d\u00e9nonc\u00e9 jeudi le survol d\u2019un de ses navires de guerre par des avions militaires v\u00e9n\u00e9zu\u00e9liens dans les eaux internationales.<\/p>\n","protected":false},"excerpt":{"rendered":"Les tensions s\u2019accroissent. Washington envoie dix avions de combat F-35 \u00e0 Porto Rico, territoire rattach\u00e9 aux Etats-Unis, pour&hellip;\n","protected":false},"author":2,"featured_media":368538,"comment_status":"","ping_status":"","sticky":false,"template":"","format":"standard","meta":{"footnotes":""},"categories":[1589],"tags":[47,11,47979,73,1866,74,12,1068,1864,1865,1863,308,337,2744],"class_list":{"0":"post-368537","1":"post","2":"type-post","3":"status-publish","4":"format-standard","5":"has-post-thumbnail","7":"category-etats-unis","8":"tag-actualite","9":"tag-actualites","10":"tag-caraibes","11":"tag-etats-unis","12":"tag-etats-unis-damerique","13":"tag-monde","14":"tag-news","15":"tag-pentagone","16":"tag-united-states","17":"tag-united-states-of-america","18":"tag-us","19":"tag-usa","20":"tag-venezuela","21":"tag-washington"},"share_on_mastodon":{"url":"https:\/\/pubeurope.com\/@fr\/115152566620702525","error":""},"_links":{"self":[{"href":"https:\/\/www.europesays.com\/fr\/wp-json\/wp\/v2\/posts\/368537","targetHints":{"allow":["GET"]}}],"collection":[{"href":"https:\/\/www.europesays.com\/fr\/wp-json\/wp\/v2\/posts"}],"about":[{"href":"https:\/\/www.europesays.com\/fr\/wp-json\/wp\/v2\/types\/post"}],"author":[{"embeddable":true,"href":"https:\/\/www.europesays.com\/fr\/wp-json\/wp\/v2\/users\/2"}],"replies":[{"embeddable":true,"href":"https:\/\/www.europesays.com\/fr\/wp-json\/wp\/v2\/comments?post=368537"}],"version-history":[{"count":0,"href":"https:\/\/www.europesays.com\/fr\/wp-json\/wp\/v2\/posts\/368537\/revisions"}],"wp:featuredmedia":[{"embeddable":true,"href":"https:\/\/www.europesays.com\/fr\/wp-json\/wp\/v2\/media\/368538"}],"wp:attachment":[{"href":"https:\/\/www.europesays.com\/fr\/wp-json\/wp\/v2\/media?parent=368537"}],"wp:term":[{"taxonomy":"category","embeddable":true,"href":"https:\/\/www.europesays.com\/fr\/wp-json\/wp\/v2\/categories?post=368537"},{"taxonomy":"post_tag","embeddable":true,"href":"https:\/\/www.europesays.com\/fr\/wp-json\/wp\/v2\/tags?post=368537"}],"curies":[{"name":"wp","href":"https:\/\/api.w.org\/{rel}","templated":true}]}}