{"id":368539,"date":"2025-09-05T16:11:10","date_gmt":"2025-09-05T16:11:10","guid":{"rendered":"https:\/\/www.europesays.com\/fr\/368539\/"},"modified":"2025-09-05T16:11:10","modified_gmt":"2025-09-05T16:11:10","slug":"keir-starmer-remanie-son-gouvernement-apres-la-demission-de-sa-vice-premiere-ministre-angela-rayner","status":"publish","type":"post","link":"https:\/\/www.europesays.com\/fr\/368539\/","title":{"rendered":"Keir Starmer remanie son gouvernement apr\u00e8s la d\u00e9mission de sa vice-premi\u00e8re ministre Angela Rayner"},"content":{"rendered":"<p>Angela Rayner, qui \u00e9tait \u00e9galement ministre du Logement, a d\u00fb quitter le gouvernement et ses fonctions au sein du Parti travailliste apr\u00e8s avoir reconnu avoir sous-pay\u00e9 un imp\u00f4t lors de l\u2019achat de son logement. L\u2019actuel secr\u00e9taire d\u2019\u00c9tat aux Affaires \u00e9trang\u00e8res David Lammy devrait la remplacer.<\/p>\n<p class=\"fig-paragraph\">Le premier ministre britannique\u00a0<a href=\"http:\/\/www.lefigaro.fr\/international\/royaume-uni-keir-starmer-exprime-son-soutien-a-la-ministre-des-finances-apparue-en-larmes-au-parlement-20250703\" target=\"_blank\" data-fig-type=\"Article\" rel=\"noopener\" data-gtm-custom-categorie=\"navigation\" data-gtm-custom-action=\"crossclick\" data-gtm-custom-label=\"Contextuel\" data-gtm-event=\"customEventSPE\" data-fig-domain=\"LEFIGARO\">Keir Starmer<\/a>, en difficult\u00e9 sur de nombreux fronts, va remanier son gouvernement vendredi 5 septembre dans la foul\u00e9e de la\u00a0<a href=\"http:\/\/www.lefigaro.fr\/international\/royaume-uni-la-numero-deux-du-gouvernement-demissionne-apres-une-affaire-d-impot-sous-paye-20250905\" target=\"_blank\" data-fig-type=\"NewsFlash\" rel=\"noopener\" data-gtm-custom-categorie=\"navigation\" data-gtm-custom-action=\"crossclick\" data-gtm-custom-label=\"Contextuel\" data-gtm-event=\"customEventSPE\" data-fig-domain=\"LEFIGARO\">d\u00e9mission<\/a>\u00a0de sa num\u00e9ro deux, emport\u00e9e par une erreur fiscale. Les rumeurs d&rsquo;un remaniement se multipliaient ces derniers jours alors que le dirigeant travailliste, \u00e0 la peine et d\u00e9pass\u00e9 dans les sondages par le parti anti-immigration de\u00a0<a href=\"http:\/\/www.lefigaro.fr\/international\/au-royaume-uni-nigel-farage-promet-un-plan-pour-expulser-600-000-migrants-20250827\" target=\"_blank\" data-fig-type=\"Article\" rel=\"noopener\" data-gtm-custom-categorie=\"navigation\" data-gtm-custom-action=\"crossclick\" data-gtm-custom-label=\"Contextuel\" data-gtm-event=\"customEventSPE\" data-fig-domain=\"LEFIGARO\">Nigel Farage<\/a>\u00a0<a href=\"http:\/\/www.lefigaro.fr\/international\/grande-bretagne-le-coup-de-semonce-de-reform-uk-au-gouvernement-travailliste-20250504\" target=\"_blank\" data-fig-type=\"Article\" rel=\"noopener\" data-gtm-custom-categorie=\"navigation\" data-gtm-custom-action=\"crossclick\" data-gtm-custom-label=\"Contextuel\" data-gtm-event=\"customEventSPE\" data-fig-domain=\"LEFIGARO\">Reform UK<\/a>, tente de se relancer.<\/p>\n<p class=\"fig-paragraph\">Mais la d\u00e9mission d&rsquo;Angela Rayner, sa vice-premi\u00e8re ministre, ministre du logement et figure de l&rsquo;aile gauche du Parti travailliste, un v\u00e9ritable coup dur pour Keir Starmer, l&rsquo;a contraint \u00e0 acc\u00e9l\u00e9rer le tempo. Cette derni\u00e8re a d\u00fb quitter le gouvernement et ses fonctions au sein du Labour apr\u00e8s avoir reconnu avoir sous-pay\u00e9 un imp\u00f4t lors de l&rsquo;achat de son logement.<\/p>\n<p>                                    <a class=\"fig-a11y-skip a11y-hidden\" href=\"#fig-a11y-skip-main-inarticle\"><br \/>\n        Passer la publicit\u00e9<br \/>\n    <\/a><\/p>\n<p>David Lammy nouveau vice-premier ministre<\/p>\n<p class=\"fig-paragraph\">La cheffe de l\u2019opposition conservatrice\u00a0<a href=\"http:\/\/www.lefigaro.fr\/international\/au-royaume-uni-kemi-badenoch-elue-a-la-tete-du-parti-conservateur-marque-un-virage-a-droite-20241102\" target=\"_blank\" data-fig-type=\"NewsFlash\" rel=\"noopener\" data-gtm-custom-categorie=\"navigation\" data-gtm-custom-action=\"crossclick\" data-gtm-custom-label=\"Contextuel\" data-gtm-event=\"customEventSPE\" data-fig-domain=\"LEFIGARO\">Kemi Badenoch<\/a>\u00a0s\u2019est r\u00e9jouie sur X qu\u2019Angela Rayner soit \u00abenfin partie\u00bb, accusant le chef du gouvernement de \u00abfaiblesse\u00bb pour ne pas avoir agi d\u00e8s les premi\u00e8res r\u00e9v\u00e9lations. Nigel Farage a quant \u00e0 lui critiqu\u00e9 depuis la conf\u00e9rence annuelle de son parti \u00e0 Birmingham, un gouvernement \u00abqui malgr\u00e9 toutes ses promesses de mener une politique nouvelle et diff\u00e9rente, est aussi mauvais, voire pire, que celui qui l\u2019a pr\u00e9c\u00e9d\u00e9\u00bb.<\/p>\n<p class=\"fig-paragraph\">Dans la foul\u00e9e, plusieurs ministres &#8211; celui d\u00e9di\u00e9 \u00e0 l&rsquo;\u00c9cosse, Ian Murray, et celle en charge des relations avec la chambre des Communes, Lucy Powell, &#8211; ont annonc\u00e9 sur les r\u00e9seaux sociaux avoir \u00e9t\u00e9 \u00e9vinc\u00e9s du gouvernement. D&rsquo;autres d\u00e9parts se profilent, et selon les m\u00e9dias britanniques l&rsquo;actuel ministre des Affaires \u00e9trang\u00e8res\u00a0<a href=\"http:\/\/www.lefigaro.fr\/vox\/monde\/jean-noel-barrot-et-david-lammy-luttons-contre-la-poutinisation-du-monde-20241121\" target=\"_blank\" data-fig-type=\"Article\" rel=\"noopener\" data-gtm-custom-categorie=\"navigation\" data-gtm-custom-action=\"crossclick\" data-gtm-custom-label=\"Contextuel\" data-gtm-event=\"customEventSPE\" data-fig-domain=\"LEFIGARO\">David Lammy<\/a>\u00a0sera nomm\u00e9 vice-premier ministre et ministre de la Justice. L&rsquo;actuelle ministre de l&rsquo;Int\u00e9rieur, Yvette Cooper, devrait le remplacer au Foreign Office, tandis que Shabana Mahmood, actuelle ministre de la Justice, s&rsquo;installera au Home Office.<\/p>\n","protected":false},"excerpt":{"rendered":"Angela Rayner, qui \u00e9tait \u00e9galement ministre du Logement, a d\u00fb quitter le gouvernement et ses fonctions au sein&hellip;\n","protected":false},"author":2,"featured_media":368540,"comment_status":"","ping_status":"","sticky":false,"template":"","format":"standard","meta":{"footnotes":""},"categories":[1588],"tags":[11,1777,674,2581,16716,12,473,1853,1851,1850,1852],"class_list":{"0":"post-368539","1":"post","2":"type-post","3":"status-publish","4":"format-standard","5":"has-post-thumbnail","7":"category-royaume-uni","8":"tag-actualites","9":"tag-eu","10":"tag-europe","11":"tag-keir-starmer","12":"tag-labour","13":"tag-news","14":"tag-royaume-uni","15":"tag-royaume-uni-de-grande-bretagne-et-dirlande-du-nord","16":"tag-uk","17":"tag-united-kingdom","18":"tag-united-kingdom-of-great-britain-and-northern-ireland"},"share_on_mastodon":{"url":"https:\/\/pubeurope.com\/@fr\/115152570493736447","error":""},"_links":{"self":[{"href":"https:\/\/www.europesays.com\/fr\/wp-json\/wp\/v2\/posts\/368539","targetHints":{"allow":["GET"]}}],"collection":[{"href":"https:\/\/www.europesays.com\/fr\/wp-json\/wp\/v2\/posts"}],"about":[{"href":"https:\/\/www.europesays.com\/fr\/wp-json\/wp\/v2\/types\/post"}],"author":[{"embeddable":true,"href":"https:\/\/www.europesays.com\/fr\/wp-json\/wp\/v2\/users\/2"}],"replies":[{"embeddable":true,"href":"https:\/\/www.europesays.com\/fr\/wp-json\/wp\/v2\/comments?post=368539"}],"version-history":[{"count":0,"href":"https:\/\/www.europesays.com\/fr\/wp-json\/wp\/v2\/posts\/368539\/revisions"}],"wp:featuredmedia":[{"embeddable":true,"href":"https:\/\/www.europesays.com\/fr\/wp-json\/wp\/v2\/media\/368540"}],"wp:attachment":[{"href":"https:\/\/www.europesays.com\/fr\/wp-json\/wp\/v2\/media?parent=368539"}],"wp:term":[{"taxonomy":"category","embeddable":true,"href":"https:\/\/www.europesays.com\/fr\/wp-json\/wp\/v2\/categories?post=368539"},{"taxonomy":"post_tag","embeddable":true,"href":"https:\/\/www.europesays.com\/fr\/wp-json\/wp\/v2\/tags?post=368539"}],"curies":[{"name":"wp","href":"https:\/\/api.w.org\/{rel}","templated":true}]}}