{"id":368550,"date":"2025-09-05T16:17:17","date_gmt":"2025-09-05T16:17:17","guid":{"rendered":"https:\/\/www.europesays.com\/fr\/368550\/"},"modified":"2025-09-05T16:17:17","modified_gmt":"2025-09-05T16:17:17","slug":"white-lotus-la-serie-debarque-en-france-pour-sa-4e-saison-mais-le-lieu-de-tournage-reste-un-mystere","status":"publish","type":"post","link":"https:\/\/www.europesays.com\/fr\/368550\/","title":{"rendered":"\u00ab\u00a0White Lotus\u00a0\u00bb : la s\u00e9rie d\u00e9barque en France pour sa 4e saison mais le lieu de tournage reste un myst\u00e8re\u2026"},"content":{"rendered":"<p class=\"paragraph text_align_left lp-f-body-02\">Voil\u00e0 qui est une bonne surprise ! Mike White, le cr\u00e9ateur <a href=\"https:\/\/www.leparisien.fr\/culture-loisirs\/series\/the-white-lotus-sur-max-que-vaut-la-saison-3-qui-se-deroule-en-thailande-16-02-2025-TKD5TC4ARRHO7NFUVG7GKZ5YWY.php\" target=\"_blank\" rel=\"noreferrer nofollow noopener\">de \u00ab The White Lotus \u00bb,<\/a> et la cha\u00eene am\u00e9ricaine \u00e0 p\u00e9age HBO ont jet\u00e9 leur d\u00e9volu sur la France comme lieu de tournage de la quatri\u00e8me saison de la s\u00e9rie \u00e0 succ\u00e8s, qui prendra la forme d\u2019une com\u00e9die dramatique polici\u00e8re \u00e0 \u00e9nigme, <a href=\"https:\/\/deadline.com\/2025\/09\/the-white-lotus-season-4-location-france-hbo-1236507930\/\" target=\"_blank\" rel=\"noreferrer nofollow noopener\">selon les r\u00e9v\u00e9lations du site Deadline<\/a>.<\/p>\n<p class=\"paragraph text_align_left lp-f-body-02\">Pas d\u2019indices s\u00e9rieux sur le lieu de tournage mais des supputations. HBO a un partenariat marketing avec la cha\u00eene h\u00f4teli\u00e8re Four Seasons. Les sp\u00e9culations se sont concentr\u00e9es sur le c\u00e9l\u00e8bre Grand H\u00f4tel du Cap Ferrat, perch\u00e9 \u00e0 l\u2019extr\u00e9mit\u00e9 de la p\u00e9ninsule du Cap Ferrat sur la C\u00f4te d\u2019Azur, qui entretient d\u00e9j\u00e0 des liens \u00e9troits avec Hollywood en raison de sa proximit\u00e9 avec Cannes et son festival glamour.<\/p>\n<p class=\"paragraph text_align_left lp-f-body-02\">La s\u00e9rie a plut\u00f4t tendance \u00e0 utiliser plusieurs complexes h\u00f4teliers en une seule saison, comme ce fut le cas pour l\u2019incroyable saison 3 bas\u00e9e en Tha\u00eflande. Elle a utilis\u00e9 le Four Seasons Resort Koh Samui comme cadre principal, ainsi que trois autres h\u00f4tels qui ne faisaient pas partie de ce groupe.<\/p>\n<p class=\"paragraph text_align_left lp-f-body-02\">Les deux autres h\u00f4tels labellis\u00e9s Four Seasons en France sont le Meg\u00e8ve, dans les Alpes fran\u00e7aises, et l\u2019h\u00f4tel George V, situ\u00e9 au c\u0153ur de Paris.<\/p>\n<p class=\"paragraph text_align_left lp-f-body-02\">Dans l\u2019esprit, l\u2019\u00e9tablissement sur la C\u00f4te d\u2019Azur est le plus proche des lieux des trois premi\u00e8res saisons de la s\u00e9rie multiprim\u00e9e qui se sont d\u00e9roul\u00e9es dans des complexes h\u00f4teliers de luxe au bord de la plage \u00e0 Hawa\u00ef (S1), en Italie (S2) et en Tha\u00eflande (S3).<\/p>\n<p>\u00ab Il y a toujours plus de place pour plus de meurtres dans les h\u00f4tels White Lotus \u00bb.<\/p>\n<p class=\"paragraph text_align_left lp-f-body-02\">\u00ab Pour la quatri\u00e8me saison, je veux sortir un peu du vernaculaire des vagues qui s\u2019\u00e9crasent sur les rochers, mais il y a toujours plus de place pour plus de meurtres dans les h\u00f4tels White Lotus \u00bb, avait d\u00e9clar\u00e9 Mike White \u00e0 la fin de la saison 3. Ce dernier d\u00e9testant la neige un tournage \u00e0 Paris serait envisageable.<\/p>\n<p class=\"paragraph text_align_left lp-f-body-02\">Tourner dans la capitale, ce serait \u00e9galement un changement radical, amenant \u00ab The White Lotus \u00bb dans un environnement urbain bien que tr\u00e8s pittoresque et romantique.<\/p>\n<p class=\"paragraph text_align_left lp-f-body-02\">Deadline avait d\u00e9j\u00e0 rapport\u00e9 en f\u00e9vrier que la s\u00e9rie acclam\u00e9e, dont la troisi\u00e8me saison a re\u00e7u 23 nominations aux Emmy Awards, allait \u00ab probablement \u00bb revenir en Europe pour la saison 4.<\/p>\n<p class=\"title-embed-dailymotion lp-color-text lp-f-subtitle-04\">Vid\u00e9oTha\u00eflande : ils pensaient revivre The White Lotus mais subissent les inondations<\/p>\n<p class=\"paragraph text_align_left lp-f-body-02\">White et les dirigeants de HBO devaient initialement rep\u00e9rer les lieux au d\u00e9but du printemps ; le voyage de rep\u00e9rage a ensuite \u00e9t\u00e9 repouss\u00e9 \u00e0 l\u2019\u00e9t\u00e9, car le show runner avait besoin d\u2019un peu de r\u00e9pit apr\u00e8s la saison 3\u2026<\/p>\n","protected":false},"excerpt":{"rendered":"Voil\u00e0 qui est une bonne surprise ! Mike White, le cr\u00e9ateur de \u00ab The White Lotus \u00bb, et&hellip;\n","protected":false},"author":2,"featured_media":368551,"comment_status":"","ping_status":"","sticky":false,"template":"","format":"standard","meta":{"footnotes":""},"categories":[4],"tags":[11,872,1011,27,12,25,1314],"class_list":{"0":"post-368550","1":"post","2":"type-post","3":"status-publish","4":"format-standard","5":"has-post-thumbnail","7":"category-france","8":"tag-actualites","9":"tag-culture-et-loisirs","10":"tag-fr","11":"tag-france","12":"tag-news","13":"tag-republique-francaise","14":"tag-series"},"share_on_mastodon":{"url":"https:\/\/pubeurope.com\/@fr\/115152594055809744","error":""},"_links":{"self":[{"href":"https:\/\/www.europesays.com\/fr\/wp-json\/wp\/v2\/posts\/368550","targetHints":{"allow":["GET"]}}],"collection":[{"href":"https:\/\/www.europesays.com\/fr\/wp-json\/wp\/v2\/posts"}],"about":[{"href":"https:\/\/www.europesays.com\/fr\/wp-json\/wp\/v2\/types\/post"}],"author":[{"embeddable":true,"href":"https:\/\/www.europesays.com\/fr\/wp-json\/wp\/v2\/users\/2"}],"replies":[{"embeddable":true,"href":"https:\/\/www.europesays.com\/fr\/wp-json\/wp\/v2\/comments?post=368550"}],"version-history":[{"count":0,"href":"https:\/\/www.europesays.com\/fr\/wp-json\/wp\/v2\/posts\/368550\/revisions"}],"wp:featuredmedia":[{"embeddable":true,"href":"https:\/\/www.europesays.com\/fr\/wp-json\/wp\/v2\/media\/368551"}],"wp:attachment":[{"href":"https:\/\/www.europesays.com\/fr\/wp-json\/wp\/v2\/media?parent=368550"}],"wp:term":[{"taxonomy":"category","embeddable":true,"href":"https:\/\/www.europesays.com\/fr\/wp-json\/wp\/v2\/categories?post=368550"},{"taxonomy":"post_tag","embeddable":true,"href":"https:\/\/www.europesays.com\/fr\/wp-json\/wp\/v2\/tags?post=368550"}],"curies":[{"name":"wp","href":"https:\/\/api.w.org\/{rel}","templated":true}]}}