{"id":368555,"date":"2025-09-05T16:23:19","date_gmt":"2025-09-05T16:23:19","guid":{"rendered":"https:\/\/www.europesays.com\/fr\/368555\/"},"modified":"2025-09-05T16:23:19","modified_gmt":"2025-09-05T16:23:19","slug":"retour-a-la-case-depart-pour-bagnaia-a-nouveau-dans-le-dur","status":"publish","type":"post","link":"https:\/\/www.europesays.com\/fr\/368555\/","title":{"rendered":"Retour \u00e0 la case d\u00e9part pour Bagnaia, \u00e0 nouveau dans le dur"},"content":{"rendered":"<p>La journ\u00e9e de <a href=\"https:\/\/fr.motorsport.com\/driver\/pecco-bagnaia\/109394\/\" target=\"_blank\" rel=\"noopener\">Pecco Bagnaia<\/a> aura \u00e9t\u00e9 douloureuse \u00e0 observer. Arriv\u00e9 \u00e0 Barcelone tout sourire, port\u00e9 par un changement radical appliqu\u00e9 sur sa moto en Hongrie et qui lui avait permis de retrouver en course de bonnes sensations et une efficacit\u00e9 qui lui avait manqu\u00e9 jusqu&rsquo;ici, le pilote Ducati subit un revers qui n&rsquo;en est que plus cruel.<\/p>\n<p>Vingt-troisi\u00e8me et avant-dernier ce matin, \u00e0 une seconde et demie du leader, il a termin\u00e9 la seconde s\u00e9ance en 21e position, \u00e0 une seconde du meilleur temps. Ce matin, Bagnaia a conserv\u00e9 le m\u00eame pneu arri\u00e8re tout au long de la s\u00e9ance, sans tenter de time attack, et on \u00e9voquait chez Ducati la possibilit\u00e9 d&rsquo;un souci \u00e9lectronique sur sa moto principale pour expliquer qu&rsquo;il figure si loin au classement.<\/p>\n<p>\u00ab\u00a0Il n&rsquo;\u00e9tait pas \u00e0 l&rsquo;aise avec les r\u00e9glages qu&rsquo;il avait en Hongrie\u00a0\u00bb, avait aussi expliqu\u00e9 Davide Tardozzi au site officiel du MotoGP. Apr\u00e8s avoir disput\u00e9 la premi\u00e8re s\u00e9ance avec les r\u00e9glages d\u00e9finis au Balaton Park, Bagnaia avait deux motos diff\u00e9rentes pour la seconde s\u00e9ance\u00a0:\u00a0une reprenant cette configuration et l&rsquo;autre affichant les r\u00e9glages utilis\u00e9s l&rsquo;an dernier lors de sa victoire sur place.<\/p>\n<p>Seulement, durant les Essais, chacune de ses tentatives de tour rapide a \u00e9chou\u00e9. Les drapeaux jaunes apparus dans les instants d\u00e9cisifs n&rsquo;ont rien arrang\u00e9, mais n&rsquo;expliquent toutefois pas son classement final, qui refl\u00e8te le niveau de performance qu&rsquo;il aura affich\u00e9 de bout en bout de cette journ\u00e9e. Le constat est clair\u00a0:\u00a0l&rsquo;espoir d&rsquo;un nouveau d\u00e9part \u00e9tait vain, les probl\u00e8mes ne sont pas r\u00e9solus.<\/p>\n<p>Lire aussi :<\/p>\n<p>\u00ab\u00a0J&rsquo;aurais vraiment \u00e9t\u00e9 heureux de redire ce que je ressentais hier, mais pour une raison quelconque, mes attentes \u00e9taient fausses. J&rsquo;esp\u00e9rais que c&rsquo;\u00e9tait juste quelque chose qui ne fonctionnait pas ce matin, mais cet apr\u00e8s-midi c&rsquo;\u00e9tait, peut-\u00eatre pas pire mais en tout cas similaire\u00a0\u00bb, r\u00e9sume ce soir le pilote.<\/p>\n<p>\u00ab\u00a0Apr\u00e8s le Balaton, j&rsquo;\u00e9tais pr\u00eat \u00e0 faire un week-end positif, en progr\u00e8s, mais aujourd&rsquo;hui, malheureusement, il n&rsquo;y a rien eu de tout \u00e7a. Ce matin, j&rsquo;esp\u00e9rais que c&rsquo;\u00e9tait quelque chose qui n&rsquo;avait peut-\u00eatre pas fonctionn\u00e9, mais en fait j&rsquo;ai de tr\u00e8s grandes difficult\u00e9s depuis ce matin. Je suis tr\u00e8s \u00e0 la limite, je pousse fort pour finalement rouler lentement. On n&rsquo;arrive pas \u00e0 \u00eatre rapide.\u00a0\u00bb<\/p>\n<p>   <img decoding=\"async\" draggable=\"false\" src=\"https:\/\/www.europesays.com\/fr\/wp-content\/uploads\/2025\/09\/1757089397_617_francesco-bagnaia-ducati-team.jpg\" alt=\"Pecco Bagnaia (Ducati Team)\" width=\"1200\" height=\"800\" loading=\"lazy\"\/> <\/p>\n<p class=\"title\">Pecco Bagnaia (Ducati Team)<\/p>\n<p class=\"photographer\">Photo de: Gold and Goose Photography \/ LAT Images \/ via Getty Images<\/p>\n<p>Pour la premi\u00e8re fois depuis deux ans, Pecco Bagnaia manque deux fois de suite la qualification directe en Q2. Au vu de son palmar\u00e8s encore r\u00e9cent, et particuli\u00e8rement \u00e0 Barcelone, de tels r\u00e9sultats ne peuvent que questionner.<\/p>\n<p>\u00ab\u00a0\u00c7a a \u00e9t\u00e9 un vendredi tr\u00e8s compliqu\u00e9, surtout sur une piste sur laquelle j&rsquo;ai toujours eu pas mal de facilit\u00e9\u00a0\u00bb, constate-t-il. \u00ab\u00a0J&rsquo;ai du mal \u00e0 comprendre comment \u00e7a peut \u00eatre aussi difficile, comment je peux pousser aussi fort et \u00eatre 21e, entour\u00e9 par deux pilotes essayeurs. Sauf mon respect pour eux, \u00e7a n&rsquo;est pas possible que je sois l\u00e0. C&rsquo;est difficile \u00e0 comprendre pour moi aussi, difficile d&rsquo;expliquer quoi que ce soit \u00e0 l&rsquo;\u00e9quipe, parce que je pousse tr\u00e8s fort, je prends beaucoup de risques avec l&rsquo;avant mais je suis tr\u00e8s lent. C&rsquo;est difficile \u00e0 comprendre.\u00a0\u00bb<\/p>\n<blockquote>\n<p>J&rsquo;ai du mal \u00e0 comprendre comment \u00e7a peut \u00eatre aussi difficile, comment je peux pousser aussi fort et \u00eatre 21e, entour\u00e9 par deux pilotes essayeurs.<\/p>\n<\/blockquote>\n<p>Il est donc d\u00e9j\u00e0 temps de tirer un trait sur l&rsquo;espoir qu&rsquo;avait entra\u00een\u00e9 le gros changement exp\u00e9riment\u00e9 en Hongrie\u00a0?\u00a0\u00ab\u00a0J&rsquo;\u00e9tais convaincu que \u00e7a pourrait marcher ici aussi, mais pour le moment, \u00e7a ne fonctionne pas comme \u00e7a devrait\u00a0\u00bb, admet Bagnaia. \u00ab\u00a0Avant le Balaton, j&rsquo;ai toujours pens\u00e9 que si on ne trouvait pas de solution, cette piste allait \u00eatre tr\u00e8s difficile car il n&rsquo;y a pas de grip. Et franchement, m\u00eame si je pensais qu&rsquo;on avait trouv\u00e9 la solution au Balaton, \u00e7a a \u00e9t\u00e9 exactement comme je me l&rsquo;imaginais [sans les progr\u00e8s]. J&rsquo;esp\u00e9rais mieux.\u00a0\u00bb<\/p>\n<p>Tardozzi veut voir Bagnaia r\u00e9agir<\/p>\n<p>Ind\u00e9fectible soutien du double champion du monde MotoGP, Davide Tardozzi s&rsquo;est fendu \u00e0 la mi-journ\u00e9e d&rsquo;un commentaire qui aurait de quoi faire tiquer le pilote. Le team manager a en effet d\u00e9clar\u00e9 \u00e0 Sky Sport MotoGP, en Italie, que Bagnaia devait aider son \u00e9quipe \u00e0 l&rsquo;aider.<\/p>\n<p>\u00ab\u00a0Pecco continue \u00e0 r\u00e9p\u00e9ter les m\u00eames choses depuis le d\u00e9but de l&rsquo;ann\u00e9e, qu&rsquo;il n&rsquo;a pas confiance au freinage, alors qu&rsquo;avec l&rsquo;entr\u00e9e dans les virages il s&rsquo;agit de son point fort\u00a0\u00bb, a expliqu\u00e9 Davide Tardozzi. \u00ab\u00a0J&rsquo;esp\u00e8re que Pecco va y mettre du sien. Nous pouvons l&rsquo;aider tant que nous voulons, mais il doit aussi nous aider \u00e0 l&rsquo;aider. Nous avons besoin qu&rsquo;il se concentre plus sur le faire de d\u00e9passer les difficult\u00e9s, qui existent, et nous avons donc besoin qu&rsquo;il pense plus au pilote qu&rsquo;il est et au talent qu&rsquo;il a.\u00a0\u00bb<\/p>\n<p>   <img decoding=\"async\" draggable=\"false\" src=\"https:\/\/www.europesays.com\/fr\/wp-content\/uploads\/2025\/09\/1757089399_136_francesco-bagnaia-ducati-team.jpg\" alt=\"\u00c0 quel point le mental p\u00e8se-t-il dans les difficult\u00e9s de Pecco Bagnaia ?\" width=\"1200\" height=\"800\" loading=\"lazy\"\/> <\/p>\n<p class=\"title\">\u00c0 quel point le mental p\u00e8se-t-il dans les difficult\u00e9s de Pecco Bagnaia ?<\/p>\n<p class=\"photographer\">Photo de: Gold and Goose Photography \/ LAT Images \/ via Getty Images<\/p>\n<p>\u00ab\u00a0Il y a des moments o\u00f9 les pilotes doivent d\u00e9passer les probl\u00e8mes et c&rsquo;est le cas en ce moment. Je pense que Pecco est capable de le faire, il l&rsquo;a montr\u00e9 \u00e0 plusieurs reprises ces derni\u00e8res ann\u00e9es, alors je crois qu&rsquo;en ce moment il doit nous aider \u00e0 l&rsquo;aider\u00a0\u00bb, a insist\u00e9 le responsable au micro du site officiel.<\/p>\n<p>\u00ab\u00a0Je pense que si Pecco ne performe pas, c&rsquo;est qu&rsquo;il y a forc\u00e9ment quelque chose d&rsquo;ordre technique qui ne fonctionne pas. C&rsquo;est \u00e9vident, parce que nous avons confiance en lui en tant que pilote de haut niveau, et cela veut dire qu&rsquo;il y a quelque chose que nous n&rsquo;avons pas encore trouv\u00e9 pour lui permettre de performer correctement.\u00a0\u00bb<\/p>\n<p>\u00ab\u00a0Au-del\u00e0 de sa 23e position, qui me frappe moi aussi et m&rsquo;agace quand je regarde le classement, je veux toujours voir le verre \u00e0 moiti\u00e9 plein\u00a0\u00bb, ajoutait Davide Tardozzi, avant que ne soit disput\u00e9e la seconde s\u00e9ance. \u00ab\u00a0Je pense que nous avons fait un petit pas en avant par rapport aux derni\u00e8res courses et j&rsquo;esp\u00e8re que le nouvel essai de cet apr\u00e8s-midi pourra nous apporter d&rsquo;autres indications.\u00a0\u00bb<\/p>\n<p>De toute \u00e9vidence, cela n&rsquo;a pas \u00e9t\u00e9 le cas. Et aux yeux de Pecco Bagnaia, le probl\u00e8me reste majeur et tr\u00e8s profond. Aussi, lorsqu&rsquo;il lui est rapport\u00e9 que son team manager croyait encore jeudi\u00a0qu&rsquo;un petit d\u00e9clic pourrait suffire \u00e0 d\u00e9bloquer la situation, il r\u00e9agit\u00a0:\u00a0\u00ab\u00a0Je ne pense pas la m\u00eame chose. Apr\u00e8s une saison durant laquelle on a essay\u00e9 beaucoup, beaucoup de choses et sachant que les r\u00e9sultats sont toujours les m\u00eames, je pense qu&rsquo;il ne s&rsquo;agit plus d&rsquo;une petite chose.\u00a0\u00bb<\/p>\n<p>Puis, lorsqu&rsquo;il lui est demand\u00e9 si d&rsquo;autres facteurs que ceux techniques pourraient \u00eatre en cause, le champion de 2022 et 2023 accepte la question et y r\u00e9pond frontalement\u00a0:\u00a0\u00ab\u00a0Je ne pense pas que ce soit ma pr\u00e9paration parce que je me sens super bien en pilotant, je ne suis jamais fatigu\u00e9. Mais s&rsquo;il y a bien une chose \u00e0 mon sujet, c&rsquo;est que je me place toujours face aux probl\u00e8mes avant de juger d&rsquo;autres choses.\u00a0\u00bb<\/p>\n<p>Lire aussi :<\/p>\n<p>\u00ab\u00a0Et j&rsquo;ai tout essay\u00e9\u00a0:\u00a0piloter diff\u00e9remment, m&rsquo;adapter \u00e0 ce que l&rsquo;\u00e9quipe me demandait de faire, mais les r\u00e9sultats restent inchang\u00e9s cette saison. J&rsquo;essaye encore de m&rsquo;adapter et de comprendre ce que je pourrais faire de mieux, mais je ne peux pas piloter comme d&rsquo;autres, j&rsquo;ai mon propre style de pilotage, qui a toujours fonctionn\u00e9 \u00e0 part cette saison. M\u00eame si j&rsquo;essaye de faire des choses diff\u00e9rentes dans le pilotage, \u00e7a n&rsquo;est qu&rsquo;une perte de temps, alors il faut qu&rsquo;on trouve d&rsquo;autres solutions, qu&rsquo;on n&rsquo;a pas pour le moment.\u00a0\u00bb<\/p>\n<p>\u00ab\u00a0Il faut qu&rsquo;on r\u00e9fl\u00e9chisse \u00e0 d&rsquo;autres choses, peut-\u00eatre remettre les compteurs \u00e0 z\u00e9ro ce soir et essayer quelque chose de diff\u00e9rent demain. C&rsquo;est difficile pour moi comme pour l&rsquo;\u00e9quipe de comprendre la situation\u00a0\u00bb,\u00a0ajoute ce soir Pecco Bagnaia.\u00a0Aujourd&rsquo;hui, il n&rsquo;est plus question de revenir \u00e0 sa moto pr\u00e9c\u00e9dente ou de tenter un autre gros changement\u00a0:\u00a0\u00ab\u00a0Non, s\u00fbrement pas. On va continuer sur cette voie et essayer d&rsquo;autres chemins.\u00a0\u00bb<\/p>\n<p>Jugeant que cette journ\u00e9e a peut-\u00eatre \u00e9t\u00e9 \u00ab\u00a0pire\u00a0\u00bb que le vendredi du Balaton Park, o\u00f9 il pensait avoir touch\u00e9 le fond, Bagnaia a d\u00e9j\u00e0 une id\u00e9e de ce qu&rsquo;il peut attendre de mieux pour demain\u00a0:\u00a0\u00ab\u00a0Il va me falloir quelque chose d&rsquo;important pour aller en Q2 parce qu&rsquo;aujourd&rsquo;hui, je n&rsquo;en \u00e9tais m\u00eame pas proche. Il nous faut faire un gros pas en avant en termes de pilotage. Pour ce qui est de la course sprint, si j&rsquo;arrive \u00e0 finir parmi les sept premiers, \u00e7a pourrait \u00eatre un r\u00e9sultat fantastique.\u00a0\u00bb Et il insiste suffisamment sur ce dernier mot pour que l&rsquo;on sente cette perspective tr\u00e8s \u00e9loign\u00e9e pour le moment&#8230;<\/p>\n<p style=\"text-align: right;\">Avec T\u00e9ha Courbon<\/p>\n<p>Dans cet article<\/p>\n<p>Soyez le premier inform\u00e9 et souscrivez aux alertes mails pour recevoir les infos en temps r\u00e9el<\/p>\n<p>    S&rsquo;abonner aux alertes de news<\/p>\n","protected":false},"excerpt":{"rendered":"La journ\u00e9e de Pecco Bagnaia aura \u00e9t\u00e9 douloureuse \u00e0 observer. Arriv\u00e9 \u00e0 Barcelone tout sourire, port\u00e9 par un&hellip;\n","protected":false},"author":2,"featured_media":368556,"comment_status":"","ping_status":"","sticky":false,"template":"","format":"standard","meta":{"footnotes":""},"categories":[1413],"tags":[25466,4950,1011,27,48377,1457,1456,1458,4951,50305,60,50306],"class_list":{"0":"post-368555","1":"post","2":"type-post","3":"status-publish","4":"format-standard","5":"has-post-thumbnail","7":"category-moto","8":"tag-circuit-de-barcelona-catalunya","9":"tag-ducati-team","10":"tag-fr","11":"tag-france","12":"tag-gp-de-catalogne","13":"tag-moto","14":"tag-motocycle","15":"tag-motogp","16":"tag-pecco-bagnaia","17":"tag-retour-u00e0-la-case-du00e9part-pour-bagnaia","18":"tag-sports","19":"tag-u00e0-nouveau-dans-le-dur"},"share_on_mastodon":{"url":"https:\/\/pubeurope.com\/@fr\/115152618289693897","error":""},"_links":{"self":[{"href":"https:\/\/www.europesays.com\/fr\/wp-json\/wp\/v2\/posts\/368555","targetHints":{"allow":["GET"]}}],"collection":[{"href":"https:\/\/www.europesays.com\/fr\/wp-json\/wp\/v2\/posts"}],"about":[{"href":"https:\/\/www.europesays.com\/fr\/wp-json\/wp\/v2\/types\/post"}],"author":[{"embeddable":true,"href":"https:\/\/www.europesays.com\/fr\/wp-json\/wp\/v2\/users\/2"}],"replies":[{"embeddable":true,"href":"https:\/\/www.europesays.com\/fr\/wp-json\/wp\/v2\/comments?post=368555"}],"version-history":[{"count":0,"href":"https:\/\/www.europesays.com\/fr\/wp-json\/wp\/v2\/posts\/368555\/revisions"}],"wp:featuredmedia":[{"embeddable":true,"href":"https:\/\/www.europesays.com\/fr\/wp-json\/wp\/v2\/media\/368556"}],"wp:attachment":[{"href":"https:\/\/www.europesays.com\/fr\/wp-json\/wp\/v2\/media?parent=368555"}],"wp:term":[{"taxonomy":"category","embeddable":true,"href":"https:\/\/www.europesays.com\/fr\/wp-json\/wp\/v2\/categories?post=368555"},{"taxonomy":"post_tag","embeddable":true,"href":"https:\/\/www.europesays.com\/fr\/wp-json\/wp\/v2\/tags?post=368555"}],"curies":[{"name":"wp","href":"https:\/\/api.w.org\/{rel}","templated":true}]}}