{"id":368559,"date":"2025-09-05T16:25:11","date_gmt":"2025-09-05T16:25:11","guid":{"rendered":"https:\/\/www.europesays.com\/fr\/368559\/"},"modified":"2025-09-05T16:25:11","modified_gmt":"2025-09-05T16:25:11","slug":"joao-almeida-simpose-au-sommet-de-langliru-mais-sans-lacher-jonas-vingegaard-sur-la-13e-etape-de-la-vuelta-lequipe","status":"publish","type":"post","link":"https:\/\/www.europesays.com\/fr\/368559\/","title":{"rendered":"Joao Almeida s&#039;impose au sommet de l&#039;Angliru mais sans l\u00e2cher Jonas Vingegaard sur la 13e \u00e9tape de la Vuelta &#8211; L&#039;\u00c9quipe"},"content":{"rendered":"<ol>\n<li><a href=\"https:\/\/news.google.com\/rss\/articles\/CBMi_gFBVV95cUxPZC1UNWJQTHctdVhVZ2xFWFFFUFFPaTRTVEg5SDV3V0t2Z25BZGxockxVMUt0UG1TczhId2VZT3ZJaUNadDJhc09namhKdms5Z3dZMVBaaG9RSTgxUjhEUVlYMTRhWlNRazJLTFlMTGplZWhuZkNGNk8zQjY4eW5sY3ZmcEhBV19qc3drYmJkXzE0UVZ1ZWhoeDhRblNtdnBVbjkzMTVtM1RWVE9PRXNCczBQSTgwU3RVY1kwSlB1NnBYVExuME1JbUNVandQalZKZ0FIQ3E1bEFUS1pCQ1J5MXVFaXRzXzBvZkczcFgxUkpVVEh2TWFTanhGazJOUQ?oc=5\" target=\"_blank\" rel=\"nofollow noopener\">Joao Almeida s&rsquo;impose au sommet de l&rsquo;Angliru mais sans l\u00e2cher Jonas Vingegaard sur la 13e \u00e9tape de la Vuelta<\/a>&nbsp;&nbsp;L&rsquo;\u00c9quipe<\/li>\n<li><a href=\"https:\/\/news.google.com\/rss\/articles\/CBMiyAFBVV95cUxOLVQyLTVBMzNzZ3YtNGtHZVR4cFptalA4Ync1WXdjRTVKbEF6R1YzU0h0R0dBaVNhM2FUaE9qc1dGTG9ZanMyb1Z6Z1p6TnpJNi1hR29UR3A4VnQ5ckM2X2czWUdla3hSeVZ6bEFUb3M3NG9xM2l4MmxicDU4ZEx5aHJ3TVpjdnVMVmFCT3hwOHBHdXpiZ0JYMHZuRXlDelVZNWMxcFJ5c0pObWlmMHN6RHFrUDJXS211Ujl1WFkyWEl2RGN2SDRfbw?oc=5\" target=\"_blank\" rel=\"nofollow noopener\">Vuelta 2025 : le classement de la 13e \u00e9tape remport\u00e9e par Joao Almeida<\/a>&nbsp;&nbsp;L&rsquo;\u00c9quipe<\/li>\n<li><a href=\"https:\/\/news.google.com\/rss\/articles\/CBMiuwFBVV95cUxOczBmVlBiOHloS1B1MTlfM1FHZ2U3UVdWbWZLbHl1MzRhdGdzckpSWU1kX3R6X0ZsTGpKQjlMS2tLbXl2WEppcVBjRGlGSlRUZE5tM0NUeTJRTU5yU1lodXdxWTFVNzlIMXozWURYRGU2U3JKbzJqLXpocDFwUnIza1llejMyZF9aTFdlemdjaHJJMHVKcWFTYk9TZHJDa0dZbS0wYTU4R0VRVThFSVlZdEJsandRazZDaFVv?oc=5\" target=\"_blank\" rel=\"nofollow noopener\">\u00c9tape 13 Tour d&rsquo;Espagne en direct | Cabez\u00f3n de la Sal &#8211; L&rsquo;Angliru<\/a>&nbsp;&nbsp;Eurosport<\/li>\n<li><a href=\"https:\/\/news.google.com\/rss\/articles\/CBMi6wFBVV95cUxOdEtfNkNxYS1PRHdGYkxid0V6dEZ5Mkg5SkszcThwQUgwQkNsekI5b3pZdXJ3Ync0bjFXSzhhb05nTGdSNnI3RHM3cFcyOUQ1djlyYmdkZ0VJekNxdmZBa1pic2VRUnMwLU5kNjkzUnNpU0RsWlNvcmZwdDZqdnN1dlRkUWNjMjNPQlhjcExkU3FlVXlXSnZhb25vLUtOUVdNajY4Y0xKREFLNGFNSDd0VmJhVE1ReWxtRm8yYUNqVXR6NU1paElCbE1NSUE5YWY2aTdtMXlxR0d5WGpoSWE1WlBYYklwckt4WEp3?oc=5\" target=\"_blank\" rel=\"nofollow noopener\">DIRECT. Vuelta 2025: Almeida bat Vingegaard en haut de l&rsquo;Angliru dans un duel au sommet<\/a>&nbsp;&nbsp;RMC Sport<\/li>\n<li><a href=\"https:\/\/news.google.com\/rss\/articles\/CBMixwFBVV95cUxOSGZkdncwaEhaWkRvRkNuQ1RaRUlKSXJBXzdLQVJ3ZHV6MXdiSTRiQ0pnTEktVUdPd3BTcXc5WUFEUExNTEZjR2owZ2l2SVYtVDVPeXZMakNPRFUxcGZwaGZRcjBydkxzM3FTejhCTS00TVhOdDJNNC1hMDMwSW9KZHhqQ0tocTFfa0dMTzliX21NMU9IeXkyaFdlMjhFZmRsUVZOVkMzWmE2andwNHUzSkI5dV9RMkxoVVBIdkppZDRUR2s4QXZJ?oc=5\" target=\"_blank\" rel=\"nofollow noopener\">Le parcours et le profil de la 13e \u00e9tape de la Vuelta 2025<\/a>&nbsp;&nbsp;20 Minutes<\/li>\n<\/ol>\n","protected":false},"excerpt":{"rendered":"Joao Almeida s&rsquo;impose au sommet de l&rsquo;Angliru mais sans l\u00e2cher Jonas Vingegaard sur la 13e \u00e9tape de la&hellip;\n","protected":false},"author":2,"featured_media":1445,"comment_status":"","ping_status":"","sticky":false,"template":"","format":"standard","meta":{"footnotes":""},"categories":[1411],"tags":[1154,207,1011,27,60],"class_list":{"0":"post-368559","1":"post","2":"type-post","3":"status-publish","4":"format-standard","5":"has-post-thumbnail","7":"category-cyclisme","8":"tag-cycling","9":"tag-cyclisme","10":"tag-fr","11":"tag-france","12":"tag-sports"},"share_on_mastodon":{"url":"https:\/\/pubeurope.com\/@fr\/115152625647254544","error":""},"_links":{"self":[{"href":"https:\/\/www.europesays.com\/fr\/wp-json\/wp\/v2\/posts\/368559","targetHints":{"allow":["GET"]}}],"collection":[{"href":"https:\/\/www.europesays.com\/fr\/wp-json\/wp\/v2\/posts"}],"about":[{"href":"https:\/\/www.europesays.com\/fr\/wp-json\/wp\/v2\/types\/post"}],"author":[{"embeddable":true,"href":"https:\/\/www.europesays.com\/fr\/wp-json\/wp\/v2\/users\/2"}],"replies":[{"embeddable":true,"href":"https:\/\/www.europesays.com\/fr\/wp-json\/wp\/v2\/comments?post=368559"}],"version-history":[{"count":0,"href":"https:\/\/www.europesays.com\/fr\/wp-json\/wp\/v2\/posts\/368559\/revisions"}],"wp:featuredmedia":[{"embeddable":true,"href":"https:\/\/www.europesays.com\/fr\/wp-json\/wp\/v2\/media\/1445"}],"wp:attachment":[{"href":"https:\/\/www.europesays.com\/fr\/wp-json\/wp\/v2\/media?parent=368559"}],"wp:term":[{"taxonomy":"category","embeddable":true,"href":"https:\/\/www.europesays.com\/fr\/wp-json\/wp\/v2\/categories?post=368559"},{"taxonomy":"post_tag","embeddable":true,"href":"https:\/\/www.europesays.com\/fr\/wp-json\/wp\/v2\/tags?post=368559"}],"curies":[{"name":"wp","href":"https:\/\/api.w.org\/{rel}","templated":true}]}}