{"id":368560,"date":"2025-09-05T16:26:10","date_gmt":"2025-09-05T16:26:10","guid":{"rendered":"https:\/\/www.europesays.com\/fr\/368560\/"},"modified":"2025-09-05T16:26:10","modified_gmt":"2025-09-05T16:26:10","slug":"mason-greenwood-a-pris-une-decision-forte","status":"publish","type":"post","link":"https:\/\/www.europesays.com\/fr\/368560\/","title":{"rendered":"Mason Greenwood a pris une d\u00e9cision forte"},"content":{"rendered":"<p>Dimanche soir, <a href=\"https:\/\/www.footmercato.net\/joueur\/mason-greenwood\/\" rel=\"nofollow noopener\" target=\"_blank\">Mason Greenwood<\/a> est pass\u00e9 \u00e0 c\u00f4t\u00e9 de son match face \u00e0 l\u2019Olympique Lyonnais. Le footballeur de 23 ans n\u2019a pas brill\u00e9 et a peu apport\u00e9 aux siens, lui qui a d\u2019ailleurs \u00e9t\u00e9 sorti \u00e0 la mi-temps par Roberto De Zerbi. Un entra\u00eeneur qui compte pourtant sur lui. C\u2019\u00e9tait le cas la saison derni\u00e8re, qu\u2019il a termin\u00e9e avec un bilan de 22 buts et 6 assists en 36 rencontres toutes comp\u00e9titions confondues. Lors de cet exercice 2025-26, il a d\u00e9j\u00e0 marqu\u00e9 1 but et donn\u00e9 deux passes d\u00e9cisives en 3 apparitions en championnat. Il sera tr\u00e8s attendu \u00e9galement en Ligue des Champions, o\u00f9 l\u2019OM fera face \u00e0 de grosses cylindr\u00e9es.<\/p>\n<p>            La suite apr\u00e8s cette publicit\u00e9<\/p>\n<p>        La Jama\u00efque l\u2019attendait<\/p>\n<p>Le natif de Bradford aura tout le temps de se pr\u00e9parer durant cette tr\u00eave internationale o\u00f9 il n\u2019a rejoint aucune s\u00e9lection nationale. Bien qu\u2019il ait port\u00e9 le maillot de l\u2019Angleterre, chez les U17, les U18, les Espoirs et les A (1 cape), le joueur n\u00e9 en 2001 n\u2019a plus \u00e9t\u00e9 dans les plans des Three Lions depuis ses affaires judiciaires. Il peut aussi jouer avec la <a href=\"https:\/\/www.footmercato.net\/selection\/jamaique\/\" rel=\"nofollow noopener\" target=\"_blank\">Jama\u00efque<\/a> gr\u00e2ce \u00e0 son grand-p\u00e8re, d\u2019origines jama\u00efcaines. Il r\u00e9pond aussi aux crit\u00e8res de la FIFA pour un changement de s\u00e9lection, ayant jou\u00e9 moins de trois matches de comp\u00e9tition pour l\u2019Angleterre avant l\u2019\u00e2ge de 21 ans.<\/p>\n<p>            La suite apr\u00e8s cette publicit\u00e9<\/p>\n<p>Le 6 ao\u00fbt dernier, la BBC a d\u2019ailleurs r\u00e9v\u00e9l\u00e9 qu\u2019il avait fait un geste important <a href=\"https:\/\/www.footmercato.net\/a2731197771602701226-grosse-annonce-pour-mason-greenwood\" rel=\"nofollow noopener\" target=\"_blank\">en obtenant son passeport jama\u00efcain<\/a>. Le m\u00e9dia britannique a pr\u00e9cis\u00e9 qu\u2019il devait \u00e0 pr\u00e9sent passer de la F\u00e9d\u00e9ration Anglaise \u00e0 la F\u00e9d\u00e9ration Jama\u00efcaine de Football afin de confirmer son changement de s\u00e9lection. Une formalit\u00e9. Mais l\u2019attaquant de l\u2019OM n\u2019a visiblement pas encore tranch\u00e9 d\u00e9finitivement. Ce jeudi, le <a href=\"https:\/\/www.dailymail.co.uk\/sport\/football\/article-15063633\/Mason-Greenwood-England-Man-United-Jamaica.html\" rel=\"nofollow noopener\" target=\"_blank\">Daily Mail<\/a> explique qu\u2019il n\u2019a pas encore sign\u00e9 la lettre officialisant son d\u00e9part de la s\u00e9lection anglaise. <\/p>\n<p>        Greenwood temporise et donne sa priorit\u00e9 \u00e0 l\u2019OM<\/p>\n<p>Le m\u00e9dia ajoute que la Jama\u00efque esp\u00e9rait pourtant pouvoir compter sur lui lors des rencontres face aux Bermudes (vendredi) et \u00e0 Trinit\u00e9-et-Tobago (mercredi) comptant pour les qualifications \u00e0 la Coupe du Monde 2026. \u00c0 la t\u00eate de l\u2019\u00e9quipe nationale jama\u00efcaine, Steve McClaren a \u00e9voqu\u00e9 le cas Greenwood. \u00ab Nous avons obtenu un passeport et nous nous attendions \u00e0 ce qu\u2019il vienne avec nous durant ce rassemblement. Mais lors d\u2019une conversation avec sa famille, il a \u00e9t\u00e9 dit qu\u2019il ne s\u2019engage pour le moment avec personne. C\u2019est un peu d\u00e9cevant, il va sans doute falloir \u00eatre plus patients. \u00bb<\/p>\n<p>            La suite apr\u00e8s cette publicit\u00e9<\/p>\n<p>Le s\u00e9lectionneur, qui est en contact avec la famille Greenwood depuis 2024, a ajout\u00e9 : \u00ab nous allons continuer \u00e0 le solliciter, car je sais, d\u2019apr\u00e8s mes conversations avec Mason, qu\u2019il adore la Jama\u00efque. Il veut se concentrer sur le football en club et ne pas s\u2019engager avec une \u00e9quipe internationale pour le moment. Il prend son temps. Qui sait ce que l\u2019avenir r\u00e9serve ? \u00bb Pour le moment, le joueur de l\u2019OM n\u2019a pas tranch\u00e9 au sujet des s\u00e9lections et veut se concentrer sur son club. Malgr\u00e9 les approches de l\u2019Arabie saoudite, il a d\u2019ailleurs d\u00e9cid\u00e9 de rester dans la cit\u00e9 phoc\u00e9enne cet \u00e9t\u00e9 2025. <\/p>\n<p>\n    Pub. le 04\/09\/2025 08:14<br \/>\n            &#8211; MAJ le 05\/09\/2025 18:13\n    <\/p>\n","protected":false},"excerpt":{"rendered":"Dimanche soir, Mason Greenwood est pass\u00e9 \u00e0 c\u00f4t\u00e9 de son match face \u00e0 l\u2019Olympique Lyonnais. Le footballeur de&hellip;\n","protected":false},"author":2,"featured_media":261745,"comment_status":"","ping_status":"","sticky":false,"template":"","format":"standard","meta":{"footnotes":""},"categories":[1410],"tags":[63,1011,27,60],"class_list":{"0":"post-368560","1":"post","2":"type-post","3":"status-publish","4":"format-standard","5":"has-post-thumbnail","7":"category-football","8":"tag-football","9":"tag-fr","10":"tag-france","11":"tag-sports"},"share_on_mastodon":{"url":"https:\/\/pubeurope.com\/@fr\/115152629687848457","error":""},"_links":{"self":[{"href":"https:\/\/www.europesays.com\/fr\/wp-json\/wp\/v2\/posts\/368560","targetHints":{"allow":["GET"]}}],"collection":[{"href":"https:\/\/www.europesays.com\/fr\/wp-json\/wp\/v2\/posts"}],"about":[{"href":"https:\/\/www.europesays.com\/fr\/wp-json\/wp\/v2\/types\/post"}],"author":[{"embeddable":true,"href":"https:\/\/www.europesays.com\/fr\/wp-json\/wp\/v2\/users\/2"}],"replies":[{"embeddable":true,"href":"https:\/\/www.europesays.com\/fr\/wp-json\/wp\/v2\/comments?post=368560"}],"version-history":[{"count":0,"href":"https:\/\/www.europesays.com\/fr\/wp-json\/wp\/v2\/posts\/368560\/revisions"}],"wp:featuredmedia":[{"embeddable":true,"href":"https:\/\/www.europesays.com\/fr\/wp-json\/wp\/v2\/media\/261745"}],"wp:attachment":[{"href":"https:\/\/www.europesays.com\/fr\/wp-json\/wp\/v2\/media?parent=368560"}],"wp:term":[{"taxonomy":"category","embeddable":true,"href":"https:\/\/www.europesays.com\/fr\/wp-json\/wp\/v2\/categories?post=368560"},{"taxonomy":"post_tag","embeddable":true,"href":"https:\/\/www.europesays.com\/fr\/wp-json\/wp\/v2\/tags?post=368560"}],"curies":[{"name":"wp","href":"https:\/\/api.w.org\/{rel}","templated":true}]}}