{"id":368561,"date":"2025-09-05T16:27:25","date_gmt":"2025-09-05T16:27:25","guid":{"rendered":"https:\/\/www.europesays.com\/fr\/368561\/"},"modified":"2025-09-05T16:27:25","modified_gmt":"2025-09-05T16:27:25","slug":"patrick-bruel-escroque-comme-cyril-hanouna-ou-leila-bekhti-cette-folle-histoire-la-fait-tomber-dans-le-panneau","status":"publish","type":"post","link":"https:\/\/www.europesays.com\/fr\/368561\/","title":{"rendered":"Patrick Bruel escroqu\u00e9 : comme Cyril Hanouna ou Le\u00efla Bekhti, cette folle histoire l\u2019a fait tomber dans le panneau"},"content":{"rendered":"<p data-start=\"0\" data-end=\"512\">\u00ab\u00a0Alors, ton probl\u00e8me en<br \/>\nAlg\u00e9rie, \u00e7a s\u2019est finalement r\u00e9gl\u00e9\u202f?\u00a0\u00bb demande <a href=\"https:\/\/www.closermag.fr\/people\/patrick-bruel-cette-invitee-tres-particuliere-et-tres-chere-a-son-coeur-quil-a-recue-dans-son-hotel-de-luxe-3574464\" target=\"_blank\" rel=\"noopener\"><br \/>\nPatrick Bruel<\/a> \u00e0 Tahar Rahim en juillet 2024. L\u2019acteur, surpris,<br \/>\nreste silencieux, son esprit tentant de recomposer le fil des<br \/>\nconversations qu\u2019il a pu avoir avec le chanteur au cours des mois<br \/>\npr\u00e9c\u00e9dents. Rien n\u2019y fait, il ne parvient pas \u00e0 saisir le sens de<br \/>\nla question. Pour l\u2019aider \u00e0 se souvenir, Patrick Bruel mentionne<br \/>\nalors un mail qu\u2019il aurait re\u00e7u de lui.<\/p>\n<p data-start=\"0\" data-end=\"512\">C\u2019est \u00e0 ce moment que <a href=\"https:\/\/www.closermag.fr\/people\/tahar-rahim-un-peu-de-mal-a-lacteur-fait-de-rares-confidences-sur-sa-relation-avec-leila-bekhti-3547010\" target=\"_blank\" rel=\"noopener\"><br \/>\nTahar Rahim<\/a> comprend enfin : il ne s\u2019agit pas de lui. En<br \/>\nr\u00e9alit\u00e9, depuis pr\u00e8s d\u2019un an, Patrick Bruel croyait \u00e9changer avec<br \/>\nl\u2019acteur, alors qu\u2019il dialoguait tout ce temps avec un certain<br \/>\nMohamed, qui s\u2019\u00e9tait fait passer pour lui afin de manipuler ses<br \/>\ncontacts et obtenir divers avantages.<\/p>\n<p><strong data-start=\"0\" data-end=\"42\">Patrick Bruel et ces c\u00e9l\u00e9brit\u00e9s victimes d\u2019un<br \/>\nimposteur<\/strong><\/p>\n<p data-start=\"46\" data-end=\"933\">L\u2019actrice <a href=\"https:\/\/www.closermag.fr\/people\/un-miracle-maman-a-quatre-reprises-leila-bekhti-a-pourtant-eu-beaucoup-de-mal-a-tomber-enceinte-3525437\" target=\"_blank\" rel=\"noopener\"><br \/>\nLe\u00efla Bekhti<\/a>, l\u2019animateur <a href=\"https:\/\/www.closermag.fr\/tv_tele_realite\/cyril-hanouna-en-couple-avec-tiphaine-auziere-impair-sur-la-fille-de-brigitte-macron-il-ne-laisse-pas-passer-3575657\" target=\"_blank\" rel=\"noopener\"><br \/>\nCyril Hanouna<\/a> ou encore le chanteur Patrick Bruel ont \u00e9t\u00e9 dup\u00e9s<br \/>\npar un homme pr\u00e9nomm\u00e9 Mohamed A., r\u00e9cemment condamn\u00e9 \u00e0 un an de<br \/>\nprison par le tribunal correctionnel de Paris pour<br \/>\n<strong>usurpation d\u2019identit\u00e9<\/strong>. Pendant des mois, ce<br \/>\nquinquag\u00e9naire s\u2019est fait passer pour l\u2019acteur Tahar Rahim ou pour<br \/>\nle footballeur Riyad Mahrez afin de tromper des personnalit\u00e9s et<br \/>\nobtenir divers avantages.<\/p>\n<p data-start=\"46\" data-end=\"933\">Au final, ses man\u0153uvres lui ont<br \/>\nseulement permis de d\u00e9crocher deux places pour le concert de<br \/>\n<a href=\"https:\/\/www.closermag.fr\/people\/beyonce-et-jay-z-decouvrez-la-maison-la-plus-chere-de-californie-qu-ils-viennent-1721239\" target=\"_blank\" rel=\"noopener\"><br \/>\nBeyonc\u00e9<\/a> au Stade de France. Le procureur a soulign\u00e9 le<br \/>\n\u00ab\u00a0pr\u00e9judice psychologique\u00a0\u00bb subi par les victimes, tandis<br \/>\nque l\u2019avocate de Riyad Mahrez a insist\u00e9 sur le<br \/>\n\u00ab\u00a0<strong>pr\u00e9judice r\u00e9putationnel<\/strong>\u00a0\u00bb caus\u00e9 \u00e0 son<br \/>\nclient. Cette escroquerie a \u00e9galement concern\u00e9 l\u2019Office fran\u00e7ais de<br \/>\nl\u2019immigration et de l\u2019int\u00e9gration, qu\u2019il a sollicit\u00e9 pour acc\u00e9l\u00e9rer<br \/>\nla demande de titre de s\u00e9jour d\u2019un ami.<\/p>\n<p><strong data-start=\"935\" data-end=\"989\">Un pass\u00e9 judiciaire charg\u00e9<br \/>\net un profil inqui\u00e9tant<\/strong><\/p>\n<p>Mohamed A. travaille comme manager de McDonald\u2019s et est sous<br \/>\n<strong>bracelet \u00e9lectronique<\/strong> pour une autre condamnation.<br \/>\nSon casier judiciaire est d\u00e9j\u00e0 long, avec plusieurs condamnations<br \/>\npour faux et escroquerie depuis 2006. Lors de sa garde \u00e0 vue, il a<br \/>\nreconnu les faits. Il a expliqu\u00e9 qu\u2019il agissait ainsi pour<br \/>\n\u00ab\u00a0<strong>passer le temps<\/strong>\u00ab\u00a0. Il a ajout\u00e9 que<br \/>\nc\u2019\u00e9tait aussi pour se \u00ab\u00a0faire un statut\u00a0\u00bb.<\/p>\n<p data-start=\"993\" data-end=\"1845\" data-is-last-node=\"\" data-is-only-node=\"\">Selon l\u2019enqu\u00eate, pr\u00e8s de <strong>1 200<br \/>\ncontacts<\/strong> ont \u00e9t\u00e9 retrouv\u00e9s sur son t\u00e9l\u00e9phone, dont environ<br \/>\n300 appartenaient \u00e0 des c\u00e9l\u00e9brit\u00e9s qu\u2019il ne connaissait pas. Son<br \/>\nentourage, \u00e0 travers l\u2019avocat Olympe Lahoud, a \u00e9voqu\u00e9<br \/>\n\u00ab\u00a0<strong>un trouble qui se pose<\/strong>\u00a0\u00bb dans sa<br \/>\npersonnalit\u00e9, tandis que sa famille le d\u00e9crit comme \u00ab\u00a0un enfant<br \/>\nde 50 ans\u00a0\u00bb qui \u00ab\u00a0passe son temps \u00e0 mentir\u00a0\u00bb.<\/p>\n","protected":false},"excerpt":{"rendered":"\u00ab\u00a0Alors, ton probl\u00e8me en Alg\u00e9rie, \u00e7a s\u2019est finalement r\u00e9gl\u00e9\u202f?\u00a0\u00bb demande Patrick Bruel \u00e0 Tahar Rahim en juillet 2024.&hellip;\n","protected":false},"author":2,"featured_media":368562,"comment_status":"","ping_status":"","sticky":false,"template":"","format":"standard","meta":{"footnotes":""},"categories":[1359],"tags":[548,58,59,1011,27,5473,973],"class_list":{"0":"post-368561","1":"post","2":"type-post","3":"status-publish","4":"format-standard","5":"has-post-thumbnail","7":"category-people","8":"tag-article-simple","9":"tag-divertissement","10":"tag-entertainment","11":"tag-fr","12":"tag-france","13":"tag-patrick-bruel","14":"tag-people"},"share_on_mastodon":{"url":"https:\/\/pubeurope.com\/@fr\/115152633547661894","error":""},"_links":{"self":[{"href":"https:\/\/www.europesays.com\/fr\/wp-json\/wp\/v2\/posts\/368561","targetHints":{"allow":["GET"]}}],"collection":[{"href":"https:\/\/www.europesays.com\/fr\/wp-json\/wp\/v2\/posts"}],"about":[{"href":"https:\/\/www.europesays.com\/fr\/wp-json\/wp\/v2\/types\/post"}],"author":[{"embeddable":true,"href":"https:\/\/www.europesays.com\/fr\/wp-json\/wp\/v2\/users\/2"}],"replies":[{"embeddable":true,"href":"https:\/\/www.europesays.com\/fr\/wp-json\/wp\/v2\/comments?post=368561"}],"version-history":[{"count":0,"href":"https:\/\/www.europesays.com\/fr\/wp-json\/wp\/v2\/posts\/368561\/revisions"}],"wp:featuredmedia":[{"embeddable":true,"href":"https:\/\/www.europesays.com\/fr\/wp-json\/wp\/v2\/media\/368562"}],"wp:attachment":[{"href":"https:\/\/www.europesays.com\/fr\/wp-json\/wp\/v2\/media?parent=368561"}],"wp:term":[{"taxonomy":"category","embeddable":true,"href":"https:\/\/www.europesays.com\/fr\/wp-json\/wp\/v2\/categories?post=368561"},{"taxonomy":"post_tag","embeddable":true,"href":"https:\/\/www.europesays.com\/fr\/wp-json\/wp\/v2\/tags?post=368561"}],"curies":[{"name":"wp","href":"https:\/\/api.w.org\/{rel}","templated":true}]}}