{"id":368567,"date":"2025-09-05T16:30:15","date_gmt":"2025-09-05T16:30:15","guid":{"rendered":"https:\/\/www.europesays.com\/fr\/368567\/"},"modified":"2025-09-05T16:30:15","modified_gmt":"2025-09-05T16:30:15","slug":"on-a-passe-la-semaine-devant-tbt9-la-nouvelle-emission-de-cyril-hanouna-pas-tout-beau-pas-tout-neuf","status":"publish","type":"post","link":"https:\/\/www.europesays.com\/fr\/368567\/","title":{"rendered":"On a pass\u00e9 la semaine devant\u00a0TBT9,\u00a0la nouvelle \u00e9mission de Cyril Hanouna : pas tout beau, pas tout neuf"},"content":{"rendered":"<p>Depuis une semaine, Cyril Hanouna est de retour tous les soirs sur nos \u00e9crans de t\u00e9l\u00e9vision. S\u2019il \u00e9tait promis apolitique par la direction du groupe M6, il n\u2019en est rien : ce come-back est \u00e0 l\u2019image des r\u00e9centes frasques du pr\u00e9sentateur sur feu-C8. Bilan de quatre \u00e9missions o\u00f9 se m\u00ealent sexisme ordinaire, \u00e9normit\u00e9s politiques et moments de t\u00e9l\u00e9vision franchement embarrassants.<\/p>\n<p>C\u2019est comme si l\u2019univers avait compris : pour cette rentr\u00e9e 2025, synonyme du retour de Cyril Hanouna sur nos \u00e9crans, le soleil a disparu au profit de nuages mena\u00e7ants et de pluies diluviennes. Exil\u00e9 de C8 apr\u00e8s<a href=\"https:\/\/www.lesinrocks.com\/societe\/coup-de-tonnerre-c8-et-nrj12-retirees-de-la-tnt-par-larcom-625041-24-07-2024\/\" target=\"_blank\" rel=\"noopener\"> la disparition de la cha\u00eene act\u00e9e par l\u2019Arcom<\/a>, \u201cL\u2019excit\u00e9 du PAF\u201d n\u2019a en effet pas perdu de temps et s\u2019est install\u00e9 dans les locaux du groupe M6, sur W9. Adieu Touche pas \u00e0 mon poste!, accus\u00e9e \u00e0 maintes reprises de d\u00e9rouler le tapis rouge \u00e0 l\u2019extr\u00eame droite (entre autres critiques), bonjour <a href=\"https:\/\/www.lesinrocks.com\/actu\/on-connait-le-nom-de-la-nouvelle-emission-de-cyril-hanouna-665234-16-05-2025\/\" target=\"_blank\" rel=\"noopener\">Tout Beau, Tout N9uf<\/a>, une \u00e9mission d\u2019ores et d\u00e9j\u00e0 ringarde, qui n\u2019a de neuf que le nom. Car le canevas initial et le r\u00e9sultat final sont absolument inchang\u00e9s : m\u00eame concept (des pseudo-d\u00e9bats men\u00e9s par des expert\u00b7es en rien et des n\u00e9ophytes en tout), m\u00eame plateau, m\u00eame casting de chroniqueur\u00b7euses pr\u00eat\u00b7es \u00e0 jouer les serpilli\u00e8res sans dignit\u00e9 et m\u00eames invit\u00e9\u00b7es d\u00e9pass\u00e9\u00b7es en qu\u00eate de cam\u00e9ras (Jeff Panacloc, Trag\u00e9die, Patrick S\u00e9bastien\u2026).<\/p>\n<p>Et alors qu\u2019on aurait pu penser que <a href=\"https:\/\/www.lesinrocks.com\/societe\/cyril-hanouna-on-a-touche-a-son-poste-626246-24-08-2024\/\" target=\"_blank\" rel=\"noopener\">Cyril Hanouna se serait calm\u00e9 apr\u00e8s tout le grabuge dont il \u00e9tait l\u2019auteur sur C8<\/a>, il n\u2019en est rien : le rebranding de l\u2019\u00e9mission n\u2019aura pas tenu une seconde, pour laisser place au bon vieux TPMP. Relents misogynes et propos ahurissants inclus. Floril\u00e8ge d\u2019une semaine enti\u00e8re pass\u00e9e \u00e0 subir les ind\u00e9cences d\u2019Hanouna et sa bande.<\/p>\n<p>M\u00eame sc\u00e9nario misogyne<\/p>\n<p>On passe d\u2019abord en revue les quelques r\u00e9flexes misogynes qui font l\u2019ADN humoristique de l\u2019\u00e9mission, \u00e0 commencer par la manie du big boss \u00e0 ne consid\u00e9rer les jeunes femmes que comme de possibles proies : d\u00e8s qu\u2019une nouvelle chroniqueuse est introduite, l\u2019animateur se tourne vers son bras droit Raymond Aabou et lui demande s\u2019il l\u2019aime bien, l\u2019air de dire \u201dElle est pour toi celle-l\u00e0 nan ?\u201d On aurait pu croire \u00e0 une simple blague potache, mais sa redondance r\u00e9v\u00e8le surtout les coutures du sc\u00e9nario \u00e9tabli par l\u2019\u00e9mission : le chroniqueur incarne un homme \u00e0 caser (uniquement pour la blague, hors plateau il est mari\u00e9), et chaque nouvelle venue est une possible candidate.<\/p>\n<p>Il y a aussi Shana Loustau, nouvelle recrue au profil bien plus s\u00e9rieux et professionnel que ses homologues, charg\u00e9e d\u2019expliquer calmement les diff\u00e9rents sujets abord\u00e9s avant que les autres ne s\u2019en emparent que pour s\u2019engueuler (elle, ne participe jamais au d\u00e9bat). Une fonction moins expos\u00e9e donc, qui ne l\u2019emp\u00eache pas d\u2019\u00eatre sujette aux blagues en apparence inoffensives du pr\u00e9sentateur : ce dernier la ram\u00e8ne constamment \u00e0 son petit copain, un \u201cprofesseur de ski\u201d dont la profession rend hilare tout le plateau \u00e0 chaque fois qu\u2019elle est mentionn\u00e9e. Un autre soir, il se moquera de sa tenue : \u201cElle est habill\u00e9e en soubrette, on dirait le film \u00e9rotique du dimanche soir.\u201d Pour sa toute premi\u00e8re \u00e9mission, ce jeudi 4 septembre, l\u2019influenceuse Nawarra, est quant \u00e0 elle somm\u00e9e de d\u00e9filer devant tout le monde, puis de d\u00e9signer l\u2019homme qui lui pla\u00eet le plus autour de la table.<\/p>\n<p>Plus que des sources de d\u00e9sirs, les femmes sont aussi pr\u00e9sentes pour g\u00e9n\u00e9rer des moqueries. Comme avec Tha\u00efs Gauchkarian, influenceuse <a href=\"https:\/\/www.lesinrocks.com\/societe\/onlyfans-quand-les-managers-promettent-la-lune-622556-20-08-2024\/\" target=\"_blank\" rel=\"noopener\">Onlyfans<\/a> de 22 ans embauch\u00e9e pour couvrir l\u2019actualit\u00e9 people, nous dit l\u2019animateur. \u201cOn a bien compris que c\u2019\u00e9tait pas pour la rubrique litt\u00e9raire\u201d lance le journaliste Damien Canivez avec ironie, sous-entendant que la plastique de sa coll\u00e8gue jure forc\u00e9ment avec une activit\u00e9 dite intellectuelle. Mais le premier gros malaise de ce retour, on le doit \u00e0 Raymond Aabou (d\u00e9cid\u00e9ment\u2026) : le chroniqueur de 49 ans s\u2019est emport\u00e9 en plein d\u00e9bat lors de la premi\u00e8re \u00e9mission. Interrog\u00e9\u00b7es sur le besoin ou non d\u2019interdire les t\u00e9l\u00e9phones portables aux \u00e9l\u00e8ves dans les coll\u00e8ges, les chroniqueur\u00b7euses se sont \u00e9poumon\u00e9\u00b7es \u00e0 donner leurs avis. Raymond Aabou, lui, a simplement invit\u00e9 les parents \u00e0 menacer leurs enfants de leur \u201cen mettre une\u201d s\u2019ils sortaient leur t\u00e9l\u00e9phone en cours. Face aux objections de ses coll\u00e8gues (<a href=\"https:\/\/www.lesinrocks.com\/cheek\/marlene-schiappa-decollete-313926-26-07-2018\/?noamp=available\" target=\"_blank\" rel=\"noopener\">Marl\u00e8ne Schiappa <\/a>grommelle un \u201cc\u2019est pas l\u00e9gal\u201d), il insiste sous les applaudissements \u201cBah si ! Bah si !\u201d, puis r\u00e9trop\u00e9dale \u201cTu mets une fess\u00e9e, tu \u00e9duques ton enfant. T\u2019as compris le proverbe.\u201d<\/p>\n<p>\u201dPas de politique\u201d<\/p>\n<p>C\u2019\u00e9tait la condition de l\u2019arriv\u00e9e de Cyril Hanouna sur le groupe M6, \u00e0 tel point que la direction n\u2019a pas arr\u00eat\u00e9 de la marteler pendant des mois : ni politique ni pol\u00e9miques, simplement du divertissement. Force est de constater que la promesse est loin d\u2019\u00eatre tenue. Plusieurs d\u00e9bats sur l\u2019actualit\u00e9 politique du pays ont en effet ponctu\u00e9 cette premi\u00e8re semaine de diffusion. Sur le Premier ministre Fran\u00e7ois Bayrou d\u2019abord, quant \u00e0 sa phrase pol\u00e9mique \u201cCe sont les Fran\u00e7ais qui d\u00e9pensent l\u2019argent public\u201c : les membres de l\u2019\u00e9mission se prennent le bec plusieurs minutes, jusqu\u2019\u00e0 ce qu\u2019Hanouna d\u00e9clare, avec l\u2019apolitisme qu\u2019on lui conna\u00eet (non), qu\u2019on \u201caurait d\u00fb garder Gabriel Attal.\u201d Politique toujours lorsque la question suivante est pos\u00e9e aux chroniqueur\u00b7euses : voteriez-vous pour Patrick S\u00e9bastien s\u2019il venait \u00e0 se pr\u00e9senter aux futures \u00e9lections pr\u00e9sidentielles ? Des discours relativistes et populistes se font alors entendre sur le plateau, arguant que le chanteur \u201cconna\u00eet les souffrances du peuple, de la France qui travaille\u201d et peut donc tout \u00e0 fait gouverner le pays. Quand Laurent Fontaine \u00e9met ses r\u00e9serves quant \u00e0 cette \u00e9ventualit\u00e9, expliquant qu\u2019il ne voit pas du tout l\u2019interpr\u00e8te du Petit Bonhomme en mousse \u00e0 l\u2019\u00c9lys\u00e9e, ses coll\u00e8ges s\u2019insurgent et crient au m\u00e9pris. Hanouna prend alors la parole et lance, \u00e0 l\u2019\u00e9gard de son employ\u00e9 sceptique : \u201cArr\u00eatez, vous \u00eates trop dans la politique.\u201d La blague s\u2019\u00e9crit toute seule.<\/p>\n<p>Pour le reste, on retiendra Cyril Hanouna qui f\u00e9licite des agriculteurs pour avoir d\u00e9fonc\u00e9 les voitures des teuffeurs de la rave party de l\u2019Aude (qualifi\u00e9\u00b7es de \u201cdrogu\u00e9s, des alcoolis\u00e9s\u201d) : \u201cTant qu\u2019il n\u2019y aura pas d\u2019autorit\u00e9, on ne pourra pas avancer\u201d, ajoute-t-il. Il y a aussi <a href=\"https:\/\/www.lesinrocks.com\/actu\/affaire-de-gifle-csa-nest-content-367446-09-05-2016\/\" target=\"_blank\" rel=\"noopener\">Gilles Verdez<\/a>, quota \u201chomme de gauche\u201d (on insiste sur les guillemets) de l\u2019\u00e9mission, qui se fait huer par le public et ses camarades lorsqu\u2019il d\u00e9fend la tenue de cours d\u2019\u00e9ducation sexuelle \u00e0 l\u2019\u00e9cole maternelle. Ou bien lors du d\u00e9bat sur les diff\u00e9rents cambriolages qui ont frapp\u00e9 plusieurs stars r\u00e9cemment (Anne-Sophie Lapix, JoeyStarr). En quelques secondes, l\u2019\u00e9change se transforme en querelle sur l\u2019ins\u00e9curit\u00e9 en France, v\u00e9ritable marronnier du discours d\u2019extr\u00eame droite. Et \u00e0 Cyril Hanouna d\u2019ajouter, comme si c\u2019\u00e9tait une v\u00e9rit\u00e9 g\u00e9n\u00e9rale : \u201cTout le monde se sent plus en s\u00e9curit\u00e9 dans n\u2019importe quels pays qu\u2019en France. C\u2019est le sentiment des Fran\u00e7ais.\u201d Chassez le naturel, il revient au galop.<\/p>\n<p>De veines tentatives de faire bonne figure <\/p>\n<p>Pour redorer son blason et tenter de marquer une scission avec les pol\u00e9miques de l\u2019\u00e9poque TPMP, Hanouna et son \u00e9quipe ont pens\u00e9 \u00e0 une nouvelle chronique, titr\u00e9e \u201cC\u2019\u00e9tait pas mieux avant.\u201d Le concept est simple : une pastille quotidienne pour rediffuser une s\u00e9quence t\u00e9l\u00e9 d\u2019antan, choquante pour nos yeux et oreilles d\u2019aujourd\u2019hui. Un enfant victime de racisme en direct, un candidat de t\u00e9l\u00e9-r\u00e9alit\u00e9 ouvertement homophobe, une agression sexuelle en plateau\u2026 : bref, autant d\u2019occasions pour l\u2019animateur de se laver les mains de tout soup\u00e7on. <\/p>\n<p>Et le r\u00e9sultat est \u00e9loquent. Au tour de ses chroniqueur\u00b7euses de s\u2019enorgueillir et de d\u00e9biter les m\u00eames banalit\u00e9s chaque soir, les yeux grands ouverts : \u201cC\u2019est dingue ce qu\u2019on pouvait faire avant sans que personne ne soit choqu\u00e9 !\u201d et autres \u201cHeureusement qu\u2019on ne peut plus faire \u00e7a aujourd\u2019hui\u2026\u201d Une s\u00e9quence ridicule, quand on se rappelle qu\u2019il suffit de regarder quelques ann\u00e9es en arri\u00e8re pour voir le pr\u00e9sentateur mettre lui-m\u00eame la main d\u2019une de ses employ\u00e9es dans son slip, un chroniqueur (Jean-Michel Maire) embrasser la poitrine d\u2019une femme sans son consentement, ou toute l\u2019\u00e9quipe s\u2019adonner \u00e0 un canular homophobe. Cynisme quand tu nous tiens.<\/p>\n","protected":false},"excerpt":{"rendered":"Depuis une semaine, Cyril Hanouna est de retour tous les soirs sur nos \u00e9crans de t\u00e9l\u00e9vision. S\u2019il \u00e9tait&hellip;\n","protected":false},"author":2,"featured_media":368568,"comment_status":"","ping_status":"","sticky":false,"template":"","format":"standard","meta":{"footnotes":""},"categories":[1356],"tags":[1083,58,59,1011,27,252,1364],"class_list":{"0":"post-368567","1":"post","2":"type-post","3":"status-publish","4":"format-standard","5":"has-post-thumbnail","7":"category-television","8":"tag-cyril-hanouna","9":"tag-divertissement","10":"tag-entertainment","11":"tag-fr","12":"tag-france","13":"tag-television","14":"tag-tv"},"share_on_mastodon":{"url":"https:\/\/pubeurope.com\/@fr\/115152645171904860","error":""},"_links":{"self":[{"href":"https:\/\/www.europesays.com\/fr\/wp-json\/wp\/v2\/posts\/368567","targetHints":{"allow":["GET"]}}],"collection":[{"href":"https:\/\/www.europesays.com\/fr\/wp-json\/wp\/v2\/posts"}],"about":[{"href":"https:\/\/www.europesays.com\/fr\/wp-json\/wp\/v2\/types\/post"}],"author":[{"embeddable":true,"href":"https:\/\/www.europesays.com\/fr\/wp-json\/wp\/v2\/users\/2"}],"replies":[{"embeddable":true,"href":"https:\/\/www.europesays.com\/fr\/wp-json\/wp\/v2\/comments?post=368567"}],"version-history":[{"count":0,"href":"https:\/\/www.europesays.com\/fr\/wp-json\/wp\/v2\/posts\/368567\/revisions"}],"wp:featuredmedia":[{"embeddable":true,"href":"https:\/\/www.europesays.com\/fr\/wp-json\/wp\/v2\/media\/368568"}],"wp:attachment":[{"href":"https:\/\/www.europesays.com\/fr\/wp-json\/wp\/v2\/media?parent=368567"}],"wp:term":[{"taxonomy":"category","embeddable":true,"href":"https:\/\/www.europesays.com\/fr\/wp-json\/wp\/v2\/categories?post=368567"},{"taxonomy":"post_tag","embeddable":true,"href":"https:\/\/www.europesays.com\/fr\/wp-json\/wp\/v2\/tags?post=368567"}],"curies":[{"name":"wp","href":"https:\/\/api.w.org\/{rel}","templated":true}]}}