{"id":368579,"date":"2025-09-05T16:36:13","date_gmt":"2025-09-05T16:36:13","guid":{"rendered":"https:\/\/www.europesays.com\/fr\/368579\/"},"modified":"2025-09-05T16:36:13","modified_gmt":"2025-09-05T16:36:13","slug":"il-decline-poliment-une-offre-de-100-millions-de-pour-sa-ferrari-f50-gt","status":"publish","type":"post","link":"https:\/\/www.europesays.com\/fr\/368579\/","title":{"rendered":"Il d\u00e9cline poliment une offre de 100 millions de $ pour sa Ferrari F50 GT"},"content":{"rendered":"<p><img loading=\"lazy\" decoding=\"async\" width=\"1200\" height=\"800\" alt=\"\" class=\"wp-image-41106 perfmatters-lazy\" src=\"https:\/\/www.europesays.com\/fr\/wp-content\/uploads\/2025\/09\/ferrari-f50-gt1.jpg\"  data-\/><\/p>\n<p>Il y a des voitures si rares et si charg\u00e9es d\u2019histoire qu\u2019aucun montant, m\u00eame \u00e0 neuf chiffres, ne suffit \u00e0 convaincre leur propri\u00e9taire de s\u2019en s\u00e9parer. C\u2019est exactement ce qui vient de se produire lors de la Monterey Car Week, en Californie, o\u00f9 Arthur Zafiropoulo, collectionneur discret, a d\u00e9clin\u00e9 une offre astronomique de 100 millions de dollars pour sa Ferrari F50 GT.<\/p>\n<p>Cette sc\u00e8ne qui va devenir une l\u00e9gende automobile s\u2019est d\u00e9roul\u00e9e dans le cadre prestigieux de The Quail, A Motorsports Gathering, l\u2019un des \u00e9v\u00e9nements les plus raffin\u00e9s de la semaine. L\u00e0, sous les regards fascin\u00e9s des passionn\u00e9s et experts, la Ferrari F50 GT ch\u00e2ssis num\u00e9ro 001 a \u00e9t\u00e9 sacr\u00e9e \u201cBest of Show\u201d. Mais la v\u00e9ritable surprise est venue en coulisse : une proposition record, qui aurait pulv\u00e9ris\u00e9 toutes les transactions connues dans l\u2019univers <a href=\"https:\/\/www.italpassion.fr\/ferrari\/\" rel=\"nofollow noopener\" target=\"_blank\">Ferrari<\/a>, a \u00e9t\u00e9 repouss\u00e9e d\u2019un simple \u201cnon, merci\u201d.<\/p>\n<p>La F50 GT, la Ferrari que l\u2019on ne reverra jamais<\/p>\n<p><img loading=\"lazy\" decoding=\"async\" width=\"1200\" height=\"800\" alt=\"\" class=\"wp-image-41108 perfmatters-lazy\" src=\"https:\/\/www.europesays.com\/fr\/wp-content\/uploads\/2025\/09\/ferrari-f50-gt-00.jpg\"  data-\/><\/p>\n<p>Il faut dire que cette F50 GT n\u2019est pas une <a href=\"https:\/\/www.italpassion.fr\/ferrari\/\" rel=\"nofollow noopener\" target=\"_blank\">Ferrari<\/a> comme les autres. Construite en 1996 pour affronter la McLaren F1 GTR dans la cat\u00e9gorie GT1, elle n\u2019a jamais pu courir en raison d\u2019un changement de r\u00e8glement qui a pouss\u00e9 Ferrari \u00e0 abandonner le programme en 1997.<\/p>\n<p>Seules trois voitures ont vu le jour (alors que six \u00e9taient initialement pr\u00e9vues). Et parmi elles, une seule a \u00e9t\u00e9 assembl\u00e9e enti\u00e8rement \u00e0 Maranello par Ferrari : le ch\u00e2ssis 001, celui de Zafiropoulo. Les deux autres (002 et 003) ont \u00e9t\u00e9 finalis\u00e9es par Michelotto, \u00e0 partir de pi\u00e8ces d\u00e9j\u00e0 existantes. Autant dire que la F50 GT num\u00e9ro 001 est un joyau unique, le sommet de cette trilogie mythique.<\/p>\n<p>Sous son capot, un moteur V12 4,7 litres d\u00e9riv\u00e9 de la F1, capable de grimper \u00e0 10 500 tr\/min pour d\u00e9livrer pr\u00e8s de 750 ch. Son design radical, marqu\u00e9 par une carrosserie en fibre de carbone, un imposant aileron, un diffuseur massif, un toit avec prise d\u2019air et des jantes Speedline noires, en fait l\u2019une des Ferrari les plus extr\u00eames jamais construites.<\/p>\n<p>Un refus qui entre dans l\u2019histoire<\/p>\n<p><img loading=\"lazy\" decoding=\"async\" width=\"1200\" height=\"800\" alt=\"\" class=\"wp-image-41107 perfmatters-lazy\" src=\"https:\/\/www.europesays.com\/fr\/wp-content\/uploads\/2025\/09\/ferrari-f50-gt1-0.jpg\"  data-\/><\/p>\n<p>Arthur Zafiropoulo, son unique propri\u00e9taire depuis pr\u00e8s de trois d\u00e9cennies, a toujours tenu \u00e0 conserver cette pi\u00e8ce d\u2019histoire. Son attachement a d\u00e9fi\u00e9 toutes les logiques financi\u00e8res. Car cette offre de 100 millions de dollars aurait \u00e9tabli un record absolu, \u00e9clipsant la Ferrari 250 GTO vendue 70 millions de dollars en 2018.<\/p>\n<p>Ce refus rappelle une v\u00e9rit\u00e9 que tous les passionn\u00e9s connaissent : les Ferrari les plus rares sont inestimables. Tant que Zafiropoulo restera \u00e0 son volant, cette F50 GT continuera d\u2019incarner ce que beaucoup appellent le \u201cSaint Graal\u201d des supercars modernes.<\/p>\n<blockquote class=\"instagram-media\" data-instgrm-permalink=\"https:\/\/www.instagram.com\/reel\/DNa0oceNQUV\/?utm_source=ig_embed&amp;utm_campaign=loading\" data-instgrm-version=\"14\" style=\" background:#FFF; border:0; border-radius:3px; box-shadow:0 0 1px 0 rgba(0,0,0,0.5),0 1px 10px 0 rgba(0,0,0,0.15); margin: 1px; max-width:540px; min-width:326px; padding:0; width:99.375%; width:-webkit-calc(100% - 2px); width:calc(100% - 2px);\"\/>\n<p>\t\t<script async src=\"\/\/www.instagram.com\/embed.js\"><\/script><\/p>\n","protected":false},"excerpt":{"rendered":"Il y a des voitures si rares et si charg\u00e9es d\u2019histoire qu\u2019aucun montant, m\u00eame \u00e0 neuf chiffres, ne&hellip;\n","protected":false},"author":2,"featured_media":368580,"comment_status":"","ping_status":"","sticky":false,"template":"","format":"standard","meta":{"footnotes":""},"categories":[7],"tags":[50307,1011,27,43,40,41,39,42,44],"class_list":{"0":"post-368579","1":"post","2":"type-post","3":"status-publish","4":"format-standard","5":"has-post-thumbnail","7":"category-sciences-et-technologies","8":"tag-ferrari-f50","9":"tag-fr","10":"tag-france","11":"tag-science","12":"tag-science-and-technology","13":"tag-sciences","14":"tag-sciences-et-technologies","15":"tag-technologies","16":"tag-technology"},"share_on_mastodon":{"url":"https:\/\/pubeurope.com\/@fr\/115152668906005811","error":""},"_links":{"self":[{"href":"https:\/\/www.europesays.com\/fr\/wp-json\/wp\/v2\/posts\/368579","targetHints":{"allow":["GET"]}}],"collection":[{"href":"https:\/\/www.europesays.com\/fr\/wp-json\/wp\/v2\/posts"}],"about":[{"href":"https:\/\/www.europesays.com\/fr\/wp-json\/wp\/v2\/types\/post"}],"author":[{"embeddable":true,"href":"https:\/\/www.europesays.com\/fr\/wp-json\/wp\/v2\/users\/2"}],"replies":[{"embeddable":true,"href":"https:\/\/www.europesays.com\/fr\/wp-json\/wp\/v2\/comments?post=368579"}],"version-history":[{"count":0,"href":"https:\/\/www.europesays.com\/fr\/wp-json\/wp\/v2\/posts\/368579\/revisions"}],"wp:featuredmedia":[{"embeddable":true,"href":"https:\/\/www.europesays.com\/fr\/wp-json\/wp\/v2\/media\/368580"}],"wp:attachment":[{"href":"https:\/\/www.europesays.com\/fr\/wp-json\/wp\/v2\/media?parent=368579"}],"wp:term":[{"taxonomy":"category","embeddable":true,"href":"https:\/\/www.europesays.com\/fr\/wp-json\/wp\/v2\/categories?post=368579"},{"taxonomy":"post_tag","embeddable":true,"href":"https:\/\/www.europesays.com\/fr\/wp-json\/wp\/v2\/tags?post=368579"}],"curies":[{"name":"wp","href":"https:\/\/api.w.org\/{rel}","templated":true}]}}