{"id":368585,"date":"2025-09-05T16:39:12","date_gmt":"2025-09-05T16:39:12","guid":{"rendered":"https:\/\/www.europesays.com\/fr\/368585\/"},"modified":"2025-09-05T16:39:12","modified_gmt":"2025-09-05T16:39:12","slug":"aucun-journaliste-uniquement-des-tueurs-raphael-enthoven-deprogramme-dun-festival-a-besancon-pour-ses-propos-sur-gaza","status":"publish","type":"post","link":"https:\/\/www.europesays.com\/fr\/368585\/","title":{"rendered":"\u00ab Aucun journaliste, uniquement des tueurs \u00bb : Rapha\u00ebl Enthoven d\u00e9programm\u00e9 d\u2019un festival \u00e0 Besan\u00e7on pour ses propos sur Gaza"},"content":{"rendered":"<p class=\"paragraph text_align_left lp-f-body-02\">L\u2019agglom\u00e9ration de Besan\u00e7on, dirig\u00e9e par la gauche, a annul\u00e9 la participation du philosophe <a href=\"https:\/\/www.leparisien.fr\/societe\/bac-philo-raphael-enthoven-sort-grand-vainqueur-de-son-duel-contre-chatgpt-14-06-2023-GLL6JSN2BFAKNNMPZ2UFU5BWMY.php\" target=\"_blank\" rel=\"noreferrer nofollow noopener\">Rapha\u00ebl Enthoven<\/a> \u00e0 un festival litt\u00e9raire pr\u00e9vu du 19 au 21 septembre, en raison de propos de l\u2019auteur sur la situation \u00e0 <a href=\"https:\/\/www.leparisien.fr\/international\/israel\/\" target=\"_blank\" rel=\"noreferrer nofollow noopener\">Gaza<\/a>, a-t-elle indiqu\u00e9 jeudi.<\/p>\n<p class=\"paragraph text_align_left lp-f-body-02\">\u00ab Les r\u00e9centes d\u00e9clarations pol\u00e9miques de Rapha\u00ebl Enthoven sont de nature \u00e0 remettre en cause la s\u00e9r\u00e9nit\u00e9 du d\u00e9roulement du festival litt\u00e9raire Livres dans la boucle \u00bb, a d\u00e9clar\u00e9 \u00e0 l\u2019AFP une porte-parole. \u00ab Dans ces conditions, l\u2019organisateur Grand Besan\u00e7on M\u00e9tropole a demand\u00e9 au prestataire de la manifestation d\u2019annuler sa venue fin septembre \u00bb, a-t-elle ajout\u00e9.<\/p>\n<p>Des \u00ab propos inadmissibles \u00bb<\/p>\n<p class=\"paragraph text_align_left lp-f-body-02\">Dans un communiqu\u00e9 publi\u00e9 mercredi, la section de Besan\u00e7on du Parti communiste, membre de la majorit\u00e9 municipale, s\u2019\u00e9tait \u00e9mue de la venue annonc\u00e9e de Rapha\u00ebl Enthoven, en d\u00e9non\u00e7ant des \u00ab propos inadmissibles \u00bb qu\u2019il avait tenus sur le r\u00e9seau social X le 15 ao\u00fbt dernier.<\/p>\n<p class=\"paragraph text_align_left lp-f-body-02\">L\u2019\u00e9crivain, qui vient de publier \u00ab L\u2019Albatros \u00bb en cette rentr\u00e9e litt\u00e9raire &#8211; avait affirm\u00e9, : \u00ab Il n\u2019y a AUCUN journaliste \u00e0 Gaza. Uniquement des tueurs, des combattants ou des preneurs d\u2019otages avec une carte de presse \u00bb.<\/p>\n<blockquote class=\"twitter-tweet\">\n<p lang=\"fr\" dir=\"ltr\">Il n\u2019y a AUCUN journaliste \u00e0 Gaza. <br \/>Uniquement des tueurs, des combattants ou des preneurs d\u2019otages avec une carte de presse. \ud83d\udc47\ud83c\udfff <a href=\"https:\/\/t.co\/GSuU109uVt\" rel=\"nofollow\">pic.twitter.com\/GSuU109uVt<\/a><\/p>\n<p>\u2014 Rapha\u00ebl Enthoven \ud83c\udf97\ufe0f (@Enthoven_R) <a href=\"https:\/\/twitter.com\/Enthoven_R\/status\/1956321022388338970?ref_src=twsrc%5Etfw\" rel=\"nofollow noopener\" target=\"_blank\">August 15, 2025<\/a><\/p><\/blockquote>\n<p class=\"paragraph text_align_left lp-f-body-02\">Le lendemain, il avait pr\u00e9cis\u00e9, toujours sur X : \u00ab On conna\u00eet des dizaines d\u2019exemples av\u00e9r\u00e9s de faux \u00ab journalistes \u00bb qui sont en r\u00e9alit\u00e9 des combattants du Hamas ou des preneurs d\u2019otages. Combien d\u2019exemples a-t-on de journalistes libres de travailler \u00e0 Gaza qui ne soient li\u00e9s ni de pr\u00e8s ni de loin \u00e0 l\u2019organisation terroriste ? \u00bb<\/p>\n<p>Le PCF condamnne les menaces de mort re\u00e7ues par Enthoven<\/p>\n<p class=\"paragraph text_align_left lp-f-body-02\">Apr\u00e8s ces d\u00e9clarations \u00ab Rapha\u00ebl Enthoven a essuy\u00e9 insultes et menaces de mort. Ce qui est \u00e9videmment condamnable \u00bb, a comment\u00e9 le PCF de Besan\u00e7on. \u00ab Mais cela ne doit pas faire oublier le caract\u00e8re intol\u00e9rable de ces propos \u00bb, qui \u00ab donnent tout simplement carte blanche \u00e0 l\u2019arm\u00e9e isra\u00e9lienne pour assassiner sans honte ceux qui voudraient informer et d\u00e9noncer ses forfaits \u00bb, a d\u00e9nonc\u00e9 le parti communiste.<\/p>\n<p class=\"paragraph text_align_left lp-f-body-02\">Plus de 250 m\u00e9dias dans 70 pays ont particip\u00e9 lundi \u00e0 une op\u00e9ration pour d\u00e9noncer le nombre de journalistes tu\u00e9s \u00e0 Gaza, soit plus de 210 selon l\u2019ONG Reporters sans fronti\u00e8res.<\/p>\n<p><script async src=\"https:\/\/platform.twitter.com\/widgets.js\" charset=\"utf-8\"><\/script><\/p>\n","protected":false},"excerpt":{"rendered":"L\u2019agglom\u00e9ration de Besan\u00e7on, dirig\u00e9e par la gauche, a annul\u00e9 la participation du philosophe Rapha\u00ebl Enthoven \u00e0 un festival&hellip;\n","protected":false},"author":2,"featured_media":368586,"comment_status":"","ping_status":"","sticky":false,"template":"","format":"standard","meta":{"footnotes":""},"categories":[4],"tags":[11,872,1011,27,14,1380,12,25],"class_list":{"0":"post-368585","1":"post","2":"type-post","3":"status-publish","4":"format-standard","5":"has-post-thumbnail","7":"category-france","8":"tag-actualites","9":"tag-culture-et-loisirs","10":"tag-fr","11":"tag-france","12":"tag-international","13":"tag-livres","14":"tag-news","15":"tag-republique-francaise"},"share_on_mastodon":{"url":"https:\/\/pubeurope.com\/@fr\/115152680616515947","error":""},"_links":{"self":[{"href":"https:\/\/www.europesays.com\/fr\/wp-json\/wp\/v2\/posts\/368585","targetHints":{"allow":["GET"]}}],"collection":[{"href":"https:\/\/www.europesays.com\/fr\/wp-json\/wp\/v2\/posts"}],"about":[{"href":"https:\/\/www.europesays.com\/fr\/wp-json\/wp\/v2\/types\/post"}],"author":[{"embeddable":true,"href":"https:\/\/www.europesays.com\/fr\/wp-json\/wp\/v2\/users\/2"}],"replies":[{"embeddable":true,"href":"https:\/\/www.europesays.com\/fr\/wp-json\/wp\/v2\/comments?post=368585"}],"version-history":[{"count":0,"href":"https:\/\/www.europesays.com\/fr\/wp-json\/wp\/v2\/posts\/368585\/revisions"}],"wp:featuredmedia":[{"embeddable":true,"href":"https:\/\/www.europesays.com\/fr\/wp-json\/wp\/v2\/media\/368586"}],"wp:attachment":[{"href":"https:\/\/www.europesays.com\/fr\/wp-json\/wp\/v2\/media?parent=368585"}],"wp:term":[{"taxonomy":"category","embeddable":true,"href":"https:\/\/www.europesays.com\/fr\/wp-json\/wp\/v2\/categories?post=368585"},{"taxonomy":"post_tag","embeddable":true,"href":"https:\/\/www.europesays.com\/fr\/wp-json\/wp\/v2\/tags?post=368585"}],"curies":[{"name":"wp","href":"https:\/\/api.w.org\/{rel}","templated":true}]}}