{"id":368589,"date":"2025-09-05T16:41:15","date_gmt":"2025-09-05T16:41:15","guid":{"rendered":"https:\/\/www.europesays.com\/fr\/368589\/"},"modified":"2025-09-05T16:41:15","modified_gmt":"2025-09-05T16:41:15","slug":"saint-etienne-a-100-ans-jean-villegas-a-connu-la-mine-la-seconde-guerre-mondiale-mai-1968","status":"publish","type":"post","link":"https:\/\/www.europesays.com\/fr\/368589\/","title":{"rendered":"Saint-\u00c9tienne. \u00c0 100 ans, Jean Villegas a connu la mine, la Seconde Guerre mondiale, mai\u00a01968"},"content":{"rendered":"<p>Jean Villegas na\u00eet \u00e0 Grange Neuve, un camp de travailleurs immigr\u00e9s espagnols \u00e0 Saint-Jean-Bonnefonds, o\u00f9 son p\u00e8re, comme tant d\u2019autres venus d\u2019Espagne dans les ann\u00e9es 1920, travaille \u00e0 la mine. Des familles ouvri\u00e8res originaires de la p\u00e9ninsule ib\u00e9rique y ont form\u00e9 une communaut\u00e9, renforc\u00e9e apr\u00e8s la Guerre civile espagnole par l\u2019arriv\u00e9e de r\u00e9fugi\u00e9s.<\/p>\n<p>Un homme r\u00e9silient<\/p>\n<p>Jean grandit dans ce d\u00e9cor et prend lui aussi le chemin de la mine. Il travaille 16 ans en tant&#8230;<\/p>\n","protected":false},"excerpt":{"rendered":"Jean Villegas na\u00eet \u00e0 Grange Neuve, un camp de travailleurs immigr\u00e9s espagnols \u00e0 Saint-Jean-Bonnefonds, o\u00f9 son p\u00e8re, comme&hellip;\n","protected":false},"author":2,"featured_media":368590,"comment_status":"","ping_status":"","sticky":false,"template":"","format":"standard","meta":{"footnotes":""},"categories":[9653],"tags":[1111,11,7476,2430,7539,1777,674,1011,27,12,25,4001,7538,104],"class_list":{"0":"post-368589","1":"post","2":"type-post","3":"status-publish","4":"format-standard","5":"has-post-thumbnail","7":"category-saint-etienne","8":"tag-actu","9":"tag-actualites","10":"tag-anniversaires","11":"tag-auvergne-rhone-alpes","12":"tag-edition-loire-sud","13":"tag-eu","14":"tag-europe","15":"tag-fr","16":"tag-france","17":"tag-news","18":"tag-republique-francaise","19":"tag-saint-etienne","20":"tag-saint-etienne-ville","21":"tag-societe"},"share_on_mastodon":{"url":"https:\/\/pubeurope.com\/@fr\/115152688447365084","error":""},"_links":{"self":[{"href":"https:\/\/www.europesays.com\/fr\/wp-json\/wp\/v2\/posts\/368589","targetHints":{"allow":["GET"]}}],"collection":[{"href":"https:\/\/www.europesays.com\/fr\/wp-json\/wp\/v2\/posts"}],"about":[{"href":"https:\/\/www.europesays.com\/fr\/wp-json\/wp\/v2\/types\/post"}],"author":[{"embeddable":true,"href":"https:\/\/www.europesays.com\/fr\/wp-json\/wp\/v2\/users\/2"}],"replies":[{"embeddable":true,"href":"https:\/\/www.europesays.com\/fr\/wp-json\/wp\/v2\/comments?post=368589"}],"version-history":[{"count":0,"href":"https:\/\/www.europesays.com\/fr\/wp-json\/wp\/v2\/posts\/368589\/revisions"}],"wp:featuredmedia":[{"embeddable":true,"href":"https:\/\/www.europesays.com\/fr\/wp-json\/wp\/v2\/media\/368590"}],"wp:attachment":[{"href":"https:\/\/www.europesays.com\/fr\/wp-json\/wp\/v2\/media?parent=368589"}],"wp:term":[{"taxonomy":"category","embeddable":true,"href":"https:\/\/www.europesays.com\/fr\/wp-json\/wp\/v2\/categories?post=368589"},{"taxonomy":"post_tag","embeddable":true,"href":"https:\/\/www.europesays.com\/fr\/wp-json\/wp\/v2\/tags?post=368589"}],"curies":[{"name":"wp","href":"https:\/\/api.w.org\/{rel}","templated":true}]}}