{"id":368597,"date":"2025-09-05T16:46:10","date_gmt":"2025-09-05T16:46:10","guid":{"rendered":"https:\/\/www.europesays.com\/fr\/368597\/"},"modified":"2025-09-05T16:46:10","modified_gmt":"2025-09-05T16:46:10","slug":"vernissage-et-expo-au-broussan-lassociation-lart-et-var-met-les-artistes-amateurs-a-lhonneur-a-evenos","status":"publish","type":"post","link":"https:\/\/www.europesays.com\/fr\/368597\/","title":{"rendered":"Vernissage et expo au Broussan: l\u2019association L\u2019Art et Var met les artistes amateurs \u00e0 l\u2019honneur \u00e0 \u00c9venos"},"content":{"rendered":"<p>Comme chaque ann\u00e9e \u00e0 la m\u00eame \u00e9poque, l\u2019association culturelle <strong>L\u2019Art et Var<\/strong> pr\u00e9sid\u00e9e par Pierre-Jean Liotta pr\u00e9sente les peintures de ses adh\u00e9rents jusqu\u2019\u00e0 dimanche inclus dans les murs de la salle polyvalente Estienne-Roux du Broussan.<\/p>\n<p>Les invit\u00e9s pr\u00e9sents au <strong>vernissage<\/strong>, ce vendredi soir, pourront admirer tout \u00e0 loisir les \u0153uvres pr\u00e9sent\u00e9es par une quinzaine de peintres chevronn\u00e9s.<\/p>\n<p>Comme toujours, diverses techniques seront repr\u00e9sent\u00e9es &#8211; huile, acrylique, encre, aquarelle, dessin, pastel, collage, mixte, sculptures &#8211; ainsi que tous les styles &#8211; acad\u00e9mique, abstrait, figuratif, surr\u00e9aliste, na\u00eff, cubiste, impressionniste &#8211; et toutes les sources d\u2019inspiration possibles: portraits, natures mortes, paysages, personnages, nus, animaux, compositions florales, marines, sc\u00e8ne de la vie courante.<\/p>\n<p><strong>Les cours ont lieu \u00e0 Sainte-Anne<\/strong> tous les mercredis de 9h \u00e0 16h \u00e0 la salle Saturne du complexe communal Espace.<\/p>\n<p>Qu\u2019ils soient d\u00e9butants ou confirm\u00e9s, tous les artistes amateurs sont les bienvenus.\u00a0<\/p>\n<p><strong>Savoir+<\/strong><br \/>&#13;<br \/>\nAssociation l\u2019Art en Var.<\/p>\n<p>Tel: 06.68.63.76.09.<\/p>\n<p>Courriel: <a href=\"https:\/\/www.varmatin.com\/arts\/mailto:art.en.var@gmail.com\" target=\"_blank\" rel=\"noopener nofollow\">art.en.var@gmail.com<\/a><\/p>\n","protected":false},"excerpt":{"rendered":"Comme chaque ann\u00e9e \u00e0 la m\u00eame \u00e9poque, l\u2019association culturelle L\u2019Art et Var pr\u00e9sid\u00e9e par Pierre-Jean Liotta pr\u00e9sente les&hellip;\n","protected":false},"author":2,"featured_media":368598,"comment_status":"","ping_status":"","sticky":false,"template":"","format":"standard","meta":{"footnotes":""},"categories":[9619],"tags":[1111,11,1348,251,1777,674,1011,27,12,882,25,2310],"class_list":{"0":"post-368597","1":"post","2":"type-post","3":"status-publish","4":"format-standard","5":"has-post-thumbnail","7":"category-toulon","8":"tag-actu","9":"tag-actualites","10":"tag-arts","11":"tag-culture","12":"tag-eu","13":"tag-europe","14":"tag-fr","15":"tag-france","16":"tag-news","17":"tag-provence-alpes-cote-dazur","18":"tag-republique-francaise","19":"tag-toulon"},"share_on_mastodon":{"url":"https:\/\/pubeurope.com\/@fr\/115152708103400492","error":""},"_links":{"self":[{"href":"https:\/\/www.europesays.com\/fr\/wp-json\/wp\/v2\/posts\/368597","targetHints":{"allow":["GET"]}}],"collection":[{"href":"https:\/\/www.europesays.com\/fr\/wp-json\/wp\/v2\/posts"}],"about":[{"href":"https:\/\/www.europesays.com\/fr\/wp-json\/wp\/v2\/types\/post"}],"author":[{"embeddable":true,"href":"https:\/\/www.europesays.com\/fr\/wp-json\/wp\/v2\/users\/2"}],"replies":[{"embeddable":true,"href":"https:\/\/www.europesays.com\/fr\/wp-json\/wp\/v2\/comments?post=368597"}],"version-history":[{"count":0,"href":"https:\/\/www.europesays.com\/fr\/wp-json\/wp\/v2\/posts\/368597\/revisions"}],"wp:featuredmedia":[{"embeddable":true,"href":"https:\/\/www.europesays.com\/fr\/wp-json\/wp\/v2\/media\/368598"}],"wp:attachment":[{"href":"https:\/\/www.europesays.com\/fr\/wp-json\/wp\/v2\/media?parent=368597"}],"wp:term":[{"taxonomy":"category","embeddable":true,"href":"https:\/\/www.europesays.com\/fr\/wp-json\/wp\/v2\/categories?post=368597"},{"taxonomy":"post_tag","embeddable":true,"href":"https:\/\/www.europesays.com\/fr\/wp-json\/wp\/v2\/tags?post=368597"}],"curies":[{"name":"wp","href":"https:\/\/api.w.org\/{rel}","templated":true}]}}