{"id":368603,"date":"2025-09-05T16:49:10","date_gmt":"2025-09-05T16:49:10","guid":{"rendered":"https:\/\/www.europesays.com\/fr\/368603\/"},"modified":"2025-09-05T16:49:10","modified_gmt":"2025-09-05T16:49:10","slug":"le-maieuticien-juge-pour-viols-a-montpellier-condamne-a-14-ans-de-reclusion-criminelle","status":"publish","type":"post","link":"https:\/\/www.europesays.com\/fr\/368603\/","title":{"rendered":"Le ma\u00efeuticien jug\u00e9 pour \u00ab\u00a0viols\u00a0\u00bb \u00e0 Montpellier condamn\u00e9 \u00e0 14 ans de r\u00e9clusion criminelle"},"content":{"rendered":"<p><a href=\"https:\/\/www.laprovence.com\/article\/france-monde\/3850647221775714\/maieuticien-accuse-de-viols-14-ans-requis-au-proces-de-la-liberation-de-la-parole\" target=\"_blank\" rel=\"noopener\">Un ma\u00efeuticien jug\u00e9 pour les viols de six patientes<\/a> a \u00e9t\u00e9 condamn\u00e9 ce vendredi \u00e0 Montpellier \u00e0 14 ans de r\u00e9clusion criminelle, quatre ans apr\u00e8s une premi\u00e8re condamnation \u00e0 12 ans de prison pour des faits similaires commis sur 11 autres femmes.<\/p>\n<p>Apr\u00e8s une courte d\u00e9lib\u00e9ration, la cour criminelle de l&rsquo;H\u00e9rault a suivi le r\u00e9quisitoire du parquet en d\u00e9clarant Lionel Charvin coupable de \u00ab\u00a0p\u00e9n\u00e9trations sexuelles par violence, menace, contrainte ou surprise\u00a0\u00bb sur ces six femmes, avec la circonstance aggravante qu&rsquo;elles ont \u00e9t\u00e9 commises en \u00ab\u00a0abusant de l&rsquo;autorit\u00e9 conf\u00e9r\u00e9e par sa fonction\u00a0\u00bb.<\/p>\n<p>Pendant les deux jours de proc\u00e8s, Lionel Charvin s&rsquo;\u00e9tait d\u00e9fendu de l&rsquo;accusation de viols, assurant qu&rsquo;il avait uniquement pratiqu\u00e9 des \u00ab\u00a0gestes m\u00e9dicaux\u00a0\u00bb.<\/p>\n","protected":false},"excerpt":{"rendered":"Un ma\u00efeuticien jug\u00e9 pour les viols de six patientes a \u00e9t\u00e9 condamn\u00e9 ce vendredi \u00e0 Montpellier \u00e0 14&hellip;\n","protected":false},"author":2,"featured_media":368604,"comment_status":"","ping_status":"","sticky":false,"template":"","format":"standard","meta":{"footnotes":""},"categories":[9599],"tags":[17,1111,11,1764,1102,8652,1777,674,274,1011,27,9342,50308,2208,12,2680,471,25,14122],"class_list":{"0":"post-368603","1":"post","2":"type-post","3":"status-publish","4":"format-standard","5":"has-post-thumbnail","7":"category-montpellier","8":"tag-17","9":"tag-actu","10":"tag-actualites","11":"tag-ans","12":"tag-breakingnews","13":"tag-condamne","14":"tag-eu","15":"tag-europe","16":"tag-faits-divers-justice","17":"tag-fr","18":"tag-france","19":"tag-juge","20":"tag-maieuticien","21":"tag-montpellier","22":"tag-news","23":"tag-occitanie","24":"tag-pour","25":"tag-republique-francaise","26":"tag-viols"},"share_on_mastodon":{"url":"https:\/\/pubeurope.com\/@fr\/115152720097343638","error":""},"_links":{"self":[{"href":"https:\/\/www.europesays.com\/fr\/wp-json\/wp\/v2\/posts\/368603","targetHints":{"allow":["GET"]}}],"collection":[{"href":"https:\/\/www.europesays.com\/fr\/wp-json\/wp\/v2\/posts"}],"about":[{"href":"https:\/\/www.europesays.com\/fr\/wp-json\/wp\/v2\/types\/post"}],"author":[{"embeddable":true,"href":"https:\/\/www.europesays.com\/fr\/wp-json\/wp\/v2\/users\/2"}],"replies":[{"embeddable":true,"href":"https:\/\/www.europesays.com\/fr\/wp-json\/wp\/v2\/comments?post=368603"}],"version-history":[{"count":0,"href":"https:\/\/www.europesays.com\/fr\/wp-json\/wp\/v2\/posts\/368603\/revisions"}],"wp:featuredmedia":[{"embeddable":true,"href":"https:\/\/www.europesays.com\/fr\/wp-json\/wp\/v2\/media\/368604"}],"wp:attachment":[{"href":"https:\/\/www.europesays.com\/fr\/wp-json\/wp\/v2\/media?parent=368603"}],"wp:term":[{"taxonomy":"category","embeddable":true,"href":"https:\/\/www.europesays.com\/fr\/wp-json\/wp\/v2\/categories?post=368603"},{"taxonomy":"post_tag","embeddable":true,"href":"https:\/\/www.europesays.com\/fr\/wp-json\/wp\/v2\/tags?post=368603"}],"curies":[{"name":"wp","href":"https:\/\/api.w.org\/{rel}","templated":true}]}}