{"id":368605,"date":"2025-09-05T16:50:32","date_gmt":"2025-09-05T16:50:32","guid":{"rendered":"https:\/\/www.europesays.com\/fr\/368605\/"},"modified":"2025-09-05T16:50:32","modified_gmt":"2025-09-05T16:50:32","slug":"cela-marque-le-debut-dun-mois-intensif-avant-le-depart-de-rouen-spectateurs-et-skippers-profitent","status":"publish","type":"post","link":"https:\/\/www.europesays.com\/fr\/368605\/","title":{"rendered":"\u00ab\u00a0Cela marque le d\u00e9but d&rsquo;un mois intensif\u00a0\u00bb, avant le d\u00e9part de Rouen, spectateurs et skippers profitent"},"content":{"rendered":"<p class=\"article__intro\">Ce vendredi 5 septembre, la Solitaire du Figaro Paprec prendra le d\u00e9part depuis Rouen pour rejoindre Le Havre, puis la baie de Morlaix. Mais avant de voir les bateaux voguer sur les Boucles de la Seine, les Rouennais sont venus une derni\u00e8re fois admirer les monocoques, qui ont pass\u00e9 une semaine \u00e0 quai dans leur ville.<\/p>\n<p>\n      L\u2019actu des r\u00e9gions\n    <\/p>\n<p>\n      Chaque jour, un tour d\u2019horizon des principales infos de toutes les r\u00e9gions.\n    <\/p>\n<p>    France T\u00e9l\u00e9visions utilise votre adresse e-mail afin de vous envoyer la newsletter \u00ab\u00a0L\u2019actu des r\u00e9gions\u00a0\u00bb. Vous pouvez vous d\u00e9sinscrire \u00e0 tout moment via le lien en bas de cette newsletter. <a target=\"_blank\" href=\"https:\/\/www.francetelevisions.fr\/groupe\/confidentialite\/politique-de-confidentialite\/politique-de-confidentialite-de-france-televisions-6503\" rel=\"nofollow noopener\">Notre politique de confidentialit\u00e9<\/a><\/p>\n<p>Ce vendredi 5 septembre au matin, les m\u00e2ts immenses des monocoques tanguent au gr\u00e9 des flots calmes de la Seine. Le calme r\u00e8gne aussi sur le quai Gaston Boulet de Rouen \u00e0 10 h. Seuls quelques joggeurs et curieux matinaux sont venus braver la brise fra\u00eeche de ce d\u00e9but septembre, afin d&rsquo;observer skippers et embarcations de la Solitaire du Figaro Paprec.<\/p>\n<p>Pourtant, ce moment d&rsquo;accalmie est condamn\u00e9 \u00e0 se muer en temp\u00eate, une fois la comp\u00e9tition commenc\u00e9e. Pour rappel, voici les diff\u00e9rentes \u00e9tapes r\u00e9capitul\u00e9es en vid\u00e9o.<\/p>\n<\/p>\n<p>Le silence est d&rsquo;or ce matin sur les quais. Seuls les cris stridents de quelques oiseaux du littoral viennent troubler le l\u00e9ger bruit du fleuve. Les volatiles, occup\u00e9s \u00e0 barboter dans la Seine, ne sont gu\u00e8re d\u00e9rang\u00e9s par le passage discret de rares bateaux. Mais \u00e0 partir de 12h45, les 35 Figaro B\u00e9n\u00e9teau 3 briseront la surface de l&rsquo;eau en prenant leur d\u00e9part.<\/p>\n<p>Juste avant de pouvoir s&rsquo;approcher des embarcations des skippers, un homme barre le passage. Muni d&rsquo;une b\u00e2che bleue, il s&rsquo;affaire \u00e0 la d\u00e9ployer. En quelques minutes, ce qui n&rsquo;\u00e9tait qu&rsquo;un voile plastique s&rsquo;\u00e9rige en arche pneumatique, l&rsquo;entr\u00e9e des skippers dans ce qui marquera un d\u00e9part fictif de la course. \u00ab\u00a0On installe un petit corridor pour que les marins puissent l&#8217;emprunter sans \u00eatre d\u00e9rang\u00e9s avant de rejoindre les bateaux\u00a0\u00bb, explique-t-il. Il ne reste plus qu&rsquo;\u00e0 attacher la structure solidement pour Ma\u00ebl. Le r\u00e9gisseur technique est affair\u00e9 depuis t\u00f4t ce matin.<\/p>\n<p>\n<a data-article-figure=\"\" href=\"https:\/\/france3-regions.franceinfo.fr\/image\/d_oF7DEGwy2TO5pwo87RGd6wpHo\/4032x3024\/regions\/2025\/09\/05\/img-9721-68baac175856b619566348.jpg\" data-pswp-width=\"4032\" data-pswp-height=\"3024\" target=\"_blank\" rel=\"nofollow noopener\"><\/p>\n<p>          <img width=\"600\" height=\"400\" class=\"article-image lazy\" data-src=\"https:\/\/www.europesays.com\/fr\/wp-content\/uploads\/2025\/09\/img-9721-68baac175856b619566348.jpg\" alt=\"Ma\u00ebl est r\u00e9gisseur technique sur la Solitaire du Figaro Paprec.\" fetchpriority=\"high\" as=\"image\"\/><\/p>\n<p>\n            Ma\u00ebl est r\u00e9gisseur technique sur la Solitaire du Figaro Paprec.<br \/>\n                           \u2022<br \/>\n                                      \u00a9 Vincent Constant \/ France T\u00e9l\u00e9visions\n                      <\/p>\n<p><\/a><\/p>\n<p>C&rsquo;est la quatri\u00e8me Solitaire pour ce technicien chevronn\u00e9. \u00ab\u00a0La particularit\u00e9 de ce matin c&rsquo;est qu&rsquo;il faut monter le pont (Gustave Flaubert). C&rsquo;est un pont sur poulies, ils vont monter le tablier pour que les bateaux passent, car pour le moment avec la hauteur d&rsquo;eau, ils ne passent pas avec leurs m\u00e2ts. Cela ne se fait pas comme cela au pied lev\u00e9, il faut de la coordination avec les diff\u00e9rents services. On a h\u00e2te que cela commence, cela marque le d\u00e9but d&rsquo;un mois intensif, pour la comp\u00e9tition, mais aussi pour l&rsquo;organisation.\u00a0\u00bb<\/p>\n<p>Une fois les navires partis, pour l&rsquo;organisation il faudra d\u00e9monter le village et emmener tout le mat\u00e9riel pour le r\u00e9installer \u00e0 Roscoff (Finist\u00e8re).<\/p>\n<p>Quelques promeneurs commencent aussi \u00e0 s&rsquo;agglutiner au bord pour jeter un coup d&rsquo;\u0153il aux monocoques. Chantal et Fr\u00e9d\u00e9ric sont venus depuis l&rsquo;autre c\u00f4t\u00e9 du fleuve pour admirer les voiliers, une derni\u00e8re fois. \u00ab\u00a0On suit toujours l&rsquo;\u00e9v\u00e8nement, notamment \u00e0 la radio, donc c&rsquo;est toujours agr\u00e9able de venir se promener et d&rsquo;observer les bateaux\u00a0\u00bb, confie ce dernier. Le son des enceintes interrompt l&rsquo;homme pour annoncer un d\u00e9part pr\u00e9vu entre 12h45 et 13h30. \u00ab\u00a0Je ne sais pas si on restera jusque-l\u00e0\u00a0\u00bb, l\u00e2che Chantal dans un \u00e9clat de rire.<\/p>\n<p>\n<a data-article-figure=\"\" href=\"https:\/\/france3-regions.franceinfo.fr\/image\/CxSz_WVogE05tMoEPfXuTe8jcOs\/4032x3024\/regions\/2025\/09\/05\/img-9715-68bab280a484f978748122.jpg\" data-pswp-width=\"4032\" data-pswp-height=\"3024\" target=\"_blank\" rel=\"nofollow noopener\"><\/p>\n<p>          <img width=\"600\" height=\"400\" class=\"article-image lazy\" data-src=\"https:\/\/www.europesays.com\/fr\/wp-content\/uploads\/2025\/09\/img-9715-68bab280a484f978748122.jpg\" alt=\"Chantal et Fr\u00e9d\u00e9ric sont venus \u00e0 pied pour admirer les bateaux une derni\u00e8re fois.\" fetchpriority=\"high\" as=\"image\"\/><\/p>\n<p>\n            Chantal et Fr\u00e9d\u00e9ric sont venus \u00e0 pied pour admirer les bateaux une derni\u00e8re fois.<br \/>\n                           \u2022<br \/>\n                                      \u00a9 Vincent Constant \/ France T\u00e9l\u00e9visions\n                      <\/p>\n<p><\/a><\/p>\n<p>Main derri\u00e8re le dos, Michel, 88 ans, n&rsquo;en perd pas une miette. Depuis son arriv\u00e9e \u00e0 Rouen en 2020, il n&rsquo;a jamais manqu\u00e9 le passage des monocoques \u00e0 Rouen. \u00ab\u00a0Le d\u00e9part sera un peu tard pour moi et il ne fait pas tr\u00e8s beau\u00a0\u00bb, regrette-t-il. \u00ab\u00a0Je viens \u00e0 chaque fois, j&rsquo;aime bien le bateau, j&rsquo;ai arr\u00eat\u00e9 apr\u00e8s avoir pris ma retraite. Mais je suis toujours avec attention.\u00a0\u00bb<\/p>\n<p>\n<a data-article-figure=\"\" href=\"https:\/\/france3-regions.franceinfo.fr\/image\/CoZIEBT_pIvMMi0b5BGXNkqo8zo\/4032x3024\/regions\/2025\/09\/05\/img-9723-68bab35cd2d26835635508.jpg\" data-pswp-width=\"4032\" data-pswp-height=\"3024\" target=\"_blank\" rel=\"nofollow noopener\"><\/p>\n<p>          <img width=\"600\" height=\"400\" class=\"article-image lazy\" data-src=\"https:\/\/www.europesays.com\/fr\/wp-content\/uploads\/2025\/09\/img-9723-68bab35cd2d26835635508.jpg\" alt=\"Michel, 88 ans, suivra la Solitaire avec attention, comme chaque ann\u00e9e.\" fetchpriority=\"high\" as=\"image\"\/><\/p>\n<p>\n            Michel, 88 ans, suivra la Solitaire avec attention, comme chaque ann\u00e9e.<br \/>\n                           \u2022<br \/>\n                                      \u00a9 Vincent Constant \/ France T\u00e9l\u00e9visions\n                      <\/p>\n<p><\/a><\/p>\n<p>Le bruit des cl\u00e9s \u00e0 molettes et des cordes commence aussi \u00e0 se faire entendre. Les caisses de mat\u00e9riel et les bo\u00eetes \u00e0 outils sont de sortie sur les ponts des skippers. Ce matin c&rsquo;est l&rsquo;occasion de pratiquer les ultimes r\u00e9glages \u00e0 quai. D&rsquo;une embarcation \u00e0 l&rsquo;autre, certains discutent tranquillement, tandis que d&rsquo;autres passent de la cale \u00e0 la proue \u00e0 toute vitesse. <a href=\"https:\/\/www.lasolitaire.com\/post\/bulletin-m%C3%A9t%C3%A9o-consult-vendredi-5-septembre\" target=\"_blank\" data-tooltip-url=\"https:\/\/www.lasolitaire.com\/post\/bulletin-m%C3%A9t%C3%A9o-consult-vendredi-5-septembre\" rel=\"noopener nofollow\">Le ciel gris promet une m\u00e9t\u00e9o changeante<\/a>. Peu avant 11h, une averse surgit de nulle part et, par ses gouttes froides, elle vient donner un coup de fouet \u00e0 certains navigateurs.<\/p>\n<p>\n<a data-article-figure=\"\" href=\"https:\/\/france3-regions.franceinfo.fr\/image\/UUDBvVshnFJNh57N2vi5UN6wEpA\/4032x3024\/regions\/2025\/09\/05\/img-9728-68bab1eeda6b6737398455.jpg\" data-pswp-width=\"4032\" data-pswp-height=\"3024\" target=\"_blank\" rel=\"nofollow noopener\"><\/p>\n<p>          <img width=\"600\" height=\"400\" class=\"article-image lazy\" data-src=\"https:\/\/www.europesays.com\/fr\/wp-content\/uploads\/2025\/09\/img-9728-68bab1eeda6b6737398455.jpg\" alt=\"Avant le d\u00e9part de Rouen ce vendredi 5 septembre, les skippers proc\u00e8dent aux derniers r\u00e9glages sur leurs embarcations.\" fetchpriority=\"high\" as=\"image\"\/><\/p>\n<p>\n            Avant le d\u00e9part de Rouen ce vendredi 5 septembre, les skippers proc\u00e8dent aux derniers r\u00e9glages sur leurs embarcations.<br \/>\n                           \u2022<br \/>\n                                      \u00a9 Vincent Constant \/ France T\u00e9l\u00e9visions\n                      <\/p>\n<p><\/a><\/p>\n<p>Eliaz Morineau par exemple, a la mine s\u00e9rieuse et le regard concentr\u00e9. Il fait partie des treize \u00ab\u00a0bizuths\u00a0\u00bb de cette \u00e9dition. Premi\u00e8re oblige, comme tous ses coll\u00e8gues n\u00e9ophytes de la Solitaire, il a particip\u00e9 \u00e0 un brief sp\u00e9cial hier. Lui qui d\u00e9fendra les couleurs de \u00ab\u00a0Demain sans HPV\u00a0\u00bb, expliquait dans <a href=\"https:\/\/france3-regions.franceinfo.fr\/normandie\/seine-maritime\/rouen\/grace-au-hpv-j-ai-la-niaque-atteint-par-le-papillomavirus-ce-navigateur-va-prendre-le-depart-de-la-solitaire-du-figaro-3210566.html\" target=\"_blank\" data-tooltip-url=\"https:\/\/france3-regions.franceinfo.fr\/normandie\/seine-maritime\/rouen\/grace-au-hpv-j-ai-la-niaque-atteint-par-le-papillomavirus-ce-navigateur-va-prendre-le-depart-de-la-solitaire-du-figaro-3210566.html\" rel=\"noopener nofollow\">cet article<\/a> avoir h\u00e2te de retrouver la haute mer et d&rsquo;y arborer le pavillon de sa cause.<\/p>\n<p>Les 35 bateaux sont partis ce vendredi vers 13h30 en direction de la baie de Seine.<\/p>\n","protected":false},"excerpt":{"rendered":"Ce vendredi 5 septembre, la Solitaire du Figaro Paprec prendra le d\u00e9part depuis Rouen pour rejoindre Le Havre,&hellip;\n","protected":false},"author":2,"featured_media":368606,"comment_status":"","ping_status":"","sticky":false,"template":"","format":"standard","meta":{"footnotes":""},"categories":[9587],"tags":[1111,11,1777,674,1011,27,12,5161,25,9590],"class_list":{"0":"post-368605","1":"post","2":"type-post","3":"status-publish","4":"format-standard","5":"has-post-thumbnail","7":"category-rouen","8":"tag-actu","9":"tag-actualites","10":"tag-eu","11":"tag-europe","12":"tag-fr","13":"tag-france","14":"tag-news","15":"tag-normandie","16":"tag-republique-francaise","17":"tag-rouen"},"share_on_mastodon":{"url":"https:\/\/pubeurope.com\/@fr\/115152723990550761","error":""},"_links":{"self":[{"href":"https:\/\/www.europesays.com\/fr\/wp-json\/wp\/v2\/posts\/368605","targetHints":{"allow":["GET"]}}],"collection":[{"href":"https:\/\/www.europesays.com\/fr\/wp-json\/wp\/v2\/posts"}],"about":[{"href":"https:\/\/www.europesays.com\/fr\/wp-json\/wp\/v2\/types\/post"}],"author":[{"embeddable":true,"href":"https:\/\/www.europesays.com\/fr\/wp-json\/wp\/v2\/users\/2"}],"replies":[{"embeddable":true,"href":"https:\/\/www.europesays.com\/fr\/wp-json\/wp\/v2\/comments?post=368605"}],"version-history":[{"count":0,"href":"https:\/\/www.europesays.com\/fr\/wp-json\/wp\/v2\/posts\/368605\/revisions"}],"wp:featuredmedia":[{"embeddable":true,"href":"https:\/\/www.europesays.com\/fr\/wp-json\/wp\/v2\/media\/368606"}],"wp:attachment":[{"href":"https:\/\/www.europesays.com\/fr\/wp-json\/wp\/v2\/media?parent=368605"}],"wp:term":[{"taxonomy":"category","embeddable":true,"href":"https:\/\/www.europesays.com\/fr\/wp-json\/wp\/v2\/categories?post=368605"},{"taxonomy":"post_tag","embeddable":true,"href":"https:\/\/www.europesays.com\/fr\/wp-json\/wp\/v2\/tags?post=368605"}],"curies":[{"name":"wp","href":"https:\/\/api.w.org\/{rel}","templated":true}]}}