{"id":368611,"date":"2025-09-05T16:53:25","date_gmt":"2025-09-05T16:53:25","guid":{"rendered":"https:\/\/www.europesays.com\/fr\/368611\/"},"modified":"2025-09-05T16:53:25","modified_gmt":"2025-09-05T16:53:25","slug":"top-14-grenoble-marc-palmier-veut-saisir-louverture","status":"publish","type":"post","link":"https:\/\/www.europesays.com\/fr\/368611\/","title":{"rendered":"Top 14 &#8211; Grenoble : Marc Palmier veut saisir l\u2019ouverture"},"content":{"rendered":"<p>\n                Marc Palmier Ouvreur de Grenoble Rempla\u00e7ant de choix de Sam Davies, Marc Palmier a l\u2019ambition de confirmer toutes les bonnes choses qu\u2019il a d\u00e9j\u00e0 r\u00e9alis\u00e9 en Pro D2.\n            <\/p>\n<p>Le demi d\u2019ouverture de Grenoble, c\u2019est lui. En l\u2019absence de Sam Davies, touch\u00e9 \u00e0 une \u00e9paule et indisponible pour plusieurs mois, Marc Palmier a endoss\u00e9 le costume du chef d\u2019orchestre. Titulaire face \u00e0 Oyonnax dans un match gagn\u00e9 sur la sir\u00e8ne, il va encha\u00eener ce week-end lors de la r\u00e9ception de son ancien club, Aurillac, o\u00f9 il a encore plusieurs amis. Cela faisait un peu moins d\u2019un an (d\u00e9but novembre 2024) qu\u2019il n\u2019avait pas d\u00e9but\u00e9 deux matchs avec le 10 dans le dos : \u00ab\u00a0Je veux simplement r\u00e9pondre pr\u00e9sent au maximum et prouver que j\u2019ai ma place au poste, qu\u2019il n\u2019y a aucun souci de ce c\u00f4t\u00e9-l\u00e0. Que ce soit Sam ou un autre, que le poste continue de perdurer &#8211; bien s\u00fbr au service du collectif &#8211; pour toujours apporter cette plus-value. Il y a aussi la volont\u00e9 de rendre la confiance qu\u2019on m\u2019a donn\u00e9e.\u00a0\u00bb La confiance, c\u2019est le choix de Nicolas Nadau et Patrick P\u00e9zery de ne pas recruter de joker m\u00e9dical et de laisser les cl\u00e9s du camion \u00e0 leur ouvreur.<\/p>\n<p>Une pr\u00e9saison \u00e0 la pr\u00e9saison<\/p>\n<p>Un remplacement de Davies qu\u2019il avait pu anticiper puisque la blessure de l\u2019ouvreur gallois est connu depuis la fin du pr\u00e9c\u00e9dent exercice. Alors, l\u2019homme au coup de pompe surpuissant (608 m\u00e8tres gagn\u00e9s au pied contre Oyonnax, record du match) s\u2019est pr\u00e9par\u00e9 en cons\u00e9quence : \u00ab\u00a0Je m\u2019int\u00e9resse \u00e0 tout ce qui est pr\u00e9paration physique, nutrition, pour mettre toutes les chances de mon c\u00f4t\u00e9. Je n\u2019aime pas du tout couper, que ce soit une ou deux semaines pendant la pr\u00e9saison. Du coup, je fais tout le temps du sport et je me pr\u00e9pare au mieux. Je fais une pr\u00e9saison avant la pr\u00e9saison parce que je pars du principe que quand on arrive hors de forme &#8211; notamment sur des sch\u00e9mas comme \u00e7a o\u00f9 on sait qu\u2019il y a des joueurs bless\u00e9s \u00e0 son poste &#8211; on perd du temps.\u00a0\u00bb<\/p>\n<p>Une interrogation demeure sur le tir au but. Habituellement en r\u00e9ussite (80 % sur les deux derni\u00e8res saisons), il n\u2019a pas commenc\u00e9 la saison avec le tee dans les mains. C\u2019est le trois-quarts centre Romain Trouilloud qui a \u00e9t\u00e9 choisi et qui a r\u00e9ussi la p\u00e9nalit\u00e9 de la gagne lors de la 1re journ\u00e9e : \u00ab\u00a0Il \u00e9tait sur le terrain un peu plus que moi la saison pass\u00e9e et a donc pris la position du buteur rempla\u00e7ant \u00e0 Sam. Ce qui fait que dans la continuit\u00e9, c\u2019est lui qui attaque les matchs sur ce d\u00e9but de saison dans l\u2019exercice. Apr\u00e8s, je ne cache pas que j\u2019aime \u00e9norm\u00e9ment buter et que \u00e7a fait partie aussi des points que j\u2019essaie d\u2019am\u00e9liorer tous les jours.\u00a0\u00bb Si la situation se pr\u00e9sente, nul doute qu\u2019il saura r\u00e9pondre pr\u00e9sent.<\/p>\n","protected":false},"excerpt":{"rendered":"Marc Palmier Ouvreur de Grenoble Rempla\u00e7ant de choix de Sam Davies, Marc Palmier a l\u2019ambition de confirmer toutes&hellip;\n","protected":false},"author":2,"featured_media":368612,"comment_status":"","ping_status":"","sticky":false,"template":"","format":"standard","meta":{"footnotes":""},"categories":[9566],"tags":[1111,11,2430,1777,674,1011,27,2731,12,25],"class_list":{"0":"post-368611","1":"post","2":"type-post","3":"status-publish","4":"format-standard","5":"has-post-thumbnail","7":"category-grenoble","8":"tag-actu","9":"tag-actualites","10":"tag-auvergne-rhone-alpes","11":"tag-eu","12":"tag-europe","13":"tag-fr","14":"tag-france","15":"tag-grenoble","16":"tag-news","17":"tag-republique-francaise"},"share_on_mastodon":{"url":"https:\/\/pubeurope.com\/@fr\/115152735654650563","error":""},"_links":{"self":[{"href":"https:\/\/www.europesays.com\/fr\/wp-json\/wp\/v2\/posts\/368611","targetHints":{"allow":["GET"]}}],"collection":[{"href":"https:\/\/www.europesays.com\/fr\/wp-json\/wp\/v2\/posts"}],"about":[{"href":"https:\/\/www.europesays.com\/fr\/wp-json\/wp\/v2\/types\/post"}],"author":[{"embeddable":true,"href":"https:\/\/www.europesays.com\/fr\/wp-json\/wp\/v2\/users\/2"}],"replies":[{"embeddable":true,"href":"https:\/\/www.europesays.com\/fr\/wp-json\/wp\/v2\/comments?post=368611"}],"version-history":[{"count":0,"href":"https:\/\/www.europesays.com\/fr\/wp-json\/wp\/v2\/posts\/368611\/revisions"}],"wp:featuredmedia":[{"embeddable":true,"href":"https:\/\/www.europesays.com\/fr\/wp-json\/wp\/v2\/media\/368612"}],"wp:attachment":[{"href":"https:\/\/www.europesays.com\/fr\/wp-json\/wp\/v2\/media?parent=368611"}],"wp:term":[{"taxonomy":"category","embeddable":true,"href":"https:\/\/www.europesays.com\/fr\/wp-json\/wp\/v2\/categories?post=368611"},{"taxonomy":"post_tag","embeddable":true,"href":"https:\/\/www.europesays.com\/fr\/wp-json\/wp\/v2\/tags?post=368611"}],"curies":[{"name":"wp","href":"https:\/\/api.w.org\/{rel}","templated":true}]}}