{"id":368613,"date":"2025-09-05T16:54:14","date_gmt":"2025-09-05T16:54:14","guid":{"rendered":"https:\/\/www.europesays.com\/fr\/368613\/"},"modified":"2025-09-05T16:54:14","modified_gmt":"2025-09-05T16:54:14","slug":"du-raisin-rennais-pour-de-la-confiture","status":"publish","type":"post","link":"https:\/\/www.europesays.com\/fr\/368613\/","title":{"rendered":"du raisin rennais pour de la confiture"},"content":{"rendered":"<p class=\"p1\" style=\"text-align: justify;\">Ce vendredi 5 septembre, au 18 de la rue Quineleu, \u00e0 Rennes, le jardin du \u201cP\u2019tit Quineleu\u201d a offert pas moins de soixante-deux kilos de raisins. Pes\u00e9s avec s\u00e9rieux, certains grains ont tout de m\u00eame disparu en chemin pour des contr\u00f4les qualit\u00e9s des cueilleurs ! \u00a0Mais le reste a pris la direction de la Ferme de la Chuplinais, \u00e0 Chavagne, o\u00f9 la pr\u00e9cieuse r\u00e9colte patientera en chambre froide avant de se transformer d\u2019ici quinze jours en confitures \u00a0et en jus pomme-raisin.<\/p>\n<p style=\"text-align: justify;\"><img fetchpriority=\"high\" decoding=\"async\" class=\"alignnone size-full wp-image-104880\" src=\"https:\/\/www.europesays.com\/fr\/wp-content\/uploads\/2025\/09\/image0000031.jpg\" alt=\"\" width=\"423\" height=\"564\" data-wp-pid=\"104880\"  \/><\/p>\n<p class=\"p1\" style=\"text-align: justify;\">Ce petit coin de vigne n\u2019est pas un cas isol\u00e9. Il fait partie d\u2019un r\u00e9seau de cinq jardins qui travaillent avec l\u2019association La Nature en Ville et qui sont g\u00e9r\u00e9s par la mairie (Saint-Cyr et Saint-Melaine), la m\u00e9tropole (Champs Libres) et m\u00eame le dioc\u00e8se (\u00e9glise Saint-H\u00e9lier). Car, oui, \u00e0 Rennes, la vigne demeure une affaire s\u00e9rieuse qui unit \u00e9lus, urbanistes et hommes d\u2019\u00e9glise autour d\u2019un m\u00eame objectif : sortir du raisin local, qu\u2019on boit ou qu\u2019on compote.<\/p>\n<p class=\"p1\" style=\"text-align: justify;\">La saison n\u2019est d\u2019ailleurs pas termin\u00e9e. Une nouvelle r\u00e9colte aura lieu fin septembre, toujours au Quineleu. Mais cette fois, les grappes ne finiront pas en pot mais dans la nouvelle cuv\u00e9e du Haut Quineleu. On ne sait pas encore si l\u2019\u00e9tiquette portera la mention \u201cgrand cru urbain\u201d, mais l\u2019ambition est claire : boire un vin rennais !\u00a0<\/p>\n","protected":false},"excerpt":{"rendered":"Ce vendredi 5 septembre, au 18 de la rue Quineleu, \u00e0 Rennes, le jardin du \u201cP\u2019tit Quineleu\u201d a&hellip;\n","protected":false},"author":2,"featured_media":368614,"comment_status":"","ping_status":"","sticky":false,"template":"","format":"standard","meta":{"footnotes":""},"categories":[2821],"tags":[1111,11,829,1777,674,1011,27,12,584,25],"class_list":{"0":"post-368613","1":"post","2":"type-post","3":"status-publish","4":"format-standard","5":"has-post-thumbnail","7":"category-rennes","8":"tag-actu","9":"tag-actualites","10":"tag-bretagne","11":"tag-eu","12":"tag-europe","13":"tag-fr","14":"tag-france","15":"tag-news","16":"tag-rennes","17":"tag-republique-francaise"},"share_on_mastodon":{"url":"https:\/\/pubeurope.com\/@fr\/115152739588053977","error":""},"_links":{"self":[{"href":"https:\/\/www.europesays.com\/fr\/wp-json\/wp\/v2\/posts\/368613","targetHints":{"allow":["GET"]}}],"collection":[{"href":"https:\/\/www.europesays.com\/fr\/wp-json\/wp\/v2\/posts"}],"about":[{"href":"https:\/\/www.europesays.com\/fr\/wp-json\/wp\/v2\/types\/post"}],"author":[{"embeddable":true,"href":"https:\/\/www.europesays.com\/fr\/wp-json\/wp\/v2\/users\/2"}],"replies":[{"embeddable":true,"href":"https:\/\/www.europesays.com\/fr\/wp-json\/wp\/v2\/comments?post=368613"}],"version-history":[{"count":0,"href":"https:\/\/www.europesays.com\/fr\/wp-json\/wp\/v2\/posts\/368613\/revisions"}],"wp:featuredmedia":[{"embeddable":true,"href":"https:\/\/www.europesays.com\/fr\/wp-json\/wp\/v2\/media\/368614"}],"wp:attachment":[{"href":"https:\/\/www.europesays.com\/fr\/wp-json\/wp\/v2\/media?parent=368613"}],"wp:term":[{"taxonomy":"category","embeddable":true,"href":"https:\/\/www.europesays.com\/fr\/wp-json\/wp\/v2\/categories?post=368613"},{"taxonomy":"post_tag","embeddable":true,"href":"https:\/\/www.europesays.com\/fr\/wp-json\/wp\/v2\/tags?post=368613"}],"curies":[{"name":"wp","href":"https:\/\/api.w.org\/{rel}","templated":true}]}}