{"id":368615,"date":"2025-09-05T16:55:11","date_gmt":"2025-09-05T16:55:11","guid":{"rendered":"https:\/\/www.europesays.com\/fr\/368615\/"},"modified":"2025-09-05T16:55:11","modified_gmt":"2025-09-05T16:55:11","slug":"direct-nationale-massy-defie-rennes-suivez-le-match-en-video","status":"publish","type":"post","link":"https:\/\/www.europesays.com\/fr\/368615\/","title":{"rendered":"Direct &#8211; Nationale : Massy d\u00e9fie Rennes, suivez le match en vid\u00e9o"},"content":{"rendered":"<p>\n                Bonjour et bienvenue sur Rugbyrama\u00a0pour vivre en direct vid\u00e9o le match de la troisi\u00e8me journ\u00e9e de Nationale entre Massy et Rennes.\u00a0\n            <\/p>\n<p>Sous pression apr\u00e8s deux d\u00e9faites lors de ses deux premi\u00e8res sorties, Massy n&rsquo;a pas vraiment le droit \u00e0 l&rsquo;erreur face au promu rennais. Cette troisi\u00e8me journ\u00e9e est une occasion en or de v\u00e9ritablement lanc\u00e9 leur saison pour les Essonniens.\u00a0<\/p>\n<p>Concernant le REC, apr\u00e8s la victoire contre Bourgoin le week-end dernier, la volont\u00e9 de confirmer est pr\u00e9sente.\u00a0<\/p>\n","protected":false},"excerpt":{"rendered":"Bonjour et bienvenue sur Rugbyrama\u00a0pour vivre en direct vid\u00e9o le match de la troisi\u00e8me journ\u00e9e de Nationale entre&hellip;\n","protected":false},"author":2,"featured_media":368616,"comment_status":"","ping_status":"","sticky":false,"template":"","format":"standard","meta":{"footnotes":""},"categories":[2821],"tags":[1111,11,829,1777,674,1011,27,12,584,25],"class_list":{"0":"post-368615","1":"post","2":"type-post","3":"status-publish","4":"format-standard","5":"has-post-thumbnail","7":"category-rennes","8":"tag-actu","9":"tag-actualites","10":"tag-bretagne","11":"tag-eu","12":"tag-europe","13":"tag-fr","14":"tag-france","15":"tag-news","16":"tag-rennes","17":"tag-republique-francaise"},"share_on_mastodon":{"url":"https:\/\/pubeurope.com\/@fr\/115152743559976205","error":""},"_links":{"self":[{"href":"https:\/\/www.europesays.com\/fr\/wp-json\/wp\/v2\/posts\/368615","targetHints":{"allow":["GET"]}}],"collection":[{"href":"https:\/\/www.europesays.com\/fr\/wp-json\/wp\/v2\/posts"}],"about":[{"href":"https:\/\/www.europesays.com\/fr\/wp-json\/wp\/v2\/types\/post"}],"author":[{"embeddable":true,"href":"https:\/\/www.europesays.com\/fr\/wp-json\/wp\/v2\/users\/2"}],"replies":[{"embeddable":true,"href":"https:\/\/www.europesays.com\/fr\/wp-json\/wp\/v2\/comments?post=368615"}],"version-history":[{"count":0,"href":"https:\/\/www.europesays.com\/fr\/wp-json\/wp\/v2\/posts\/368615\/revisions"}],"wp:featuredmedia":[{"embeddable":true,"href":"https:\/\/www.europesays.com\/fr\/wp-json\/wp\/v2\/media\/368616"}],"wp:attachment":[{"href":"https:\/\/www.europesays.com\/fr\/wp-json\/wp\/v2\/media?parent=368615"}],"wp:term":[{"taxonomy":"category","embeddable":true,"href":"https:\/\/www.europesays.com\/fr\/wp-json\/wp\/v2\/categories?post=368615"},{"taxonomy":"post_tag","embeddable":true,"href":"https:\/\/www.europesays.com\/fr\/wp-json\/wp\/v2\/tags?post=368615"}],"curies":[{"name":"wp","href":"https:\/\/api.w.org\/{rel}","templated":true}]}}