{"id":368619,"date":"2025-09-05T16:57:12","date_gmt":"2025-09-05T16:57:12","guid":{"rendered":"https:\/\/www.europesays.com\/fr\/368619\/"},"modified":"2025-09-05T16:57:12","modified_gmt":"2025-09-05T16:57:12","slug":"prix-de-la-ville-bloquee-greenwashing-lopposition-montre-les-dents","status":"publish","type":"post","link":"https:\/\/www.europesays.com\/fr\/368619\/","title":{"rendered":"\u00ab\u200aPrix de la ville bloqu\u00e9e\u200a\u00bb, \u00ab\u200agreenwashing\u200a\u00bb&#8230; l&rsquo;opposition montre les dents"},"content":{"rendered":"<p>Renaissance, le MoDem et Horizons Strasbourg ont men\u00e9 une op\u00e9ration de collage dans la capitale alsacienne, en marge des <a href=\"https:\/\/www.dna.fr\/elections\/2025\/08\/21\/pour-les-ecologistes-des-journees-d-ete-sous-le-signe-de-l-union\" target=\"_blank\" rel=\"noopener\">universit\u00e9s d\u2019\u00e9t\u00e9 des Ecologistes<\/a>, pour d\u00e9noncer selon eux le \u00ab\u200agreenwashing\u200a\u00bb de la municipalit\u00e9. Les affiches pointaient des contradictions entre le discours vert de l\u2019\u00e9quipe municipale et ses d\u00e9cisions, jug\u00e9es \u00ab\u200an\u00e9fastes\u200a\u00bb pour l\u2019environnement et la d\u00e9mocratie locale.<\/p>\n<p>Les trois partis citent notamment l\u2019abattage d\u2019arbres <a href=\"https:\/\/www.dna.fr\/economie\/2025\/03\/11\/malgre-la-mobilisation-le-bois-de-bussiere-vit-ses-dernieres-heures\" target=\"_blank\" rel=\"noopener\">au bois de Bussi\u00e8re<\/a>, les retards du plan Canop\u00e9e, le retrait pr\u00e9cipit\u00e9 de <a href=\"https:\/\/www.dna.fr\/economie\/2025\/06\/13\/rue-melanie-la-circulation-l-emporte-sur-les-arbres-et-le-stationnement\" target=\"_blank\" rel=\"noopener\">l\u2019am\u00e9nagement de la rue M\u00e9lanie<\/a> et l\u2019abandon du projet d\u2019extension du <a href=\"https:\/\/www.dna.fr\/d\/tram-nord-de-l-eurometropole-de-strasbourg-quelle-suite-apres-l-avis-defavorable-de-la-commission-d-enquete-f583c350-74f4-4fc1-95df-839101ae226a\" target=\"_blank\" rel=\"noopener\">tram vers le nord<\/a>.<\/p>\n<p>  Vetter remet le \u00ab\u200aPrix de la ville bloqu\u00e9e\u200a\u00bb \u00e0 <a href=\"https:\/\/www.dna.fr\/p\/jeanne-barseghian\" target=\"_blank\" rel=\"noopener\">Jeanne Barseghian<\/a><\/p>\n<p>Jean-Philippe Vetter, candidat \u00e0 l\u2019\u00e9lection municipale de Strasbourg et pr\u00e9sident du groupe Union de la Droite et du Centre, a symboliquement d\u00e9cern\u00e9 \u00e0 la maire Jeanne Barseghian le \u00ab\u200aPrix de la ville bloqu\u00e9e\u200a\u00bb.<\/p>\n<p>\u00ab\u200aPar ce geste, j\u2019entends alerter les Strasbourgeois de la gestion calamiteuse des chantiers\u200a\u00bb, gestion \u00ab\u200aco\u00fbteuse et p\u00e9nalisante pour les commer\u00e7ants, artisans et habitants\u200a\u00bb. Selon lui, la dette de la Ville a \u00ab\u200abondi de 86\u00a0% depuis 2020\u200a\u00bb, alors que \u00ab\u200ad\u2019autres communes alsaciennes r\u00e9ussissaient \u00e0 la r\u00e9duire\u200a\u00bb.<\/p>\n<p>Le conseiller municipal critique \u00e9galement la m\u00e9thode\u200a: \u00ab\u200aAfin d\u2019inaugurer avant mars\u00a02026, la municipalit\u00e9 a lanc\u00e9 les chantiers simultan\u00e9ment et de mani\u00e8re pr\u00e9cipit\u00e9e. R\u00e9sultat\u200a: une ville congestionn\u00e9e, des professionnels fragilis\u00e9s et des habitants exc\u00e9d\u00e9s.\u200a\u00bb<\/p>\n<p>Et de conclure\u200a: \u00ab\u200aNon seulement la Ville creuse la dette, mais elle \u00e9trangle aussi celles et ceux qui cr\u00e9ent de la richesse. Ce double \u00e9tau n\u2019est plus tenable.\u200a\u00bb<\/p>\n","protected":false},"excerpt":{"rendered":"Renaissance, le MoDem et Horizons Strasbourg ont men\u00e9 une op\u00e9ration de collage dans la capitale alsacienne, en marge&hellip;\n","protected":false},"author":2,"featured_media":368620,"comment_status":"","ping_status":"","sticky":false,"template":"","format":"standard","meta":{"footnotes":""},"categories":[2820],"tags":[1111,11,2389,2649,4749,2880,4188,436,1777,674,107,1011,27,775,12,316,25,640],"class_list":{"0":"post-368619","1":"post","2":"type-post","3":"status-publish","4":"format-standard","5":"has-post-thumbnail","7":"category-strasbourg","8":"tag-actu","9":"tag-actualites","10":"tag-alsace","11":"tag-bas-rhin","12":"tag-btp-et-chantiers","13":"tag-edition-strasbourg","14":"tag-elections-municipales","15":"tag-environnement","16":"tag-eu","17":"tag-europe","18":"tag-fil-info","19":"tag-fr","20":"tag-france","21":"tag-grand-est","22":"tag-news","23":"tag-politique","24":"tag-republique-francaise","25":"tag-strasbourg"},"share_on_mastodon":{"url":"https:\/\/pubeurope.com\/@fr\/115152751590913668","error":""},"_links":{"self":[{"href":"https:\/\/www.europesays.com\/fr\/wp-json\/wp\/v2\/posts\/368619","targetHints":{"allow":["GET"]}}],"collection":[{"href":"https:\/\/www.europesays.com\/fr\/wp-json\/wp\/v2\/posts"}],"about":[{"href":"https:\/\/www.europesays.com\/fr\/wp-json\/wp\/v2\/types\/post"}],"author":[{"embeddable":true,"href":"https:\/\/www.europesays.com\/fr\/wp-json\/wp\/v2\/users\/2"}],"replies":[{"embeddable":true,"href":"https:\/\/www.europesays.com\/fr\/wp-json\/wp\/v2\/comments?post=368619"}],"version-history":[{"count":0,"href":"https:\/\/www.europesays.com\/fr\/wp-json\/wp\/v2\/posts\/368619\/revisions"}],"wp:featuredmedia":[{"embeddable":true,"href":"https:\/\/www.europesays.com\/fr\/wp-json\/wp\/v2\/media\/368620"}],"wp:attachment":[{"href":"https:\/\/www.europesays.com\/fr\/wp-json\/wp\/v2\/media?parent=368619"}],"wp:term":[{"taxonomy":"category","embeddable":true,"href":"https:\/\/www.europesays.com\/fr\/wp-json\/wp\/v2\/categories?post=368619"},{"taxonomy":"post_tag","embeddable":true,"href":"https:\/\/www.europesays.com\/fr\/wp-json\/wp\/v2\/tags?post=368619"}],"curies":[{"name":"wp","href":"https:\/\/api.w.org\/{rel}","templated":true}]}}