{"id":368621,"date":"2025-09-05T16:58:09","date_gmt":"2025-09-05T16:58:09","guid":{"rendered":"https:\/\/www.europesays.com\/fr\/368621\/"},"modified":"2025-09-05T16:58:09","modified_gmt":"2025-09-05T16:58:09","slug":"des-dizaines-de-cas-de-chikungunya-detectes-dans-cette-commune","status":"publish","type":"post","link":"https:\/\/www.europesays.com\/fr\/368621\/","title":{"rendered":"des dizaines de cas de chikungunya d\u00e9tect\u00e9s dans cette commune"},"content":{"rendered":"<p>            Par<br \/>\n        <strong><br \/>\n            <a href=\"https:\/\/actu.fr\/auteur\/ugo-maillard\" title=\"Consulter tous les articles de Ugo Maillard\" rel=\"nofollow noopener\" target=\"_blank\">Ugo Maillard<\/a><br \/>\n        <\/strong><\/p>\n<p>        Publi\u00e9 le<\/p>\n<p>            5 sept. 2025 \u00e0 18h31        <\/p>\n<p>En ce d\u00e9but de mois de septembre 2025, les <a href=\"https:\/\/actu.fr\/provence-alpes-cote-d-azur\/alpes-maritimes_06\" rel=\"nofollow noopener\" target=\"_blank\">Alpes-Maritimes<\/a> sont touch\u00e9es par de tr\u00e8s nombreux <strong>cas de chikungunya<\/strong>. Au total, plus d\u2019une <strong>quarantaine<\/strong> de cas ont \u00e9t\u00e9 recens\u00e9s ces derniers jours.\u00a0<\/p>\n<p class=\" wall-content\">La r\u00e9daction d\u2019<a href=\"https:\/\/actu.fr\/nice\/\" rel=\"nofollow noopener\" target=\"_blank\">actu Nice<\/a> fait le point avec les donn\u00e9es de l\u2019Agence r\u00e9gionale de sant\u00e9 en Provence-Alpes-C\u00f4te d\u2019Azur.<\/p>\n<p>Pr\u00e8s de 40 cas \u00e0 Antibes<\/p>\n<p class=\" wall-content\">Sur la commune d\u2019Antibes, <strong>38 cas sont actuellement not\u00e9s<\/strong>, donn\u00e9es en date du 3 septembre 2025.\u00a0Un chiffre tr\u00e8s important qui a pouss\u00e9 l\u2019ARS a envoy\u00e9 un SMS aux habitants de plusieurs quartiers de la ville les invitants \u00e0 se prot\u00e9ger des piq\u00fbres de moustiques.<\/p>\n<p>Consulter un m\u00e9decin en cas de sympt\u00f4mes<\/p>\n<p>Consulter imm\u00e9diatement son m\u00e9decin traitant en pr\u00e9sence de sympt\u00f4mes \u00e9vocateurs (et notamment au retour de voyage de zone o\u00f9 circule les virus) : forte fi\u00e8vre, douleurs articulaires ou musculaires, fatigue, maux de t\u00eate, \u00e9ruption cutan\u00e9e.<\/p>\n<p>Dans ce cas, la protection contre les piq\u00fbres de moustiques est primordiale. Un malade peut transmettre le virus aux moustiques jusqu\u2019au 7\u00e8me jours apr\u00e8s le d\u00e9but des sympt\u00f4mes (m\u00eame en cas de disparition de ceux-ci).<\/p>\n<p class=\" wall-content\">Selon nos confr\u00e8res de <a href=\"https:\/\/www.nicematin.com\/faits-divers\/une-trentaine-de-cas-de-chikungunya-detectes-a-antibes-1000564\" rel=\"nofollow noopener\" target=\"_blank\">Nice Matin<\/a>, une campagne de d\u00e9moustication est men\u00e9e par les services de la ville d\u2019Antibes depuis le mercredi 3 septembre 2025.\u00a0<\/p>\n<p>Des cas dans d\u2019autres villes ?<\/p>\n<p class=\" wall-content\">Selon les donn\u00e9es de l\u2019ARS transmises \u00e0 la r\u00e9daction d\u2019actu Nice, des cas ont \u00e9t\u00e9 recens\u00e9s dans d\u2019autres communes des Alpes-Maritimes.\u00a0<\/p>\n<ul class=\" wall-content\">\n<li>Nice\u00a0: 1 cas autochtone<\/li>\n<li>Auribeau-sur-Siagne :\u00a01 cas autochtone<\/li>\n<li>La Gaude : 1 cas autochtone<\/li>\n<li>Cagnes-sur-Mer\u00a0: 2 cas autochtones<\/li>\n<\/ul>\n<p>Votre r\u00e9gion, votre actu !<\/p>\n<p>Recevez chaque jour les infos qui comptent pour vous.<\/p>\n<p>\t<a href=\"https:\/\/actu.fr\/newsletter\" class=\"ac-btn ac-btn--corner ac-btn--medium ac-btn--blue800\" rel=\"nofollow noopener\" target=\"_blank\">S&rsquo;incrire<\/a><\/p>\n<p class=\" wall-content\">Un suivi est disponible <a href=\"https:\/\/www.paca.ars.sante.fr\/point-de-situation-sur-les-cas-autochtones-darboviroses-dans-notre-region\" rel=\"nofollow noopener\" target=\"_blank\">en ligne sur le site<\/a> de l\u2019ARS en PACA.<\/p>\n<p class=\" wall-content\">Personnalisez votre actualit\u00e9 en ajoutant vos villes et m\u00e9dias en favori avec <a href=\"https:\/\/moncompte.actu.fr\" title=\"D\u00e9couvez Mon Actu\" rel=\"nofollow noopener\" data-trk=\"{&quot;cta&quot;:{&quot;action&quot;:&quot;https:\\\/\\\/moncompte.actu.fr&quot;,&quot;category&quot;:&quot;mon compte&quot;,&quot;from&quot;:&quot;article footer&quot;,&quot;name&quot;:&quot;Mon actu&quot;,&quot;type&quot;:&quot;cta&quot;}}\" target=\"_blank\">Mon Actu<\/a>.<\/p>\n","protected":false},"excerpt":{"rendered":"Par Ugo Maillard Publi\u00e9 le 5 sept. 2025 \u00e0 18h31 En ce d\u00e9but de mois de septembre 2025,&hellip;\n","protected":false},"author":2,"featured_media":114092,"comment_status":"","ping_status":"","sticky":false,"template":"","format":"standard","meta":{"footnotes":""},"categories":[2819],"tags":[1111,11,1777,674,1011,27,12,2401,882,25,71,104],"class_list":{"0":"post-368621","1":"post","2":"type-post","3":"status-publish","4":"format-standard","5":"has-post-thumbnail","7":"category-nice","8":"tag-actu","9":"tag-actualites","10":"tag-eu","11":"tag-europe","12":"tag-fr","13":"tag-france","14":"tag-news","15":"tag-nice","16":"tag-provence-alpes-cote-dazur","17":"tag-republique-francaise","18":"tag-sante","19":"tag-societe"},"share_on_mastodon":{"url":"https:\/\/pubeurope.com\/@fr\/115152755392220417","error":""},"_links":{"self":[{"href":"https:\/\/www.europesays.com\/fr\/wp-json\/wp\/v2\/posts\/368621","targetHints":{"allow":["GET"]}}],"collection":[{"href":"https:\/\/www.europesays.com\/fr\/wp-json\/wp\/v2\/posts"}],"about":[{"href":"https:\/\/www.europesays.com\/fr\/wp-json\/wp\/v2\/types\/post"}],"author":[{"embeddable":true,"href":"https:\/\/www.europesays.com\/fr\/wp-json\/wp\/v2\/users\/2"}],"replies":[{"embeddable":true,"href":"https:\/\/www.europesays.com\/fr\/wp-json\/wp\/v2\/comments?post=368621"}],"version-history":[{"count":0,"href":"https:\/\/www.europesays.com\/fr\/wp-json\/wp\/v2\/posts\/368621\/revisions"}],"wp:featuredmedia":[{"embeddable":true,"href":"https:\/\/www.europesays.com\/fr\/wp-json\/wp\/v2\/media\/114092"}],"wp:attachment":[{"href":"https:\/\/www.europesays.com\/fr\/wp-json\/wp\/v2\/media?parent=368621"}],"wp:term":[{"taxonomy":"category","embeddable":true,"href":"https:\/\/www.europesays.com\/fr\/wp-json\/wp\/v2\/categories?post=368621"},{"taxonomy":"post_tag","embeddable":true,"href":"https:\/\/www.europesays.com\/fr\/wp-json\/wp\/v2\/tags?post=368621"}],"curies":[{"name":"wp","href":"https:\/\/api.w.org\/{rel}","templated":true}]}}