{"id":368622,"date":"2025-09-05T16:59:12","date_gmt":"2025-09-05T16:59:12","guid":{"rendered":"https:\/\/www.europesays.com\/fr\/368622\/"},"modified":"2025-09-05T16:59:12","modified_gmt":"2025-09-05T16:59:12","slug":"des-recherches-sous-marines-prevues-avant-la-fin-de-lannee","status":"publish","type":"post","link":"https:\/\/www.europesays.com\/fr\/368622\/","title":{"rendered":"des recherches sous-marines pr\u00e9vues avant la fin de l&rsquo;ann\u00e9e"},"content":{"rendered":"<p class=\"article__intro\">Pr\u00e8s de 57 ans apr\u00e8s la catastrophe a\u00e9rienne qui avait fait 95 victimes, une avanc\u00e9e d\u00e9cisive se profile. Des campagnes d\u2019exploration sous-marine vont \u00eatre men\u00e9es pour tenter de localiser les d\u00e9bris de l\u2019\u00e9pave au large de la Corse.<\/p>\n<p>\n      La Quotidienne Soci\u00e9t\u00e9\n    <\/p>\n<p>\n      De la vie quotidienne aux grands enjeux, recevez tous les jours les sujets qui font la soci\u00e9t\u00e9 locale, comme la justice, l\u2019\u00e9ducation, la sant\u00e9 et la famille.\n    <\/p>\n<p>    France T\u00e9l\u00e9visions utilise votre adresse e-mail afin de vous envoyer la newsletter \u00ab\u00a0La Quotidienne Soci\u00e9t\u00e9\u00a0\u00bb. Vous pouvez vous d\u00e9sinscrire \u00e0 tout moment via le lien en bas de cette newsletter. <a target=\"_blank\" href=\"https:\/\/www.francetelevisions.fr\/groupe\/confidentialite\/politique-de-confidentialite\/politique-de-confidentialite-de-france-televisions-6503\" rel=\"nofollow noopener\">Notre politique de confidentialit\u00e9<\/a><\/p>\n<p>C\u2019est une avanc\u00e9e historique. <br \/>Des recherches sous-marines sur le crash de la Caravelle Ajaccio-Nice du 11 septembre 1968 devraient \u00eatre entreprises avant la fin de l&rsquo;ann\u00e9e. Une r\u00e9union a eu lieu le 10 juin \u00e0 la pr\u00e9fecture maritime de Toulon entre le juge d&rsquo;instruction, charg\u00e9 de l&rsquo;enqu\u00eate, et le pr\u00e9fet maritime. <\/p>\n<p>Dans un communiqu\u00e9, les avocats des familles des 95 victimes expliquent que \u00ab\u00a0deux calendriers ont \u00e9t\u00e9 fix\u00e9s en fonction des options de recherches envisag\u00e9es par la Marine Nationale et des moyens d\u00e9ploy\u00e9s. Une campagne de 3 jours sur la zone identifi\u00e9e de 8 km devrait donc \u00eatre men\u00e9e d&rsquo;ici la fin de l&rsquo;ann\u00e9e 2025 dans le but de localiser les d\u00e9bris de l&rsquo;\u00e9pave de la Caravelle et le cas \u00e9ch\u00e9ant, de r\u00e9aliser des photographies sous-marines.\u00a0\u00bb<\/p>\n<p>En cas d&rsquo;\u00e9chec, une seconde op\u00e9ration aura lieu sur une zone plus \u00e9tendue en s&rsquo;appuyant sur des moyens suppl\u00e9mentaires. Un soulagement pour les familles de victimes. Depuis 57 ans, elles m\u00e8nent un long combat pour la v\u00e9rit\u00e9. Enqu\u00eate, t\u00e9moignages, rebondissements : elles demandent depuis des ann\u00e9es que des photos sous-marines soient prises ou que la carlingue soit remont\u00e9e. <\/p>\n<p><strong>Le reportage de Marie-Fran\u00e7oise Stefani : <\/strong><\/p>\n<p>    dur\u00e9e de la vid\u00e9o : 00h02mn16s<\/p>\n<p>        <img decoding=\"async\" width=\"640\" height=\"426\" class=\"article-image not-lazy\" src=\"https:\/\/france3-regions.franceinfo.fr\/assets\/img\/logos\/fallbackFr3_16_9.webp\" alt=\"\" fetchpriority=\"high\"\/><\/p>\n<p>              Voir la video\u00a0(2 minutes 16 secondes).\u00a0<br \/>\n                  2 min 16 s<\/p>\n<p>\n          ???<\/p>\n<p>        \u2022<\/p>\n<p>              \u00a9Mathieu Paoli, pr\u00e9sident de l\u2019association des familles de victimes de la catastrophe de la Caravelle Ajaccio-Nice\n      <\/p>\n<p>\u00ab\u00a0On veut tout simplement qu&rsquo;on rel\u00e8ve les \u00e9l\u00e9ments qui nous manquent pour enfin savoir si l&rsquo;arm\u00e9e est responsable et qu&rsquo;un missile \u00e0 bien taper l&rsquo;avion\u00a0\u00bb, s&rsquo;impatiente Mathieu Paoli, pr\u00e9sident de l\u2019association des familles de victimes de la catastrophe de la Caravelle Ajaccio-Nice.<\/p>\n<p>Des prises de photos sous-marines ont \u00e9t\u00e9 r\u00e9alis\u00e9es en 2019 pour le sous-marin La Minerve, engin disparu en 1968 avec 52 membres d&rsquo;\u00e9quipage. Pour les familles, cette nouvelle avanc\u00e9e constitue une \u00e9tape majeure. Elles gardent l&rsquo;espoir que la v\u00e9rit\u00e9 \u00e9clate, convaincues qu&rsquo;un missile tire par erreur par l&rsquo;arm\u00e9 a provoqu\u00e9 le crash de la Caravelle. <\/p>\n","protected":false},"excerpt":{"rendered":"Pr\u00e8s de 57 ans apr\u00e8s la catastrophe a\u00e9rienne qui avait fait 95 victimes, une avanc\u00e9e d\u00e9cisive se profile.&hellip;\n","protected":false},"author":2,"featured_media":368623,"comment_status":"","ping_status":"","sticky":false,"template":"","format":"standard","meta":{"footnotes":""},"categories":[2819],"tags":[1111,11,1777,674,1011,27,12,2401,882,25],"class_list":{"0":"post-368622","1":"post","2":"type-post","3":"status-publish","4":"format-standard","5":"has-post-thumbnail","7":"category-nice","8":"tag-actu","9":"tag-actualites","10":"tag-eu","11":"tag-europe","12":"tag-fr","13":"tag-france","14":"tag-news","15":"tag-nice","16":"tag-provence-alpes-cote-dazur","17":"tag-republique-francaise"},"share_on_mastodon":{"url":"https:\/\/pubeurope.com\/@fr\/115152759746982663","error":""},"_links":{"self":[{"href":"https:\/\/www.europesays.com\/fr\/wp-json\/wp\/v2\/posts\/368622","targetHints":{"allow":["GET"]}}],"collection":[{"href":"https:\/\/www.europesays.com\/fr\/wp-json\/wp\/v2\/posts"}],"about":[{"href":"https:\/\/www.europesays.com\/fr\/wp-json\/wp\/v2\/types\/post"}],"author":[{"embeddable":true,"href":"https:\/\/www.europesays.com\/fr\/wp-json\/wp\/v2\/users\/2"}],"replies":[{"embeddable":true,"href":"https:\/\/www.europesays.com\/fr\/wp-json\/wp\/v2\/comments?post=368622"}],"version-history":[{"count":0,"href":"https:\/\/www.europesays.com\/fr\/wp-json\/wp\/v2\/posts\/368622\/revisions"}],"wp:featuredmedia":[{"embeddable":true,"href":"https:\/\/www.europesays.com\/fr\/wp-json\/wp\/v2\/media\/368623"}],"wp:attachment":[{"href":"https:\/\/www.europesays.com\/fr\/wp-json\/wp\/v2\/media?parent=368622"}],"wp:term":[{"taxonomy":"category","embeddable":true,"href":"https:\/\/www.europesays.com\/fr\/wp-json\/wp\/v2\/categories?post=368622"},{"taxonomy":"post_tag","embeddable":true,"href":"https:\/\/www.europesays.com\/fr\/wp-json\/wp\/v2\/tags?post=368622"}],"curies":[{"name":"wp","href":"https:\/\/api.w.org\/{rel}","templated":true}]}}