{"id":368624,"date":"2025-09-05T17:00:19","date_gmt":"2025-09-05T17:00:19","guid":{"rendered":"https:\/\/www.europesays.com\/fr\/368624\/"},"modified":"2025-09-05T17:00:19","modified_gmt":"2025-09-05T17:00:19","slug":"pourquoi-le-pont-anne-de-bretagne-sera-ferme-lundi-matin","status":"publish","type":"post","link":"https:\/\/www.europesays.com\/fr\/368624\/","title":{"rendered":"pourquoi le pont Anne-de-Bretagne sera ferm\u00e9 lundi matin"},"content":{"rendered":"<p>            Par<br \/>\n        <strong><br \/>\n            <a href=\"https:\/\/actu.fr\/auteur\/laure-gentil\" title=\"Consulter tous les articles de Laure Gentil\" target=\"_blank\" rel=\"noopener\">Laure Gentil<\/a><br \/>\n        <\/strong><\/p>\n<p>        Publi\u00e9 le<\/p>\n<p>            5 sept. 2025 \u00e0 17h45        <\/p>\n<p>Attention les automobilistes nantais\u2009! Il va falloir s\u2019organiser diff\u00e9remment ce<strong> lundi 8\u00a0septembre<\/strong> 2025 si vous souhaitez emprunter le <strong>pont Anne-de-Bretagne<\/strong>. Celui-ci sera ferm\u00e9 \u00e0 la circulation <strong>de 9\u2009h\u200930 \u00e0 14\u2009h\u200930<\/strong>, apr\u00e8s l\u2019heure de pointe, dans le sens nord-sud. Explications.<\/p>\n<p>Les travaux continuent<\/p>\n<p class=\" wall-content\">Cette fermeture est en lien <a href=\"https:\/\/actu.fr\/pays-de-la-loire\/nantes_44109\/en-images-pont-anne-de-bretagne-a-nantes-une-nouvelle-etape-du-chantier-est-franchie_62680471.html\" target=\"_blank\" rel=\"noopener\">avec le chantier du pont Anne-de-Bretagne<\/a>. \u00ab\u2009La pile qui permet de supporter le futur tablier du c\u00f4t\u00e9 de la rive sud \u00e9tant r\u00e9alis\u00e9e, et pour poursuivre les travaux c\u00f4t\u00e9 Nord, une <strong>grue de chantier de taille exceptionnelle<\/strong> doit \u00eatre d\u00e9plac\u00e9e\u2009\u00bb, a communiqu\u00e9 Nantes M\u00e9tropole ce vendredi 5\u00a0septembre.<\/p>\n<p class=\" wall-content\">Pour permettre cette intervention et \u00ab\u2009le passage d\u2019un convoi exceptionnel en toute s\u00e9curit\u00e9\u2009\u00bb, le pont doit \u00eatre ferm\u00e9 \u00e0 la circulation des voitures.<\/p>\n<p class=\" wall-content\">\u00ab\u2009Les cheminements pi\u00e9tons et v\u00e9los resteront possibles durant l\u2019intervention\u2009\u00bb, assure la m\u00e9tropole.<\/p>\n<p class=\" wall-content\">Personnalisez votre actualit\u00e9 en ajoutant vos villes et m\u00e9dias en favori avec <a href=\"https:\/\/moncompte.actu.fr\" title=\"D\u00e9couvez Mon Actu\" rel=\"nofollow noopener\" data-trk=\"{&quot;cta&quot;:{&quot;action&quot;:&quot;https:\\\/\\\/moncompte.actu.fr&quot;,&quot;category&quot;:&quot;mon compte&quot;,&quot;from&quot;:&quot;article footer&quot;,&quot;name&quot;:&quot;Mon actu&quot;,&quot;type&quot;:&quot;cta&quot;}}\" target=\"_blank\">Mon Actu<\/a>.<\/p>\n","protected":false},"excerpt":{"rendered":"Par Laure Gentil Publi\u00e9 le 5 sept. 2025 \u00e0 17h45 Attention les automobilistes nantais\u2009! Il va falloir s\u2019organiser&hellip;\n","protected":false},"author":2,"featured_media":368625,"comment_status":"","ping_status":"","sticky":false,"template":"","format":"standard","meta":{"footnotes":""},"categories":[2818],"tags":[1111,11,3542,1777,674,1011,27,766,12,2636,25,104,2086],"class_list":{"0":"post-368624","1":"post","2":"type-post","3":"status-publish","4":"format-standard","5":"has-post-thumbnail","7":"category-nantes","8":"tag-actu","9":"tag-actualites","10":"tag-circulation","11":"tag-eu","12":"tag-europe","13":"tag-fr","14":"tag-france","15":"tag-nantes","16":"tag-news","17":"tag-pays-de-la-loire","18":"tag-republique-francaise","19":"tag-societe","20":"tag-travaux"},"share_on_mastodon":{"url":"https:\/\/pubeurope.com\/@fr\/115152763163357783","error":""},"_links":{"self":[{"href":"https:\/\/www.europesays.com\/fr\/wp-json\/wp\/v2\/posts\/368624","targetHints":{"allow":["GET"]}}],"collection":[{"href":"https:\/\/www.europesays.com\/fr\/wp-json\/wp\/v2\/posts"}],"about":[{"href":"https:\/\/www.europesays.com\/fr\/wp-json\/wp\/v2\/types\/post"}],"author":[{"embeddable":true,"href":"https:\/\/www.europesays.com\/fr\/wp-json\/wp\/v2\/users\/2"}],"replies":[{"embeddable":true,"href":"https:\/\/www.europesays.com\/fr\/wp-json\/wp\/v2\/comments?post=368624"}],"version-history":[{"count":0,"href":"https:\/\/www.europesays.com\/fr\/wp-json\/wp\/v2\/posts\/368624\/revisions"}],"wp:featuredmedia":[{"embeddable":true,"href":"https:\/\/www.europesays.com\/fr\/wp-json\/wp\/v2\/media\/368625"}],"wp:attachment":[{"href":"https:\/\/www.europesays.com\/fr\/wp-json\/wp\/v2\/media?parent=368624"}],"wp:term":[{"taxonomy":"category","embeddable":true,"href":"https:\/\/www.europesays.com\/fr\/wp-json\/wp\/v2\/categories?post=368624"},{"taxonomy":"post_tag","embeddable":true,"href":"https:\/\/www.europesays.com\/fr\/wp-json\/wp\/v2\/tags?post=368624"}],"curies":[{"name":"wp","href":"https:\/\/api.w.org\/{rel}","templated":true}]}}