{"id":368630,"date":"2025-09-05T17:03:12","date_gmt":"2025-09-05T17:03:12","guid":{"rendered":"https:\/\/www.europesays.com\/fr\/368630\/"},"modified":"2025-09-05T17:03:12","modified_gmt":"2025-09-05T17:03:12","slug":"cours-stages-residences-dartistes-le-theatre-le-cerisier-change-dequipe-et-de-projet","status":"publish","type":"post","link":"https:\/\/www.europesays.com\/fr\/368630\/","title":{"rendered":"cours, stages, r\u00e9sidences d\u2019artistes, le th\u00e9\u00e2tre Le Cerisier change d\u2019\u00e9quipe et de projet"},"content":{"rendered":"<p>La<a href=\"https:\/\/www.sudouest.fr\/gironde\/bordeaux\/bordeaux-le-theatre-du-cerisier-tient-son-dernier-festival-jeune-public-21620790.php\" target=\"_blank\" rel=\"follow nofollow noopener\"> compagnie Apsaras n\u2019existe plus<\/a> depuis que son directeur, Henri Bonnithon, a pris sa retraite, mais le th\u00e9\u00e2tre Le Cerisier, dont il est propri\u00e9taire, continue \u00e0 exister. Le lieu, situ\u00e9 au 7-11, rue Joseph-Brunet, \u00e0 Bacalan, est d\u00e9sormais occup\u00e9 par les compagnies Th\u00e9\u00e2tr\u2019Action (th\u00e9\u00e2tre) et TeMpo TiemPo (claquettes, ex-Du soleil dans les pieds) avec pour objectif d\u2019y d\u00e9velopper des projets qui \u00ab\u00a0mettent l\u2019accent sur le corps, les langues, le geste, les expressions rythmiques\u00a0\u00bb.<\/p>\n<p>    Sur le m\u00eame sujet<\/p>\n<p>                        <a href=\"https:\/\/www.sudouest.fr\/gironde\/bordeaux\/bordeaux-l-esprit-ouvrier-fait-de-la-resistance-a-bacalan-23441007.php\" title=\"Bordeaux\u00a0: l\u2019esprit ouvrier fait de la r\u00e9sistance \u00e0 Bacalan\" rel=\"nofollow noopener\" target=\"_blank\"><br \/>\n                            <img decoding=\"async\" src=\"https:\/\/www.europesays.com\/fr\/wp-content\/uploads\/2025\/09\/1001-gironde-20241215181538-6t2a7867.jpg\" alt=\"Bordeaux\u00a0: l\u2019esprit ouvrier fait de la r\u00e9sistance \u00e0 Bacalan\"\/><br \/>\n                        <\/a><\/p>\n<p>                    <a href=\"https:\/\/www.sudouest.fr\/gironde\/bordeaux\/bordeaux-l-esprit-ouvrier-fait-de-la-resistance-a-bacalan-23441007.php\" title=\"Bordeaux\u00a0: l\u2019esprit ouvrier fait de la r\u00e9sistance \u00e0 Bacalan\" rel=\"nofollow noopener\" target=\"_blank\"><\/p>\n<p>\n                            Bordeaux\u00a0: l\u2019esprit ouvrier fait de la r\u00e9sistance \u00e0 Bacalan\n                        <\/p>\n<p>                    <\/a><\/p>\n<p>\n                        Depuis sa cr\u00e9ation en 1923, le bar-cave de Bacalan \u00e0 Bordeaux a surv\u00e9cu au d\u00e9clin industriel d\u2019un quartier en mutation. Il a su garder l\u2019empreinte de son pass\u00e9 ouvrier tout en accueillant les nouveaux arrivants. Le patron, Christian G\u00e9rardin, raconte ses journ\u00e9es au comptoir\n                    <\/p>\n<p>Concr\u00e8tement, les deux compagnies vont y donner des cours du lundi au jeudi, en r\u00e9servant les trois derniers jours de la semaine pour l\u2019accueil de stages et de r\u00e9sidences. Courant avril TeMpo TiemPo travaillera ainsi sur un spectacle inspir\u00e9 de \u00ab\u00a0Cendrillon\u00a0\u00bb, avec Soraya B\u00e9nac, la claquettiste-danseuse qui a fond\u00e9 l\u2019association, le com\u00e9dien Mathieu Ehrhard et l\u2019artiste argentin Alfonso Bar\u00f3n, acteur, danseur et \u00ab\u00a0interpr\u00e8te de th\u00e9\u00e2tre physique\u00a0\u00bb. Mais une demi-douzaine d\u2019autres compagnies ont d\u00e9j\u00e0 r\u00e9serv\u00e9 des cr\u00e9neaux pour \u00e9laborer leurs projets \u00ab\u00a0et on reste ouverts \u00e0 tous les partenaires qui cherchent un local pour travailler\u00a0\u00bb, annonce J\u00fcrgen Genuit, directeur artistique de Th\u00e9\u00e2tr\u2019Action.<\/p>\n<p>Un projet de bar associatif<\/p>\n<p>Dans l\u2019imm\u00e9diat, le Cerisier n\u2019est donc pas un th\u00e9\u00e2tre avec une programmation classique de spectacles. \u00ab\u00a0\u00c7a, on ne l\u2019envisage que pour la saison 2026-2027, indique Soraya B\u00e9nac. M\u00eame s\u2019il y aura certainement des sorties de r\u00e9sidence par les compagnies qui viendront travailler ici.\u00a0\u00bb Il est en revanche envisag\u00e9 comme un \u00ab\u00a0lieu ressources\u00a0\u00bb qui vise \u00e0 sensibiliser aux arts. \u00ab\u00a0On a des projets de m\u00e9diation aupr\u00e8s des scolaires ou des publics souffrant de handicap, compl\u00e8te J\u00fcrgen Genuit. Le lieu est adapt\u00e9 \u00e0 leur accueil.\u00a0\u00bb<\/p>\n<p>Il se veut aussi inscrit dans son quartier. \u00ab\u00a0Il y a \u00e0 Bacalan tout un r\u00e9seau associatif avec qui on a envie de travailler\u00a0: la Cit\u00e9 bleue, le Garage moderne, Baca\u2019flow, les collectifs Le Mascaret et Bordonor\u2026 On aimerait notamment ouvrir un bar associatif ouvert \u00e0 tous.\u00a0\u00bb Des projets qui pourront \u00eatre d\u00e9taill\u00e9s lundi 8\u00a0septembre, \u00e0 partir de 19 heures, lors d\u2019une soir\u00e9e portes ouvertes de l\u2019atelier th\u00e9\u00e2tre. Ou en consultant le site <a href=\"https:\/\/lecerisier.org\/\" target=\"_blank\" rel=\"nofollow noopener\">lecerisier.org<\/a>.<\/p>\n","protected":false},"excerpt":{"rendered":"La compagnie Apsaras n\u2019existe plus depuis que son directeur, Henri Bonnithon, a pris sa retraite, mais le th\u00e9\u00e2tre&hellip;\n","protected":false},"author":2,"featured_media":368631,"comment_status":"","ping_status":"","sticky":false,"template":"","format":"standard","meta":{"footnotes":""},"categories":[2817],"tags":[1111,11,1997,1777,674,1011,27,12,2219,25],"class_list":{"0":"post-368630","1":"post","2":"type-post","3":"status-publish","4":"format-standard","5":"has-post-thumbnail","7":"category-bordeaux","8":"tag-actu","9":"tag-actualites","10":"tag-bordeaux","11":"tag-eu","12":"tag-europe","13":"tag-fr","14":"tag-france","15":"tag-news","16":"tag-nouvelle-aquitaine","17":"tag-republique-francaise"},"share_on_mastodon":{"url":"https:\/\/pubeurope.com\/@fr\/115152775097540424","error":""},"_links":{"self":[{"href":"https:\/\/www.europesays.com\/fr\/wp-json\/wp\/v2\/posts\/368630","targetHints":{"allow":["GET"]}}],"collection":[{"href":"https:\/\/www.europesays.com\/fr\/wp-json\/wp\/v2\/posts"}],"about":[{"href":"https:\/\/www.europesays.com\/fr\/wp-json\/wp\/v2\/types\/post"}],"author":[{"embeddable":true,"href":"https:\/\/www.europesays.com\/fr\/wp-json\/wp\/v2\/users\/2"}],"replies":[{"embeddable":true,"href":"https:\/\/www.europesays.com\/fr\/wp-json\/wp\/v2\/comments?post=368630"}],"version-history":[{"count":0,"href":"https:\/\/www.europesays.com\/fr\/wp-json\/wp\/v2\/posts\/368630\/revisions"}],"wp:featuredmedia":[{"embeddable":true,"href":"https:\/\/www.europesays.com\/fr\/wp-json\/wp\/v2\/media\/368631"}],"wp:attachment":[{"href":"https:\/\/www.europesays.com\/fr\/wp-json\/wp\/v2\/media?parent=368630"}],"wp:term":[{"taxonomy":"category","embeddable":true,"href":"https:\/\/www.europesays.com\/fr\/wp-json\/wp\/v2\/categories?post=368630"},{"taxonomy":"post_tag","embeddable":true,"href":"https:\/\/www.europesays.com\/fr\/wp-json\/wp\/v2\/tags?post=368630"}],"curies":[{"name":"wp","href":"https:\/\/api.w.org\/{rel}","templated":true}]}}