{"id":368634,"date":"2025-09-05T17:05:10","date_gmt":"2025-09-05T17:05:10","guid":{"rendered":"https:\/\/www.europesays.com\/fr\/368634\/"},"modified":"2025-09-05T17:05:10","modified_gmt":"2025-09-05T17:05:10","slug":"la-fnac-ne-sinstallera-finalement-pas-dans-ce-centre-commercial-ce-quil-sest-passe","status":"publish","type":"post","link":"https:\/\/www.europesays.com\/fr\/368634\/","title":{"rendered":"la Fnac ne s&rsquo;installera finalement pas dans ce centre commercial, ce qu&rsquo;il s&rsquo;est pass\u00e9"},"content":{"rendered":"<p>            Par<br \/>\n        <strong><br \/>\n            <a href=\"https:\/\/actu.fr\/auteur\/guillaume-laurens\" title=\"Consulter tous les articles de Guillaume Laurens\" rel=\"nofollow noopener\" target=\"_blank\">Guillaume Laurens<\/a><br \/>\n        <\/strong><\/p>\n<p>        Publi\u00e9 le<\/p>\n<p>            5 sept. 2025 \u00e0 18h40        <\/p>\n<p>Son arriv\u00e9e avait \u00e9t\u00e9 annonc\u00e9e au printemps dernier par la municipalit\u00e9 de <a href=\"https:\/\/actu.fr\/occitanie\/muret_31395\" rel=\"nofollow noopener\" target=\"_blank\"><strong>Muret<\/strong> <\/a>(Haute-Garonne) elle-m\u00eame. La <strong>Fnac<\/strong> devait s\u2019installer au sein du <a href=\"https:\/\/actu.fr\/occitanie\/muret_31395\/exclusif-toulouse-hypermarche-choisi-enseignes-tout-sur-le-futur-centre-commercial-portes-des-pyrenees_62071872.html\" rel=\"nofollow noopener\" target=\"_blank\"><strong>futur centre commercial<\/strong> <strong>des Portes des Pyr\u00e9n\u00e9es<\/strong><\/a>, dont les travaux s\u2019appr\u00eatent \u00e0 d\u00e9buter en octobre 2025, au sud de Toulouse. Trois mois plus tard, l\u2019enseigne culturelle pr\u00e9f\u00e9r\u00e9e des Fran\u00e7ais a <strong>tourn\u00e9 les talons<\/strong>, et d\u00e9ment sa prochaine arriv\u00e9e, tout en finissant par admettre\u2026 que le projet a bel et bien \u00e9t\u00e9 port\u00e9. Ce que l\u2019on sait.<\/p>\n<p>Une \u00ab\u00a0rumeur infond\u00e9e\u00a0\u00bb ou un \u00ab\u00a0vrai projet\u00a0\u00bb ?<\/p>\n<p class=\" wall-content\">\u00ab\u00a0La Fnac n\u2019a <strong>pas planifi\u00e9 l\u2019ouverture<\/strong> d\u2019un magasin \u00e0 Muret\u00a0\u00bb, a assur\u00e9 ce jeudi 4 septembre, au surlendemain d\u2019une fronde des libraires ind\u00e9pendants, l\u2019enseigne culturelle pr\u00e9f\u00e9r\u00e9e des Fran\u00e7ais \u00e0 <a href=\"https:\/\/actu.fr\/toulouse\/\" rel=\"nofollow noopener\" target=\"_blank\">Actu Toulouse<\/a>, parlant m\u00eame de<strong> \u00ab\u00a0rumeur infond\u00e9e\u00a0\u00bb.<\/strong> \u00ab\u00a0Ce n\u2019est pas une rumeur, il y avait vraiment un projet !\u00a0\u00bb bondit en retour <strong>Andr\u00e9 Mandement<\/strong>, le maire (PS) de Muret, contact\u00e9 par Actu Toulouse.<\/p>\n<blockquote class=\"ac-article-quote wall-content\">\n<p>Ce n\u2019\u00e9tait pas la Fnac directement, mais un franchis\u00e9 de l\u2019enseigne Fnac qui s&rsquo;\u00e9tait positionn\u00e9 sur cette cellule commerciale.<\/p>\n<p>    <strong>Andr\u00e9 Mandement<\/strong><br \/>\n        Maire (PS) de Muret, pr\u00e9sident du Muretain Agglo    <\/p><\/blockquote>\n<p class=\" wall-content\">Pourquoi ce franchis\u00e9 ou la Fnac ont-ils jet\u00e9 l\u2019\u00e9ponge ? \u00ab\u00a0Depuis quelque temps, il y a de l\u2019eau dans le gaz entre la Fnac et ses franchis\u00e9s\u00a0\u00bb, croit savoir Andr\u00e9 Mandement. \u00ab\u00a0Ils ont m\u00eame attaqu\u00e9 l\u2019enseigne en justice\u00a0\u00bb. Faut-il y voir un lien ? Interrog\u00e9e sur ce sujet, la Fnac botte en touche\u2026 tout en reconnaissant s\u2019\u00eatre <strong>bel et bien pench\u00e9e<\/strong> <strong>sur le dossier<\/strong> de Muret.<\/p>\n<p>\u00ab\u00a0Le franchis\u00e9 a mis un terme \u00e0 sa proposition\u00a0\u00bb, avance la FNAC<\/p>\n<p class=\" wall-content\">\u00ab\u00a0Courant 2024, la t\u00eate de r\u00e9seau Fnac a \u00e9t\u00e9 contact\u00e9e par le commercialisateur immobilier du centre commercial Toulouse Muret (celui des Portes des Pyr\u00e9n\u00e9es, NDLR) afin de proposer un emplacement dans le futur centre commercial\u00a0\u00bb, r\u00e9pond l\u2019enseigne culturelle. \u00ab\u00a0La Fnac, \u00e0 l\u2019\u00e9coute de toute opportunit\u00e9, a <strong>regard\u00e9 le dossier<\/strong>, ainsi que <strong>le profil d\u2019un franchis\u00e9<\/strong> propos\u00e9 par le commercialisateur immobilier\u00a0\u00bb.<\/p>\n<blockquote class=\"ac-article-quote wall-content\">\n<p>Apr\u00e8s \u00e9change avec la t\u00eate de r\u00e9seau Fnac, le franchis\u00e9 a mis un terme \u00e0 la proposition le 14 avril 2025, la consid\u00e9rant trop \u00e9loign\u00e9e de son c\u0153ur d&rsquo;activit\u00e9 et de son p\u00e9rim\u00e8tre g\u00e9ographique.<\/p>\n<p>    <strong>La FNAC<\/strong>\n            <\/p><\/blockquote>\n<p class=\" wall-content\">La Fnac dit ne s\u2019\u00eatre positionn\u00e9e sur l\u2019ouverture \u00ab\u00a0\u00e0 aucun moment du processus\u00a0\u00bb.<\/p>\n<p>Votre r\u00e9gion, votre actu !<\/p>\n<p>Recevez chaque jour les infos qui comptent pour vous.<\/p>\n<p>\t<a href=\"https:\/\/actu.fr\/newsletter\" class=\"ac-btn ac-btn--corner ac-btn--medium ac-btn--blue800\" rel=\"nofollow noopener\" target=\"_blank\">S&rsquo;incrire<\/a><br \/>\nLe maire l\u2019annonce en r\u00e9union publique<\/p>\n<p class=\" wall-content\">Sauf qu\u2019au m\u00eame moment, au printemps dernier, Andr\u00e9 Mandement officialisait devant les Muretains, \u00e0 l\u2019occasion de plusieurs <strong>r\u00e9unions publiques,<\/strong>\u00a0l\u2019arriv\u00e9e de deux g\u00e9ants du commerce dans sa ville : <strong>Intersport<\/strong> et la <strong>Fnac<\/strong>, qui devaient respectivement disposer de<strong> 2\u2009300 m\u00b2<\/strong> et<strong> 1\u2009200 m\u00b2<\/strong> de surface de vente. L\u2019information a m\u00eame \u00e9t\u00e9 publi\u00e9e dans le <strong>bulletin municipal !<\/strong><\/p>\n<p class=\" wall-content\">\u00ab\u00a0La Fnac, c\u2019est <strong>une belle enseigne<\/strong>, dont la r\u00e9putation n\u2019est plus \u00e0 faire, et qui a su se diversifier\u00a0\u00bb, se r\u00e9jouissait en juin dernier le maire sur Actu Toulouse, \u00e0 l\u2019annonce de l\u2019arriv\u00e9e de l\u2019enseigne culturelle pr\u00e9f\u00e9r\u00e9e des Fran\u00e7ais dans sa commune : \u00ab\u00a0Et puis, \u00e7a \u00e9vitera aux Muretains d\u2019aller \u00e0 la Fnac ailleurs\u2026\u00a0\u00bb<\/p>\n<p>La \u00ab\u00a0sonnette d\u2019alarme\u00a0\u00bb tir\u00e9e par les libraires ind\u00e9pendants<\/p>\n<p class=\" wall-content\">Mardi 2 septembre, <strong>l\u2019ALIDO<\/strong> (Association r\u00e9gionale des librairies ind\u00e9pendantes) s\u2019est donc fendue d\u2019un communiqu\u00e9 dans lequel elle <strong>\u00ab tire la sonnette d\u2019alarme \u00bb<\/strong> face \u00e0 l\u2019arriv\u00e9e r\u00e9cente ou imminente de plusieurs <strong>grandes surfaces culturelles<\/strong> en Occitanie, en mettant notamment en exergue la ville sous-pr\u00e9fecture de Haute-Garonne :\u00a0\u00ab\u00a0Le projet d\u2019ouverture d\u2019une FNAC \u00e0 Muret, au sud de Toulouse, <strong>met directement en danger la librairie ind\u00e9pendante<\/strong> de la ville, \u00e0 demi-mot, et inqui\u00e8te les librairies des communes proches\u00a0\u00bb. Tout cela alors que plusieurs librairies ind\u00e9pendantes ont ferm\u00e9 leurs portes dans l\u2019agglo de Toulouse ces derni\u00e8res ann\u00e9es, et que d\u2019autres sont en p\u00e9ril, comme<a href=\"https:\/\/actu.fr\/occitanie\/blagnac_31069\/c-est-une-histoire-de-mois-pourquoi-l-unique-librairie-de-cette-ville-proche-de-toulouse-menace-de-fermer_62456913.html\" rel=\"nofollow noopener\" target=\"_blank\"> \u00e0 Blagnac, o\u00f9 une boutique paie cher l\u2019arriv\u00e9e de Cultura.<\/a><\/p>\n<p>\u00ab\u00a0Deux ou trois autres candidats en r\u00e9serve\u00a0\u00bb<\/p>\n<p class=\" wall-content\">Deux jours apr\u00e8s ce communiqu\u00e9, la Fnac a d\u00e9menti sa future ouverture. Mais <strong>que s\u2019est-il r\u00e9ellement pass\u00e9<\/strong> \u00e0 Muret ? Les tensions entre l\u2019enseigne et ses franchis\u00e9s ont-elles eu raison de ses ambitions ? La Fnac a-t-elle (sans l\u2019admettre) recul\u00e9 devant les libraires en col\u00e8re ? Ou bien le maire a-t-il parl\u00e9 trop vite ?\u00a0<\/p>\n<p class=\" wall-content\">\u00ab\u00a0Je ne vais pas pleurer si la Fnac ne vient pas\u00a0\u00bb, souffle Andr\u00e9 Mandement. \u00ab\u00a0Cela permettra de redonner le sourire \u00e0 nos libraires\u00a0\u00bb, dit dor\u00e9navant le maire, pr\u00e9f\u00e9rant voir le verre \u00e0 moiti\u00e9 plein, avant d\u2019assurer avoir<strong> \u00ab\u00a0deux ou trois autres candidats<\/strong> en r\u00e9serve\u00a0\u00bb pour occuper le local de 1\u2009200 m\u00b2 sur lequel s\u2019\u00e9tait positionn\u00e9 le franchis\u00e9 Fnac.<\/p>\n<p>Portes des Pyr\u00e9n\u00e9es : du retard \u00e0 l&rsquo;allumage pour le d\u00e9but des travaux<\/p>\n<p>Annonc\u00e9 pour mi-ao\u00fbt 2025, le d\u00e9but du chantier du centre commercial des Portes des Pyr\u00e9n\u00e9es a un peu de retard \u00e0 l&rsquo;allumage. D&rsquo;apr\u00e8s nos informations, les appels d&rsquo;offres sont encore en cours et le d\u00e9but des travaux a \u00e9t\u00e9 retard\u00e9 de deux mois, en octobre 2025. La livraison reste attendue par le porteur de projet pour le 4\u1d49 trimestre 2026.<\/p>\n<p class=\" wall-content\">Personnalisez votre actualit\u00e9 en ajoutant vos villes et m\u00e9dias en favori avec <a href=\"https:\/\/moncompte.actu.fr\" title=\"D\u00e9couvez Mon Actu\" rel=\"nofollow noopener\" data-trk=\"{&quot;cta&quot;:{&quot;action&quot;:&quot;https:\\\/\\\/moncompte.actu.fr&quot;,&quot;category&quot;:&quot;mon compte&quot;,&quot;from&quot;:&quot;article footer&quot;,&quot;name&quot;:&quot;Mon actu&quot;,&quot;type&quot;:&quot;cta&quot;}}\" target=\"_blank\">Mon Actu<\/a>.<\/p>\n","protected":false},"excerpt":{"rendered":"Par Guillaume Laurens Publi\u00e9 le 5 sept. 2025 \u00e0 18h40 Son arriv\u00e9e avait \u00e9t\u00e9 annonc\u00e9e au printemps dernier&hellip;\n","protected":false},"author":2,"featured_media":368635,"comment_status":"","ping_status":"","sticky":false,"template":"","format":"standard","meta":{"footnotes":""},"categories":[2816],"tags":[1111,11,1777,674,1011,27,12,2680,25,104,2312],"class_list":{"0":"post-368634","1":"post","2":"type-post","3":"status-publish","4":"format-standard","5":"has-post-thumbnail","7":"category-toulouse","8":"tag-actu","9":"tag-actualites","10":"tag-eu","11":"tag-europe","12":"tag-fr","13":"tag-france","14":"tag-news","15":"tag-occitanie","16":"tag-republique-francaise","17":"tag-societe","18":"tag-toulouse"},"share_on_mastodon":{"url":"https:\/\/pubeurope.com\/@fr\/115152782918700414","error":""},"_links":{"self":[{"href":"https:\/\/www.europesays.com\/fr\/wp-json\/wp\/v2\/posts\/368634","targetHints":{"allow":["GET"]}}],"collection":[{"href":"https:\/\/www.europesays.com\/fr\/wp-json\/wp\/v2\/posts"}],"about":[{"href":"https:\/\/www.europesays.com\/fr\/wp-json\/wp\/v2\/types\/post"}],"author":[{"embeddable":true,"href":"https:\/\/www.europesays.com\/fr\/wp-json\/wp\/v2\/users\/2"}],"replies":[{"embeddable":true,"href":"https:\/\/www.europesays.com\/fr\/wp-json\/wp\/v2\/comments?post=368634"}],"version-history":[{"count":0,"href":"https:\/\/www.europesays.com\/fr\/wp-json\/wp\/v2\/posts\/368634\/revisions"}],"wp:featuredmedia":[{"embeddable":true,"href":"https:\/\/www.europesays.com\/fr\/wp-json\/wp\/v2\/media\/368635"}],"wp:attachment":[{"href":"https:\/\/www.europesays.com\/fr\/wp-json\/wp\/v2\/media?parent=368634"}],"wp:term":[{"taxonomy":"category","embeddable":true,"href":"https:\/\/www.europesays.com\/fr\/wp-json\/wp\/v2\/categories?post=368634"},{"taxonomy":"post_tag","embeddable":true,"href":"https:\/\/www.europesays.com\/fr\/wp-json\/wp\/v2\/tags?post=368634"}],"curies":[{"name":"wp","href":"https:\/\/api.w.org\/{rel}","templated":true}]}}