{"id":368636,"date":"2025-09-05T17:06:10","date_gmt":"2025-09-05T17:06:10","guid":{"rendered":"https:\/\/www.europesays.com\/fr\/368636\/"},"modified":"2025-09-05T17:06:10","modified_gmt":"2025-09-05T17:06:10","slug":"the-back-to-school-function-by-lille-ballroom-scene-le-samedi-13-septembre-2025","status":"publish","type":"post","link":"https:\/\/www.europesays.com\/fr\/368636\/","title":{"rendered":"The Back to School Function by Lille Ballroom Scene le samedi 13 septembre 2025"},"content":{"rendered":"<p>  \u00a0BACK TO SCHOOL FUNCTION \u270f\ufe0f<br \/>\ud83d\udd25 DJ SET BY <a href=\"https:\/\/www.instagram.com\/dj.masika\/\" rel=\"nofollow noopener\" target=\"_blank\">@dj.masika<\/a> \ud83d\udd25<\/p>\n<p>\ud83d\uddd3\ufe0f Samedi 13 septembre 2025<\/p>\n<p>\ud83d\udccd Artchives \u2014 74 rue Jacquemars Gi\u00e9l\u00e9e, 59800 Lille<\/p>\n<p>\ud83d\udd56 20H ouverture des portes<br \/>20H30 LSS ON TIME \u203c\ufe0f<br \/>\ud83c\udf89After Party 22H30\u2013 02H00<\/p>\n<p>\ud83c\udf92 Une rentr\u00e9e pas comme les autres\u2026<br \/>Entre craies, stylos et attitude, come teach us how to do it\u2728<\/p>\n<p>\ud83c\udfa4 MC : <a href=\"https:\/\/www.instagram.com\/aunclebolingo\/\" rel=\"nofollow noopener\" target=\"_blank\">@aunclebolingo<\/a><br \/>\ud83c\udfa7 DJ : <a href=\"https:\/\/www.instagram.com\/masiiaka\/\" rel=\"nofollow noopener\" target=\"_blank\">@masiiaka<\/a><br \/>\ud83c\udf9f\ufe0f ENTR\u00c9E : 10\u20ac<\/p>\n<p>Liens billetterie en bio \ud83d\udd17<\/p>\n<p>\ud83c\udf81 \u00c0 gagner : 2000 \u20ac de parfums Spiritum, r\u00e9partis entre 10 gagnant\u00b7e\u00b7s chanceux\u00b7ses !<br \/>Pour participer : ach\u00e8te simplement ta place pour l\u2019\u00e9v\u00e9nement. Ta participation \u00e0 la tombola est automatique \u00e0 l\u2019arriv\u00e9e.<\/p>\n<p>\ud83c\udfc62 parfums \u00e0 gagner pour la cat\u00e9gorie Tag Team MF vs FF Performance \u2013 Back to School \ud83d\udcda<\/p>\n<p>\u23f0AFTER PARTY juste apr\u00e8s le ball \u203c\ufe0f<br \/>L\u2019\u00e9cole ferme ses portes\u2026 mais la night commence.\ud83d\udccf<\/p>\n<p>\u26a0\ufe0fFOR ALL THE CATEGORIES bring it like your best high school fantasy \u26a0\ufe0f\u00a0<\/p>\n<p><script async src=\"\/\/www.instagram.com\/embed.js\"><\/script><\/p>\n","protected":false},"excerpt":{"rendered":"\u00a0BACK TO SCHOOL FUNCTION \u270f\ufe0f\ud83d\udd25 DJ SET BY @dj.masika \ud83d\udd25 \ud83d\uddd3\ufe0f Samedi 13 septembre 2025 \ud83d\udccd Artchives \u2014&hellip;\n","protected":false},"author":2,"featured_media":0,"comment_status":"","ping_status":"","sticky":false,"template":"","format":"standard","meta":{"footnotes":""},"categories":[2815],"tags":[],"class_list":{"0":"post-368636","1":"post","2":"type-post","3":"status-publish","4":"format-standard","6":"category-lille"},"share_on_mastodon":{"url":"https:\/\/pubeurope.com\/@fr\/115152786719836609","error":""},"_links":{"self":[{"href":"https:\/\/www.europesays.com\/fr\/wp-json\/wp\/v2\/posts\/368636","targetHints":{"allow":["GET"]}}],"collection":[{"href":"https:\/\/www.europesays.com\/fr\/wp-json\/wp\/v2\/posts"}],"about":[{"href":"https:\/\/www.europesays.com\/fr\/wp-json\/wp\/v2\/types\/post"}],"author":[{"embeddable":true,"href":"https:\/\/www.europesays.com\/fr\/wp-json\/wp\/v2\/users\/2"}],"replies":[{"embeddable":true,"href":"https:\/\/www.europesays.com\/fr\/wp-json\/wp\/v2\/comments?post=368636"}],"version-history":[{"count":0,"href":"https:\/\/www.europesays.com\/fr\/wp-json\/wp\/v2\/posts\/368636\/revisions"}],"wp:attachment":[{"href":"https:\/\/www.europesays.com\/fr\/wp-json\/wp\/v2\/media?parent=368636"}],"wp:term":[{"taxonomy":"category","embeddable":true,"href":"https:\/\/www.europesays.com\/fr\/wp-json\/wp\/v2\/categories?post=368636"},{"taxonomy":"post_tag","embeddable":true,"href":"https:\/\/www.europesays.com\/fr\/wp-json\/wp\/v2\/tags?post=368636"}],"curies":[{"name":"wp","href":"https:\/\/api.w.org\/{rel}","templated":true}]}}