{"id":368638,"date":"2025-09-05T17:12:27","date_gmt":"2025-09-05T17:12:27","guid":{"rendered":"https:\/\/www.europesays.com\/fr\/368638\/"},"modified":"2025-09-05T17:12:27","modified_gmt":"2025-09-05T17:12:27","slug":"decouvrez-ses-goodies","status":"publish","type":"post","link":"https:\/\/www.europesays.com\/fr\/368638\/","title":{"rendered":"d\u00e9couvrez ses \u00ab goodies \u00bb"},"content":{"rendered":"<p>            Par<br \/>\n        <strong><br \/>\n            <a href=\"https:\/\/actu.fr\/auteur\/annesophie-2\" title=\"Consulter tous les articles de Anne-Sophie Hourdeaux\" rel=\"nofollow noopener\" target=\"_blank\">Anne-Sophie Hourdeaux<\/a><br \/>\n        <\/strong><\/p>\n<p>        Publi\u00e9 le<\/p>\n<p>            5 sept. 2025 \u00e0 18h28        <\/p>\n<p><a href=\"https:\/\/actu.fr\/tag\/braderie-de-lille\" rel=\"nofollow noopener\" target=\"_blank\">Braderie de Lille<\/a> oblige, vous retrouverez \u00e9videmment sur l\u2019\u00e9v\u00e9nement phare de rentr\u00e9e \u00e0 Lille les <b>\u00e9quipes de l\u2019Office de tourisme de la m\u00e9tropole de Lille<\/b>. Ils seront bien visibles avec non pas un mais <b>2 stands<\/b>. <b>Quels produits et animations y seront-ils propos\u00e9s<\/b>\u2009?<\/p>\n<p>    <img   decoding=\"async\" loading=\"lazy\" class=\"size-large\" src=\"https:\/\/www.europesays.com\/fr\/wp-content\/uploads\/2025\/09\/5f305372bab8633405372bab807405v-960x640.jpg\" alt=\"objets braderie lille office tourisme\" width=\"960\" height=\"640\"\/><br \/>\n    Voici les objets sp\u00e9ciale braderie 2025 vendus \u00e0 l\u2019Office tourisme de Lille, et sur ses 2 stands de la braderie les 6 et 7\u00a0septembre 2025. \u00a9Anne-Sophie Hourdeaux\/Croix du NordDeux stands<\/p>\n<p class=\" wall-content\">Le Palais Rihour, superbe b\u00e2timent, abrite l\u2019Office de tourisme de Lille. Pour la braderie 2025, vous retrouverez ses \u00e9quipes sur deux stands\u2009: un devant le Palais Rihour son fief\u2009; et un autre devant l\u2019Op\u00e9ra.<\/p>\n<p>    <img   decoding=\"async\" loading=\"lazy\" class=\"size-large\" src=\"https:\/\/www.europesays.com\/fr\/wp-content\/uploads\/2025\/09\/651ded0028b86a91ded0028b83e1dev-960x640.jpeg\" alt=\"office tourisme lille boutique\" width=\"960\" height=\"640\"\/><br \/>\n    L\u2019office tourisme de Lille sera ouvert toute la braderie. \u00a9Anne-Sophie Hourdeaux\/Croix du Nord<\/p>\n<p class=\" wall-content\">Devant son adresse habituelle, l\u2019Office de tourisme mettra en vente ses goodies de \u00ab\u2009d\u00e9stockage\u2009\u00bb, c\u2019est-\u00e0-dire des objets de d\u00e9co estampill\u00e9s Lille fin de s\u00e9rie, ou des \u00e9ditions pass\u00e9es (rappelant par exemple les braderies pr\u00e9c\u00e9dentes, la coupe du monde de rugby\u2026)<\/p>\n<p>    <img   decoding=\"async\" loading=\"lazy\" class=\"size-large\" src=\"https:\/\/www.europesays.com\/fr\/wp-content\/uploads\/2025\/09\/25010e0028b8600c10e0028b8aee10v-960x640.jpeg\" alt=\"office tourisme lille boutique\" width=\"960\" height=\"640\"\/><br \/>\n    Maquettes de b\u00e2timents et sculpture du P\u2019tit Quinquin. \u00a9Anne-Sophie Hourdeaux\/Croix du NordAffiche de la braderie, objets vari\u00e9s, livret de jeu de piste<\/p>\n<p class=\" wall-content\">Mais vous pourrez aussi retrouver un 2e stand Office du tourisme pr\u00e8s de l\u2019Op\u00e9ra de Lille\u2009! Vous y retrouverez les \u00ab\u2009goodies\u2009\u00bb sp\u00e9cial Lille comme\u2009:<\/p>\n<p>Votre r\u00e9gion, votre actu !<\/p>\n<p>Recevez chaque jour les infos qui comptent pour vous.<\/p>\n<p>\t<a href=\"https:\/\/actu.fr\/newsletter\" class=\"ac-btn ac-btn--corner ac-btn--medium ac-btn--blue800\" rel=\"nofollow noopener\" target=\"_blank\">S&rsquo;incrire<\/a><\/p>\n<ul class=\" wall-content\">\n<li>l\u2019affiche de la Braderie 2025 (5 \u20ac)\u2009: elle cartonne, elle a d\u00e9j\u00e0 \u00e9t\u00e9 vendue environ \u00e0 3000 exemplaires, mais rassurez-vous, il y en aura encore pour le gros week-end des 6 et 7 septembre\u2009;<\/li>\n<\/ul>\n<p>    <img   decoding=\"async\" loading=\"lazy\" class=\"size-large\" src=\"https:\/\/www.europesays.com\/fr\/wp-content\/uploads\/2025\/09\/b73ded0028b86bb4ded0028b83d5dev-960x640.jpeg\" alt=\"office tourisme lille boutique\" width=\"960\" height=\"640\"\/><br \/>\n    Des objets en tapisserie de la marque nordiste M\u00e9trax Craye. \u00a9Anne-Sophie Hourdeaux\/Croix du Nord<\/p>\n<ul class=\" wall-content\">\n<li>les objets \u00ab\u2009Braderie 2025\u2009\u00bb (mugs, tote-bag, d\u00e9capsuleur, magnet\u2026) ;<\/li>\n<li>chaussettes \u00ab\u2009d\u00e9esse\u2009\u00bb (12\u00a0\u20ac)\u2009;<\/li>\n<li>porte-cl\u00e9s (5\u00a0\u20ac)\u2009;<\/li>\n<\/ul>\n<p>    <img   decoding=\"async\" loading=\"lazy\" class=\"size-large\" src=\"https:\/\/www.europesays.com\/fr\/wp-content\/uploads\/2025\/09\/3dbc0e0028b8641cc0e0028b855cc0v-960x640.jpeg\" alt=\"office tourisme lille boutique\" width=\"960\" height=\"640\"\/><br \/>\n    Faites votre cramique vous-m\u00eames avec ce kit sp\u00e9cial\u2009! \u00a9Anne-Sophie Hourdeaux\u00a0<\/p>\n<ul class=\" wall-content\">\n<li>marque-page beffroi \u00e0 broder (18\u00a0\u20ac)\u2009:<\/li>\n<li>kit de cramique (6,90\u00a0\u20ac)\u2009;<\/li>\n<li>mugs (12\u00a0\u20ac)\u2026<\/li>\n<\/ul>\n<p>    <img   decoding=\"async\" loading=\"lazy\" class=\"size-large\" src=\"https:\/\/www.europesays.com\/fr\/wp-content\/uploads\/2025\/09\/9f668d0028b8683768d0028b857768v-960x640.jpeg\" alt=\"office tourisme lille boutique\" width=\"960\" height=\"640\"\/><br \/>\n    Nouveaux produits vendus \u00e0 l\u2019office de tourisme de Lille, devenant m\u00e9tropolitaine\u2009: des r\u00e9f\u00e9rences \u00e0 la Piscine de Roubaix ou \u00e0 la Villa Cavrois sont d\u00e9sormais en vente. \u00a9Anne-Sophie Hourdeaux\/Croix du Nord\u00a0<\/p>\n<p class=\" wall-content\">H\u00e9l\u00e8ne Fenart, responsable boutiques, ajoute\u2009: \u00ab\u2009Nous avons des nouveaut\u00e9s\u2009: \u00e9tant devenu Office de tourisme m\u00e9tropolitain, nous proposons d\u00e9sormais des objets floqu\u00e9s aux couleurs de particularit\u00e9s touristiques d\u2019autres territoires, comme la Piscine de Roubaix ou la Villa Cavrois \u00e0 Croix\u2009!\u2009\u00bb<\/p>\n<p class=\" wall-content\">Aussi, pour la premi\u00e8re fois, un jeu de piste sera propos\u00e9 aux chineurs et visiteurs, avec un livret\u2009!<\/p>\n<p class=\" wall-content\">Personnalisez votre actualit\u00e9 en ajoutant vos villes et m\u00e9dias en favori avec <a href=\"https:\/\/moncompte.actu.fr\" title=\"D\u00e9couvez Mon Actu\" rel=\"nofollow noopener\" data-trk=\"{&quot;cta&quot;:{&quot;action&quot;:&quot;https:\\\/\\\/moncompte.actu.fr&quot;,&quot;category&quot;:&quot;mon compte&quot;,&quot;from&quot;:&quot;article footer&quot;,&quot;name&quot;:&quot;Mon actu&quot;,&quot;type&quot;:&quot;cta&quot;}}\" target=\"_blank\">Mon Actu<\/a>.<\/p>\n","protected":false},"excerpt":{"rendered":"Par Anne-Sophie Hourdeaux Publi\u00e9 le 5 sept. 2025 \u00e0 18h28 Braderie de Lille oblige, vous retrouverez \u00e9videmment sur&hellip;\n","protected":false},"author":2,"featured_media":368639,"comment_status":"","ping_status":"","sticky":false,"template":"","format":"standard","meta":{"footnotes":""},"categories":[2815],"tags":[1111,11,1777,674,1011,27,811,1307,12,25,104],"class_list":{"0":"post-368638","1":"post","2":"type-post","3":"status-publish","4":"format-standard","5":"has-post-thumbnail","7":"category-lille","8":"tag-actu","9":"tag-actualites","10":"tag-eu","11":"tag-europe","12":"tag-fr","13":"tag-france","14":"tag-hauts-de-france","15":"tag-lille","16":"tag-news","17":"tag-republique-francaise","18":"tag-societe"},"share_on_mastodon":{"url":"https:\/\/pubeurope.com\/@fr\/115152810923301087","error":""},"_links":{"self":[{"href":"https:\/\/www.europesays.com\/fr\/wp-json\/wp\/v2\/posts\/368638","targetHints":{"allow":["GET"]}}],"collection":[{"href":"https:\/\/www.europesays.com\/fr\/wp-json\/wp\/v2\/posts"}],"about":[{"href":"https:\/\/www.europesays.com\/fr\/wp-json\/wp\/v2\/types\/post"}],"author":[{"embeddable":true,"href":"https:\/\/www.europesays.com\/fr\/wp-json\/wp\/v2\/users\/2"}],"replies":[{"embeddable":true,"href":"https:\/\/www.europesays.com\/fr\/wp-json\/wp\/v2\/comments?post=368638"}],"version-history":[{"count":0,"href":"https:\/\/www.europesays.com\/fr\/wp-json\/wp\/v2\/posts\/368638\/revisions"}],"wp:featuredmedia":[{"embeddable":true,"href":"https:\/\/www.europesays.com\/fr\/wp-json\/wp\/v2\/media\/368639"}],"wp:attachment":[{"href":"https:\/\/www.europesays.com\/fr\/wp-json\/wp\/v2\/media?parent=368638"}],"wp:term":[{"taxonomy":"category","embeddable":true,"href":"https:\/\/www.europesays.com\/fr\/wp-json\/wp\/v2\/categories?post=368638"},{"taxonomy":"post_tag","embeddable":true,"href":"https:\/\/www.europesays.com\/fr\/wp-json\/wp\/v2\/tags?post=368638"}],"curies":[{"name":"wp","href":"https:\/\/api.w.org\/{rel}","templated":true}]}}