{"id":368640,"date":"2025-09-05T17:13:11","date_gmt":"2025-09-05T17:13:11","guid":{"rendered":"https:\/\/www.europesays.com\/fr\/368640\/"},"modified":"2025-09-05T17:13:11","modified_gmt":"2025-09-05T17:13:11","slug":"le-retour-dun-front-commun-pour-unir-la-gauche","status":"publish","type":"post","link":"https:\/\/www.europesays.com\/fr\/368640\/","title":{"rendered":"Le retour d\u2019un Front commun pour unir la gauche"},"content":{"rendered":"<p>Ils esp\u00e8rent \u0153uvrer \u00e0 une r\u00e9volution tranquille pour les municipales\u00a02026 en agr\u00e9geant les mouvements citoyens, comme en \u00e9cho au r\u00f4le des collectifs dans la campagne de\u00a02020. Ce vendredi 5\u00a0septembre matin, \u00e0 la Plaine, un petit groupe de militants des comit\u00e9s locaux du Nouveau front populaire (NFP), de sa <a href=\"https:\/\/www.laprovence.com\/article\/region\/1118513555399\/a-marseille-ces-nouveaux-militants-veulent-rester-mobilises-apres-les-legislatives\" target=\"_blank\" rel=\"noopener\">r\u00e9serve citoyenne<\/a>, Marseille et moi ou R\u00e9inventer la gauche ont lanc\u00e9 leur appel \u00e0 \u00ab\u00a0l\u2019union des forces de la gauche\u00a0\u00bb de LFI au PS. \u00ab\u00a0L\u2019heure n\u2019est plus aux h\u00e9sitations, il est temps de constituer un front commun, commence Alexandre Jurado, membre des <a href=\"https:\/\/www.laprovence.com\/article\/politique\/3020376352533114\/les-batailles-d-ego-menent-a-la-division-a-avignon-le-parti-l-apres-met-en-garde-la-gauche-contre-les-ambitions-personnelles\" target=\"_blank\" rel=\"noopener\">comit\u00e9s NFP<\/a>. L\u2019union n\u2019est pas une option, c\u2019est un imp\u00e9ratif d\u00e9mocratique.\u00a0\u00bb Pour convaincre les partis politiques de gauche, cette constellation baptis\u00e9e \u00ab\u00a0Faisons front commun\u00a0\u00bb a post\u00e9 ses missives et autres lettres ouvertes, sollicit\u00e9 des rendez-vous en m\u00eame temps qu\u2019elle a continu\u00e9 \u00e0 organiser des r\u00e9unions publiques th\u00e9matiques afin de leur faire remonter \u00ab\u00a0des projets consensuels\u00a0\u00bb et les revendications des habitants de Marseille.<\/p>\n<p>\u00ab\u00a0On a l\u2019impression qu\u2019ils ne nous entendent plus\u00a0\u00bb<\/p>\n<p>L\u2019objectif qui les f\u00e9d\u00e8re\u00a0? \u00ab\u00a0Faire face \u00e0 l\u2019extr\u00eame droite\u00a0\u00bb, souligne Alexandre Jurado. \u00ab\u00a0C\u2019est le pire des dangers mais ce qui nous anime c\u2019est la lutte contr&#8230;<\/p>\n","protected":false},"excerpt":{"rendered":"Ils esp\u00e8rent \u0153uvrer \u00e0 une r\u00e9volution tranquille pour les municipales\u00a02026 en agr\u00e9geant les mouvements citoyens, comme en \u00e9cho&hellip;\n","protected":false},"author":2,"featured_media":368641,"comment_status":"","ping_status":"","sticky":false,"template":"","format":"standard","meta":{"footnotes":""},"categories":[2814],"tags":[17,1111,11,50310,1777,674,1011,27,2383,151,884,14027,12,471,882,16,25,50309],"class_list":{"0":"post-368640","1":"post","2":"type-post","3":"status-publish","4":"format-standard","5":"has-post-thumbnail","7":"category-marseille","8":"tag-17","9":"tag-actu","10":"tag-actualites","11":"tag-associatifs","12":"tag-eu","13":"tag-europe","14":"tag-fr","15":"tag-france","16":"tag-gauche","17":"tag-les","18":"tag-marseille","19":"tag-militants","20":"tag-news","21":"tag-pour","22":"tag-provence-alpes-cote-dazur","23":"tag-region","24":"tag-republique-francaise","25":"tag-unir"},"share_on_mastodon":{"url":"https:\/\/pubeurope.com\/@fr\/115152814476559368","error":""},"_links":{"self":[{"href":"https:\/\/www.europesays.com\/fr\/wp-json\/wp\/v2\/posts\/368640","targetHints":{"allow":["GET"]}}],"collection":[{"href":"https:\/\/www.europesays.com\/fr\/wp-json\/wp\/v2\/posts"}],"about":[{"href":"https:\/\/www.europesays.com\/fr\/wp-json\/wp\/v2\/types\/post"}],"author":[{"embeddable":true,"href":"https:\/\/www.europesays.com\/fr\/wp-json\/wp\/v2\/users\/2"}],"replies":[{"embeddable":true,"href":"https:\/\/www.europesays.com\/fr\/wp-json\/wp\/v2\/comments?post=368640"}],"version-history":[{"count":0,"href":"https:\/\/www.europesays.com\/fr\/wp-json\/wp\/v2\/posts\/368640\/revisions"}],"wp:featuredmedia":[{"embeddable":true,"href":"https:\/\/www.europesays.com\/fr\/wp-json\/wp\/v2\/media\/368641"}],"wp:attachment":[{"href":"https:\/\/www.europesays.com\/fr\/wp-json\/wp\/v2\/media?parent=368640"}],"wp:term":[{"taxonomy":"category","embeddable":true,"href":"https:\/\/www.europesays.com\/fr\/wp-json\/wp\/v2\/categories?post=368640"},{"taxonomy":"post_tag","embeddable":true,"href":"https:\/\/www.europesays.com\/fr\/wp-json\/wp\/v2\/tags?post=368640"}],"curies":[{"name":"wp","href":"https:\/\/api.w.org\/{rel}","templated":true}]}}