{"id":368660,"date":"2025-09-05T17:24:19","date_gmt":"2025-09-05T17:24:19","guid":{"rendered":"https:\/\/www.europesays.com\/fr\/368660\/"},"modified":"2025-09-05T17:24:19","modified_gmt":"2025-09-05T17:24:19","slug":"kyiv-continuera-de-riposter-aux-attaques-russes-ciblant-lenergie-dit-zelensky-a-fico-05-09-2025-a-1859","status":"publish","type":"post","link":"https:\/\/www.europesays.com\/fr\/368660\/","title":{"rendered":"Kyiv continuera de riposter aux attaques russes ciblant l&rsquo;\u00e9nergie, dit Zelensky \u00e0 Fico &#8211; 05\/09\/2025 \u00e0 18:59"},"content":{"rendered":"<p>\n L&rsquo;Ukraine continuera de riposter<br \/>\naux attaques de la Russie contre ses installations \u00e9nerg\u00e9tiques,<br \/>\na d\u00e9clar\u00e9 vendredi le pr\u00e9sident ukrainien Volodimir Zelensky<br \/>\nmalgr\u00e9 les critiques de la Slovaquie et de la Hongrie, dont<br \/>\nl&rsquo;approvisionnement en p\u00e9trole russe a \u00e9t\u00e9 perturb\u00e9 en<br \/>\ncons\u00e9quence.\n<\/p>\n<p>\n Volodimir Zelensky s&rsquo;exprimait apr\u00e8s ses premi\u00e8res<br \/>\ndiscussions de haut niveau avec le Premier ministre slovaque<br \/>\nRobert Fico &#8211; qui a eu des diff\u00e9rends avec Kyiv au sujet des<br \/>\napprovisionnements \u00e9nerg\u00e9tiques russes &#8211; dans la ville<br \/>\nukrainienne d&rsquo;Oujhorod, pr\u00e8s de la fronti\u00e8re avec la Slovaquie.\n<\/p>\n<p>\n La Slovaquie, tout comme la Hongrie, a continu\u00e9 d&rsquo;acheter du<br \/>\ngaz et du p\u00e9trole russes alors m\u00eame que d&rsquo;autres pays de l&rsquo;Union<br \/>\neurop\u00e9enne (UE) ont mis fin \u00e0 leurs approvisionnements depuis<br \/>\nl&rsquo;invasion de l&rsquo;Ukraine lanc\u00e9e par Moscou d\u00e9but 2022.\n<\/p>\n<p>\n La Slovaquie et la Hongrie affirment que des acheminements<br \/>\nalternatifs sont confront\u00e9s \u00e0 des goulets d&rsquo;\u00e9tranglement et sont<br \/>\nplus co\u00fbteux.\n<\/p>\n<p>\n L&rsquo;approvisionnement en p\u00e9trole des deux pays a \u00e9t\u00e9 perturb\u00e9<br \/>\nces derni\u00e8res semaines en raison des attaques ukrainiennes<br \/>\ncontre l&rsquo;ol\u00e9oduc Droujba, qui relie la Russie \u00e0 la Slovaquie en<br \/>\npassant par l&rsquo;Ukraine.\n<\/p>\n<p>\n \u00ab\u00a0L&rsquo;Ukraine r\u00e9pond aux attaques de la Russie contre nos<br \/>\ninstallations \u00e9nerg\u00e9tiques et continuera de le faire\u00a0\u00bb, a d\u00e9clar\u00e9<br \/>\nVolodimir Zelensky lors d&rsquo;une conf\u00e9rence de presse conjointe<br \/>\navec Robert Fico.\n<\/p>\n<p>\n \u00ab\u00a0Mais nous voulons vraiment que cette guerre cesse (&#8230;),<br \/>\npersonne ne va rester les bras crois\u00e9s et la tol\u00e9rer.\u00a0\u00bb\n<\/p>\n<p>\n Robert Fico a pour sa part d\u00e9clar\u00e9 que des attaques<br \/>\nmilitaires contre des cibles \u00ab\u00a0l\u00e9gitimes\u00a0\u00bb nuisaient \u00e0 la<br \/>\nSlovaquie.\n<\/p>\n<p>\n \u00ab\u00a0Nous devrions \u00e9galement prendre en compte les int\u00e9r\u00eats des<br \/>\nautres pays qui font partie du r\u00e9seau \u00e9nerg\u00e9tique<br \/>\ninternational\u00a0\u00bb, a-t-il ajout\u00e9.\n<\/p>\n<p>\n Volodimir Zelensky a en outre d\u00e9clar\u00e9 que l&rsquo;Ukraine restait<br \/>\npr\u00eate \u00e0 approvisionner la Slovaquie en p\u00e9trole et en gaz, \u00e0<br \/>\ncondition que ceux-ci ne proviennent pas de Russie.\n<\/p>\n<p>\n Robert Fico avait pr\u00e9c\u00e9demment reproch\u00e9 \u00e0 l&rsquo;Ukraine de ne<br \/>\npas avoir maintenu le transit du gaz russe apr\u00e8s l&rsquo;expiration du<br \/>\ncontrat de Kyiv avec Moscou, fin de 2024. Gazprom a depuis<br \/>\nr\u00e9achemin\u00e9 ses approvisionnements, qu&rsquo;il exp\u00e9die vers la<br \/>\nSlovaquie dans le cadre d&rsquo;un accord \u00e0 long terme.\n<\/p>\n<p>\n Le Premier ministre slovaque s&rsquo;est \u00e9galement fermement<br \/>\noppos\u00e9 \u00e0 un plan de l&rsquo;UE en cours de discussion visant \u00e0<br \/>\nsupprimer progressivement les importations d&rsquo;\u00e9nergie russe d&rsquo;ici<br \/>\n2027. Il a aussi retard\u00e9 le dernier paquet de sanctions du bloc<br \/>\ncontre la Russie pour exiger des garanties contre les effets<br \/>\nn\u00e9gatifs que la Slovaquie pourrait subir en raison de la fin des<br \/>\napprovisionnements russes.\n<\/p>\n<p>\n Le pr\u00e9sident am\u00e9ricain Donald Trump a d\u00e9clar\u00e9 jeudi aux<br \/>\ndirigeants europ\u00e9ens que l&rsquo;UE devait cesser d&rsquo;acheter du p\u00e9trole<br \/>\nrusse qui, selon lui, aide Moscou \u00e0 financer sa guerre contre<br \/>\nl&rsquo;Ukraine.\n<\/p>\n<p>\n Robert Fico a d\u00e9clar\u00e9 vendredi que, malgr\u00e9 les divergences,<br \/>\nil existait un large champ de coop\u00e9rations possibles entre la<br \/>\nSlovaquie et l&rsquo;Ukraine, notamment dans le domaine de l&rsquo;\u00e9nergie.\n<\/p>\n<p>\n Il a \u00e9galement exprim\u00e9 le souhait que l&rsquo;Ukraine obtienne des<br \/>\ngaranties de s\u00e9curit\u00e9 et propos\u00e9 de partager l&rsquo;exp\u00e9rience<br \/>\nslovaque pour faciliter les n\u00e9gociations d&rsquo;adh\u00e9sion de l&rsquo;Ukraine<br \/>\n\u00e0 l&rsquo;UE.\n<\/p>\n<p>\n \u00ab\u00a0De bonnes relations de bon voisinage amicales, une paix<br \/>\njuste, un cessez-le-feu le plus rapide possible et une<br \/>\nperspective europ\u00e9enne sont les quatre choses que nous<br \/>\nsouhaitons (&#8230;) malgr\u00e9 le fait que nous ayons des opinions<br \/>\ndivergentes sur certaines questions\u00a0\u00bb, a-t-il dit.\n<\/p>\n<p>\n (R\u00e9dig\u00e9 par Jan Lopatka, Jason Hovet, Yuliia Dysa et Max<br \/>\nHunder, version fran\u00e7aise Benjamin Mallet)<\/p>\n","protected":false},"excerpt":{"rendered":"L&rsquo;Ukraine continuera de riposter aux attaques de la Russie contre ses installations \u00e9nerg\u00e9tiques, a d\u00e9clar\u00e9 vendredi le pr\u00e9sident&hellip;\n","protected":false},"author":2,"featured_media":8061,"comment_status":"","ping_status":"","sticky":false,"template":"","format":"standard","meta":{"footnotes":""},"categories":[1590],"tags":[400,11,398,408,405,1777,674,403,402,399,404,12,401,406,220,407],"class_list":{"0":"post-368660","1":"post","2":"type-post","3":"status-publish","4":"format-standard","5":"has-post-thumbnail","7":"category-ukraine","8":"tag-action-cac-40","9":"tag-actualites","10":"tag-bourse-de-paris","11":"tag-boursorama","12":"tag-cotations","13":"tag-eu","14":"tag-europe","15":"tag-indices-devises","16":"tag-investir","17":"tag-investissement","18":"tag-marche-boursier","19":"tag-news","20":"tag-sicav","21":"tag-trackers","22":"tag-ukraine","23":"tag-warrants"},"share_on_mastodon":{"url":"https:\/\/pubeurope.com\/@fr\/115152857543383854","error":""},"_links":{"self":[{"href":"https:\/\/www.europesays.com\/fr\/wp-json\/wp\/v2\/posts\/368660","targetHints":{"allow":["GET"]}}],"collection":[{"href":"https:\/\/www.europesays.com\/fr\/wp-json\/wp\/v2\/posts"}],"about":[{"href":"https:\/\/www.europesays.com\/fr\/wp-json\/wp\/v2\/types\/post"}],"author":[{"embeddable":true,"href":"https:\/\/www.europesays.com\/fr\/wp-json\/wp\/v2\/users\/2"}],"replies":[{"embeddable":true,"href":"https:\/\/www.europesays.com\/fr\/wp-json\/wp\/v2\/comments?post=368660"}],"version-history":[{"count":0,"href":"https:\/\/www.europesays.com\/fr\/wp-json\/wp\/v2\/posts\/368660\/revisions"}],"wp:featuredmedia":[{"embeddable":true,"href":"https:\/\/www.europesays.com\/fr\/wp-json\/wp\/v2\/media\/8061"}],"wp:attachment":[{"href":"https:\/\/www.europesays.com\/fr\/wp-json\/wp\/v2\/media?parent=368660"}],"wp:term":[{"taxonomy":"category","embeddable":true,"href":"https:\/\/www.europesays.com\/fr\/wp-json\/wp\/v2\/categories?post=368660"},{"taxonomy":"post_tag","embeddable":true,"href":"https:\/\/www.europesays.com\/fr\/wp-json\/wp\/v2\/tags?post=368660"}],"curies":[{"name":"wp","href":"https:\/\/api.w.org\/{rel}","templated":true}]}}