{"id":368663,"date":"2025-09-05T17:26:09","date_gmt":"2025-09-05T17:26:09","guid":{"rendered":"https:\/\/www.europesays.com\/fr\/368663\/"},"modified":"2025-09-05T17:26:09","modified_gmt":"2025-09-05T17:26:09","slug":"la-derive-du-royaume-uni-vers-une-police-politique","status":"publish","type":"post","link":"https:\/\/www.europesays.com\/fr\/368663\/","title":{"rendered":"\u00abLa d\u00e9rive du Royaume-Uni vers une police politique\u00bb"},"content":{"rendered":"<p><strong>CHRONIQUE &#8211;<\/strong> Ce lundi, l\u2019humoriste Graham Linehan a \u00e9t\u00e9 arr\u00eat\u00e9 par la police britannique pour des tweets jug\u00e9s \u00ab\u00a0haineux\u00a0\u00bb. Un exemple parmi d\u2019autres qui illustrent l\u2019inqui\u00e9tant d\u00e9tournement des missions de la police outre-Manche.<\/p>\n<p class=\"fig-paragraph\">L\u2019histoire des derniers si\u00e8cles nous a amen\u00e9s \u00e0 croire que\u00a0<a href=\"http:\/\/www.lefigaro.fr\/international\/royaume-uni-la-numero-deux-du-gouvernement-demissionne-apres-une-affaire-d-impot-sous-paye-20250905\" data-fig-type=\"NewsFlash\" data-gtm-custom-categorie=\"navigation\" data-gtm-custom-action=\"crossclick\" data-gtm-custom-label=\"Contextuel\" data-gtm-event=\"customEventSPE\" data-fig-domain=\"LEFIGARO\" rel=\"nofollow noopener\" target=\"_blank\">les Britanniques<\/a>\u00a0avaient une passion particuli\u00e8re pour les libert\u00e9s. Mais l\u2019histoire des derni\u00e8res ann\u00e9es, et plus encore des derniers mois, nous oblige \u00e0 constater qu\u2019ils y sont devenus indiff\u00e9rents, peut-\u00eatre m\u00eame hostiles.<\/p>\n<p class=\"fig-paragraph\">La s\u00e9quence hallucinante mettant en sc\u00e8ne bien malgr\u00e9 lui Graham Linehan nous en convaincra. Le 1er\u00a0septembre,\u00a0<a href=\"http:\/\/www.lefigaro.fr\/international\/au-royaume-uni-l-arrestation-d-un-comedien-accuse-de-transphobie-relance-le-debat-de-la-liberte-d-expression-20250903\" data-fig-type=\"Article\" data-gtm-custom-categorie=\"navigation\" data-gtm-custom-action=\"crossclick\" data-gtm-custom-label=\"Contextuel\" data-gtm-event=\"customEventSPE\" data-fig-domain=\"LEFIGARO\" rel=\"nofollow noopener\" target=\"_blank\">l\u2019humoriste irlandais, s\u2019est pos\u00e9 \u00e0 Heathrow<\/a>, au Royaume-Uni, et fut \u00e0 sa grande surprise accueilli par\u00a0<a href=\"http:\/\/www.lefigaro.fr\/flash-actu\/royaume-uni-la-police-enquete-sur-un-depart-de-feu-dans-la-maison-du-premier-ministre-keir-starmer-20250512\" data-fig-type=\"NewsFlash\" data-gtm-custom-categorie=\"navigation\" data-gtm-custom-action=\"crossclick\" data-gtm-custom-label=\"Contextuel\" data-gtm-event=\"customEventSPE\" data-fig-domain=\"LEFIGARO\" rel=\"nofollow noopener\" target=\"_blank\">cinq policiers arm\u00e9s<\/a>, qui l\u2019amen\u00e8rent au poste, avant de l\u2019emprisonner et de l\u2019interroger plusieurs heures. On lui reprochait trois tweets, parus en avril, et d\u00e9cr\u00e9t\u00e9s haineux, o\u00f9 il s\u2019en prenait vertement, avec un humour \u00ab\u00a0trash\u00a0\u00bb, \u00e0 l\u2019id\u00e9ologie transgenre, postulant qu\u2019il suffit pour un individu de se proclamer d\u2019un genre, sans \u00e9gard pour son sexe biologique, pour \u00eatre reconnu ainsi.<\/p>\n<p class=\"fig-paragraph\">Cette autoproclamation serait m\u00eame \u00e0 inscrire dans le registre de la v\u00e9rit\u00e9 &#8211;\u00a0qui s\u2019opposera \u00e0 cette th\u00e8se sera\u2026<\/p>\n<p class=\"fig-premium-paywall__infos\">\n        Cet article est r\u00e9serv\u00e9 aux abonn\u00e9s.        Il vous reste 80% \u00e0 d\u00e9couvrir.\n    <\/p>\n<p>                <img  data- alt=\"Le Figaro\" class=\"fig-img--complete fig-img\"\/><\/p>\n<p class=\"fig-premium-paywall__title\">Vente Flash<\/p>\n<p class=\"fig-premium-paywall__subtitle\">4,99\u20ac par mois pendant 12 mois. Sans engagement<\/p>\n<p class=\"fig-premium-paywall__connect\">\n                D\u00e9j\u00e0 abonn\u00e9\u00a0?                <a class=\"fig-premium-paywall__connect-link\" href=\"https:\/\/connect.lefigaro.fr\/login?client=horizon_web&amp;type=main&amp;redirect_uri=https%3A%2F%2Fwww.lefigaro.fr%2Fvox%2Fmonde%2Fmathieu-bock-cote-la-derive-du-royaume-uni-vers-une-police-politique-20250905\" data-js-gtm=\"{&quot;customCategorie&quot;: &quot;conversion&quot;, &quot;customAction&quot;: &quot;before_Landing_Connexion_paywall_auto&quot;, &quot;customLabel&quot;: &quot;bGVmaWdhcm8uZnJfXzFmMDhhNDNlLWIwOWQtNmFmMi1iNmY2LTIxYTRkMzRlN2VkOF9fQXJ0aWNsZQ==_Mathieu Bock-C\u00f4t\u00e9\u00a0: \u00abLa d\u00e9rive du Royaume-Uni vers une police politique\u00bb_108&quot;, &quot;customIDSPE&quot;: &quot;bGVmaWdhcm8uZnJfXzFmMDhhNDNlLWIwOWQtNmFmMi1iNmY2LTIxYTRkMzRlN2VkOF9fQXJ0aWNsZQ==&quot;, &quot;event&quot;: &quot;customEventSPE&quot;}\" rel=\"nofollow noopener\" target=\"_blank\"><br \/>\n                    Connectez-vous<br \/>\n                <\/a>\n            <\/p>\n","protected":false},"excerpt":{"rendered":"CHRONIQUE &#8211; Ce lundi, l\u2019humoriste Graham Linehan a \u00e9t\u00e9 arr\u00eat\u00e9 par la police britannique pour des tweets jug\u00e9s&hellip;\n","protected":false},"author":2,"featured_media":368664,"comment_status":"","ping_status":"","sticky":false,"template":"","format":"standard","meta":{"footnotes":""},"categories":[1588],"tags":[11,1777,674,12,473,1853,1851,1850,1852],"class_list":{"0":"post-368663","1":"post","2":"type-post","3":"status-publish","4":"format-standard","5":"has-post-thumbnail","7":"category-royaume-uni","8":"tag-actualites","9":"tag-eu","10":"tag-europe","11":"tag-news","12":"tag-royaume-uni","13":"tag-royaume-uni-de-grande-bretagne-et-dirlande-du-nord","14":"tag-uk","15":"tag-united-kingdom","16":"tag-united-kingdom-of-great-britain-and-northern-ireland"},"share_on_mastodon":{"url":"https:\/\/pubeurope.com\/@fr\/115152865459093134","error":""},"_links":{"self":[{"href":"https:\/\/www.europesays.com\/fr\/wp-json\/wp\/v2\/posts\/368663","targetHints":{"allow":["GET"]}}],"collection":[{"href":"https:\/\/www.europesays.com\/fr\/wp-json\/wp\/v2\/posts"}],"about":[{"href":"https:\/\/www.europesays.com\/fr\/wp-json\/wp\/v2\/types\/post"}],"author":[{"embeddable":true,"href":"https:\/\/www.europesays.com\/fr\/wp-json\/wp\/v2\/users\/2"}],"replies":[{"embeddable":true,"href":"https:\/\/www.europesays.com\/fr\/wp-json\/wp\/v2\/comments?post=368663"}],"version-history":[{"count":0,"href":"https:\/\/www.europesays.com\/fr\/wp-json\/wp\/v2\/posts\/368663\/revisions"}],"wp:featuredmedia":[{"embeddable":true,"href":"https:\/\/www.europesays.com\/fr\/wp-json\/wp\/v2\/media\/368664"}],"wp:attachment":[{"href":"https:\/\/www.europesays.com\/fr\/wp-json\/wp\/v2\/media?parent=368663"}],"wp:term":[{"taxonomy":"category","embeddable":true,"href":"https:\/\/www.europesays.com\/fr\/wp-json\/wp\/v2\/categories?post=368663"},{"taxonomy":"post_tag","embeddable":true,"href":"https:\/\/www.europesays.com\/fr\/wp-json\/wp\/v2\/tags?post=368663"}],"curies":[{"name":"wp","href":"https:\/\/api.w.org\/{rel}","templated":true}]}}