{"id":368667,"date":"2025-09-05T17:28:15","date_gmt":"2025-09-05T17:28:15","guid":{"rendered":"https:\/\/www.europesays.com\/fr\/368667\/"},"modified":"2025-09-05T17:28:15","modified_gmt":"2025-09-05T17:28:15","slug":"295-milliards-deuros-damende-pour-google-leurope-prete-a-imposer-le-demantelement","status":"publish","type":"post","link":"https:\/\/www.europesays.com\/fr\/368667\/","title":{"rendered":"2,95 milliards d\u2019euros d&rsquo;amende pour GOOGLE, l\u2019Europe pr\u00eate \u00e0 imposer le d\u00e9mant\u00e8lement"},"content":{"rendered":"<p>La Commission europ\u00e9enne vient d\u2019annoncer une amende de 2,95 milliards d\u2019euros \u00e0 Google pour abus de position dominante dans la publicit\u00e9 en ligne. L\u2019ex\u00e9cutif europ\u00e9en accuse le groupe am\u00e9ricain d\u2019avoir favoris\u00e9 ses propres services au d\u00e9triment de ses concurrents, un \u00ab self-preferencing \u00bb qui fausse la concurrence dans l\u2019Adtech.<\/p>\n<p>Google dispose de 60 jours pour pr\u00e9senter un plan de mise en conformit\u00e9, faute de quoi, Bruxelles pourrait imposer une cession d\u2019actifs. \u00ab \u00c0 ce stade, il appara\u00eet que la seule mani\u00e8re pour Google de mettre fin efficacement \u00e0 son conflit d\u2019int\u00e9r\u00eat est une solution structurelle, comme la vente d\u2019une partie de son activit\u00e9 publicitaire \u00bb, a d\u00e9clar\u00e9 par voie de communiqu\u00e9 Teresa Ribera, commissaire europ\u00e9enne \u00e0 la concurrence.<\/p>\n<p>Le groupe a imm\u00e9diatement annonc\u00e9 son intention de faire appel. \u00ab La d\u00e9cision de la Commission europ\u00e9enne concernant nos services publicitaires est mauvaise et nous allons faire appel \u00bb, a r\u00e9agi Lee-Anne Mulholland, vice-pr\u00e9sidente des affaires r\u00e9glementaires de Google. Elle a d\u00e9nonc\u00e9 \u00ab une amende injustifi\u00e9e \u00bb et affirm\u00e9 que les changements exig\u00e9s \u00ab vont nuire \u00e0 des milliers d\u2019entreprises europ\u00e9ennes en leur compliquant la t\u00e2che pour gagner de l\u2019argent \u00bb.<\/p>\n<p>Cette d\u00e9cision survient dans un contexte de fortes tensions transatlantiques. Donald Trump a r\u00e9cemment menac\u00e9 d\u2019instaurer des tarifs douaniers contre les pays dont les r\u00e9gulations visent les g\u00e9ants technologiques am\u00e9ricains. Le commissaire au commerce, Maros SefCovic, a retard\u00e9 de quelques jours l\u2019annonce de la sanction, alors que Bruxelles et Washington finalisent un accord commercial. Vendredi, Teresa Ribera a insist\u00e9 en d\u00e9clarant que \u00ab Nous continuerons \u00e0 appliquer nos r\u00e8gles fermement et \u00e9quitablement, sans crainte ni faveur, \u00e0 toutes les entreprises op\u00e9rant en Europe. \u00bb<\/p>\n<p>L\u2019amende de 2,95 milliards d\u2019euros s\u2019ajoute \u00e0 d\u2019autres sanctions prononc\u00e9es la m\u00eame semaine.<a href=\"https:\/\/www.frenchweb.fr\/325-millions-deuros-damendes-pour-google-gmail-youtube-maps-la-publicite-integree-aux-services-gratuits-devient-juridiquement-plus-risquee-en-europe\/456838\" rel=\"nofollow noopener\" target=\"_blank\"> La CNIL a condamn\u00e9 Google \u00e0 325 millions d\u2019euros pour manquements aux r\u00e8gles de protection des donn\u00e9es dans ses pratiques publicitaires<\/a>. Aux \u00c9tats-Unis, un jury f\u00e9d\u00e9ral de San Francisco a impos\u00e9 le versement de 425,7 millions de dollars (362 millions d\u2019euros) \u00e0 pr\u00e8s de 100 millions d\u2019utilisateurs pour atteinte \u00e0 leur vie priv\u00e9e. Enfin, Google a \u00e9vit\u00e9 mardi un d\u00e9mant\u00e8lement de Chrome et Android aux \u00c9tats-Unis, un juge f\u00e9d\u00e9ral ayant privil\u00e9gi\u00e9 des restrictions sur le partage de donn\u00e9es et l\u2019interdiction de contrats d\u2019exclusivit\u00e9.<\/p>\n<p>                         <a href=\"https:\/\/www.frenchweb.fr\" class=\"fn url\" target=\"_blank\" title=\"LA REDACTION DE FRENCHWEB.FR\" rel=\"nofollow noopener\"> <img decoding=\"async\" alt=\"\" src=\"https:\/\/i0.wp.com\/www.frenchweb.fr\/wp-content\/uploads\/gravatar\/la-redaction-frenchweb-6.jpg?ssl=1\" class=\"avatar avatar-250 photo jetpack-lazy-image\" style=\"max-width:250px\" data-lazy-src=\"https:\/\/www.europesays.com\/fr\/wp-content\/uploads\/2025\/09\/1757093295_133_la-redaction-frenchweb-6.jpg\"  data-recalc-dims=\"1\"\/><\/a> Pour nous contacter, nous vous avons pr\u00e9par\u00e9 un petit formulaire pour bien g\u00e9rer votre demande et pouvoir l&rsquo;adresser en toute confidentialit\u00e9. <a href=\"https:\/\/www.frenchweb.fr\/contacter-la-redaction\" rel=\"nofollow noopener\" target=\"_blank\">Cliquez ici pour y acc\u00e9der<\/a> <a href=\"https:\/\/www.frenchweb.fr\" class=\"url\" target=\"_blank\" title=\"LA REDACTION DE FRENCHWEB.FR\" rel=\"nofollow noopener\"><img decoding=\"async\" alt=\"\" src=\"https:\/\/i0.wp.com\/www.frenchweb.fr\/wp-content\/uploads\/gravatar\/la-redaction-frenchweb-6.jpg?ssl=1\" class=\"avatar avatar-250 photo jetpack-lazy-image\" style=\"max-width:250px\" data-lazy-src=\"https:\/\/www.europesays.com\/fr\/wp-content\/uploads\/2025\/09\/1757093295_133_la-redaction-frenchweb-6.jpg\"  data-recalc-dims=\"1\"\/><\/a>Les derniers articles par LA REDACTION DE FRENCHWEB.FR (<a href=\"https:\/\/www.frenchweb.fr\/author\/journaliste\" rel=\"nofollow noopener\" target=\"_blank\">tout voir<\/a>)  <\/p>\n","protected":false},"excerpt":{"rendered":"La Commission europ\u00e9enne vient d\u2019annoncer une amende de 2,95 milliards d\u2019euros \u00e0 Google pour abus de position dominante&hellip;\n","protected":false},"author":2,"featured_media":368668,"comment_status":"","ping_status":"","sticky":false,"template":"","format":"standard","meta":{"footnotes":""},"categories":[1586],"tags":[11,9233,75,1777,674,1011,27,50312,10359,12,25,50313],"class_list":{"0":"post-368667","1":"post","2":"type-post","3":"status-publish","4":"format-standard","5":"has-post-thumbnail","7":"category-europe","8":"tag-actualites","9":"tag-cnil","10":"tag-donald-trump","11":"tag-eu","12":"tag-europe","13":"tag-fr","14":"tag-france","15":"tag-lee-anne-mulholland","16":"tag-maros-sefcovic","17":"tag-news","18":"tag-republique-francaise","19":"tag-teresa-ribera"},"share_on_mastodon":{"url":"https:\/\/pubeurope.com\/@fr\/115152873827597205","error":""},"_links":{"self":[{"href":"https:\/\/www.europesays.com\/fr\/wp-json\/wp\/v2\/posts\/368667","targetHints":{"allow":["GET"]}}],"collection":[{"href":"https:\/\/www.europesays.com\/fr\/wp-json\/wp\/v2\/posts"}],"about":[{"href":"https:\/\/www.europesays.com\/fr\/wp-json\/wp\/v2\/types\/post"}],"author":[{"embeddable":true,"href":"https:\/\/www.europesays.com\/fr\/wp-json\/wp\/v2\/users\/2"}],"replies":[{"embeddable":true,"href":"https:\/\/www.europesays.com\/fr\/wp-json\/wp\/v2\/comments?post=368667"}],"version-history":[{"count":0,"href":"https:\/\/www.europesays.com\/fr\/wp-json\/wp\/v2\/posts\/368667\/revisions"}],"wp:featuredmedia":[{"embeddable":true,"href":"https:\/\/www.europesays.com\/fr\/wp-json\/wp\/v2\/media\/368668"}],"wp:attachment":[{"href":"https:\/\/www.europesays.com\/fr\/wp-json\/wp\/v2\/media?parent=368667"}],"wp:term":[{"taxonomy":"category","embeddable":true,"href":"https:\/\/www.europesays.com\/fr\/wp-json\/wp\/v2\/categories?post=368667"},{"taxonomy":"post_tag","embeddable":true,"href":"https:\/\/www.europesays.com\/fr\/wp-json\/wp\/v2\/tags?post=368667"}],"curies":[{"name":"wp","href":"https:\/\/api.w.org\/{rel}","templated":true}]}}