{"id":368676,"date":"2025-09-05T17:32:21","date_gmt":"2025-09-05T17:32:21","guid":{"rendered":"https:\/\/www.europesays.com\/fr\/368676\/"},"modified":"2025-09-05T17:32:21","modified_gmt":"2025-09-05T17:32:21","slug":"reconnaissance-de-letat-palestinien-la-france-et-israel-au-bord-de-la-rupture-diplomatique","status":"publish","type":"post","link":"https:\/\/www.europesays.com\/fr\/368676\/","title":{"rendered":"Reconnaissance de l&rsquo;\u00c9tat palestinien : la France et Isra\u00ebl au bord de la rupture diplomatique"},"content":{"rendered":"<p>\n  Par&amp;nbsp<b>euronews<\/b>\n<\/p>\n<p>\n                    Publi\u00e9 le                 05\/09\/2025 &#8211; 19:16 UTC+2<br \/>\n                \u2022Mis \u00e0 jour<br \/>\n                                     19:22\n                                        <\/p>\n<p>          <img decoding=\"async\" class=\"c-ad__placeholder__logo\" src=\"https:\/\/static.euronews.com\/website\/images\/logos\/logo-euronews-stacked-outlined-72x72-grey-9.svg\" width=\"72\" height=\"72\" alt=\"\" loading=\"lazy\"\/><br \/>\n          PUBLICIT\u00c9<\/p>\n<p>La pression monte encore d&rsquo;un cran entre la France et Isra\u00ebl. Alors qu&rsquo;Emmanuel Macron a annonc\u00e9 en juillet dernier que <a href=\"https:\/\/fr.euronews.com\/my-europe\/2025\/07\/24\/nous-gagnerons-la-paix-la-france-reconnaitra-letat-de-palestine-en-septembre-annonce-macro\" target=\"_blank\" rel=\"noopener\"><strong>Paris reconna\u00eetrait l\u2019\u00c9tat de Palestine<\/strong><\/a> lors de l\u2019Assembl\u00e9e g\u00e9n\u00e9rale des Nations unies en septembre prochain, la vice-ministre isra\u00e9lienne des Affaires \u00e9trang\u00e8res Sharren Haskel reproche au pr\u00e9sident fran\u00e7ais d&rsquo;essayer \u00ab\u00a0de pousser tous les \u00c9tats\u00a0\u00bb \u00e0 suivre son exemple et l&rsquo;accuse d&rsquo;offrir \u00ab\u00a0un cadeau d&rsquo;\u00c9tat au Hamas\u00a0\u00bb.<\/p>\n<p>Interview\u00e9e sur la radio publique fran\u00e7aise Radio France, la repr\u00e9sentante isra\u00e9lienne a annonc\u00e9 que la fermeture du consulat fran\u00e7ais \u00e0 J\u00e9rusalem \u00e9tait \u00ab\u00a0sur la table du Premier ministre\u00a0\u00bb Benjamin Netanyahu. Selon des hauts responsables isra\u00e9liens, Isra\u00ebl pourrait \u00e9galement saisir des propri\u00e9t\u00e9s fran\u00e7aises dans le pays et dans les territoires annex\u00e9s, dont le Tombeau des Rois situ\u00e9 \u00e0 J\u00e9rusalem-Est.<\/p>\n<p>Gideon Saar exclut toute visite d&rsquo;Emmanuel Macron en Isra\u00ebl<\/p>\n<p>Jeudi, le ministre isra\u00e9lien des Affaires \u00e9trang\u00e8res, Gideon Saar, a \u00e9galement affirm\u00e9 qu\u00a0\u00bbaucune possibilit\u00e9\u00a0\u00bb  n&rsquo;existait pour une visite du pr\u00e9sident fran\u00e7ais en Isra\u00ebl tant que Paris maintiendrait sa d\u00e9cision de reconna\u00eetre un \u00c9tat palestinien.<\/p>\n<p>\u00ab\u00a0Aussi longtemps que la France poursuivra ses efforts et initiatives allant \u00e0 l&rsquo;encontre des int\u00e9r\u00eats d&rsquo;Isra\u00ebl, une telle visite n&rsquo;aura pas lieu d&rsquo;\u00eatre\u00a0\u00bb, a-t-il d\u00e9clar\u00e9. <\/p>\n<p>\u00ab\u00a0Macron tente d&rsquo;intervenir de l&rsquo;ext\u00e9rieur dans un conflit auquel il n&rsquo;est pas partie, d&rsquo;une mani\u00e8re compl\u00e8tement d\u00e9connect\u00e9e de la r\u00e9alit\u00e9 sur le terrain apr\u00e8s le 7 octobre\u00a0\u00bb, a \u00e9galement \u00e9crit le chef de la diplomatie isra\u00e9lienne dans un message sur X mardi soir.<\/p>\n<p>Paris menace de riposter par des contres-mesures<\/p>\n<p>Selon le m\u00e9dia isra\u00e9lien i24 News, la France pourrait envisager des contres-mesures si Isra\u00ebl mettait ses menace \u00e0 ex\u00e9cution, parmi lesquelles la fermeture d\u2019un consulat isra\u00e9lien en France, la r\u00e9duction des passeports diplomatiques accord\u00e9s aux repr\u00e9sentants isra\u00e9liens, ou encore des restrictions sur les activit\u00e9s du Mossad, qui dispose d\u2019une importante base op\u00e9rationnelle dans le pays.<\/p>\n<p>Plus t\u00f4t cette semaine, Emmanuel Macron a annonc\u00e9 sur X la co-pr\u00e9sidence par la France et l&rsquo;Arabie Saoudite de la Conf\u00e9rence sur la solution \u00e0 deux \u00c9tats qui se tiendra au si\u00e8ge de l\u2019ONU.  Le pr\u00e9sident fran\u00e7ais a rappel\u00e9 qu'\u00a0\u00bbaucune offensive, tentative d&rsquo;annexion et de d\u00e9placement des populations\u00a0\u00bb ne saurait freiner le mouvement de reconnaissance de l\u2019\u00c9tat palestinien.<\/p>\n<p>Emmanuel Macron a \u00e9galement d\u00e9plor\u00e9 la d\u00e9cision am\u00e9ricaine de ne pas octroyer de visas aux responsables palestiniens pour qu&rsquo;ils puissent se rendre \u00e0 l&rsquo;Assembl\u00e9e g\u00e9n\u00e9rale de l&rsquo;ONU. <\/p>\n<p><strong>Une crise diplomatique qui remonte \u00e0 ao\u00fbt<\/strong><\/p>\n<p>Les relations entre Emmanuel Macron et Benjamin Netanyahu se sont tendues d\u00e8s le mois d&rsquo;ao\u00fbt dernier. Dans un courrier qui a fuit\u00e9 avant d\u2019atteindre l\u2019Elys\u00e9e, le Premier ministre isra\u00e9lien a accus\u00e9 le pr\u00e9sident fran\u00e7ais de contribuer \u00e0 l\u2019antis\u00e9mitisme en appelant \u00e0 la reconnaissance internationale de l\u2019\u00c9tat palestinien.<\/p>\n<p>En r\u00e9ponse, Emmanuel Macron <a href=\"https:\/\/fr.euronews.com\/2025\/08\/20\/la-france-protegera-toujours-les-juifs-lance-emmanuel-macron-apres-les-critiques-de-netany\" target=\"_blank\" rel=\"noopener\"><strong>avait adress\u00e9 une lettre de six pages<\/strong><\/a> \u00e0 Benjamin Netanyahu, jugeant que cette d\u00e9marche serait la meilleure fa\u00e7on d\u2019assurer la s\u00e9curit\u00e9 d\u2019Isra\u00ebl et d\u00e9non\u00e7ant l\u2019\u00a0\u00bbinstrumentalisation\u00a0\u00bb de l\u2019antis\u00e9mitisme par le Premier ministre isra\u00e9lien.<\/p>\n","protected":false},"excerpt":{"rendered":"Par&amp;nbspeuronews Publi\u00e9 le 05\/09\/2025 &#8211; 19:16 UTC+2 \u2022Mis \u00e0 jour 19:22 PUBLICIT\u00c9 La pression monte encore d&rsquo;un cran&hellip;\n","protected":false},"author":2,"featured_media":368677,"comment_status":"","ping_status":"","sticky":false,"template":"","format":"standard","meta":{"footnotes":""},"categories":[4],"tags":[11,4628,1011,27,664,12,3518,25],"class_list":{"0":"post-368676","1":"post","2":"type-post","3":"status-publish","4":"format-standard","5":"has-post-thumbnail","7":"category-france","8":"tag-actualites","9":"tag-bande-de-gaza","10":"tag-fr","11":"tag-france","12":"tag-israel","13":"tag-news","14":"tag-palestine","15":"tag-republique-francaise"},"share_on_mastodon":{"url":"https:\/\/pubeurope.com\/@fr\/115152889001668667","error":""},"_links":{"self":[{"href":"https:\/\/www.europesays.com\/fr\/wp-json\/wp\/v2\/posts\/368676","targetHints":{"allow":["GET"]}}],"collection":[{"href":"https:\/\/www.europesays.com\/fr\/wp-json\/wp\/v2\/posts"}],"about":[{"href":"https:\/\/www.europesays.com\/fr\/wp-json\/wp\/v2\/types\/post"}],"author":[{"embeddable":true,"href":"https:\/\/www.europesays.com\/fr\/wp-json\/wp\/v2\/users\/2"}],"replies":[{"embeddable":true,"href":"https:\/\/www.europesays.com\/fr\/wp-json\/wp\/v2\/comments?post=368676"}],"version-history":[{"count":0,"href":"https:\/\/www.europesays.com\/fr\/wp-json\/wp\/v2\/posts\/368676\/revisions"}],"wp:featuredmedia":[{"embeddable":true,"href":"https:\/\/www.europesays.com\/fr\/wp-json\/wp\/v2\/media\/368677"}],"wp:attachment":[{"href":"https:\/\/www.europesays.com\/fr\/wp-json\/wp\/v2\/media?parent=368676"}],"wp:term":[{"taxonomy":"category","embeddable":true,"href":"https:\/\/www.europesays.com\/fr\/wp-json\/wp\/v2\/categories?post=368676"},{"taxonomy":"post_tag","embeddable":true,"href":"https:\/\/www.europesays.com\/fr\/wp-json\/wp\/v2\/tags?post=368676"}],"curies":[{"name":"wp","href":"https:\/\/api.w.org\/{rel}","templated":true}]}}