{"id":368678,"date":"2025-09-05T17:35:15","date_gmt":"2025-09-05T17:35:15","guid":{"rendered":"https:\/\/www.europesays.com\/fr\/368678\/"},"modified":"2025-09-05T17:35:15","modified_gmt":"2025-09-05T17:35:15","slug":"antoine-dupont-en-couple-avec-iris-mittenaere-parmi-les-proches-du-rugbyman-ca-fait-jaser-et-les-langues-se-delient","status":"publish","type":"post","link":"https:\/\/www.europesays.com\/fr\/368678\/","title":{"rendered":"Antoine Dupont en couple avec Iris Mittenaere : parmi les proches du rugbyman, \u00e7a fait jaser et les langues se d\u00e9lient"},"content":{"rendered":"<p data-start=\"293\" data-end=\"722\">Et si <a href=\"https:\/\/www.closermag.fr\/bio-people\/antoine-dupont\" target=\"_blank\" rel=\"noopener\">Antoine<br \/>\nDupont<\/a> devait faire un choix entre son couple et sa carri\u00e8re ?<br \/>\nEn couple avec <a href=\"https:\/\/www.closermag.fr\/bio-people\/iris-mittenaere\" target=\"_blank\" rel=\"noopener\">Iris<br \/>\nMittenaere<\/a> depuis plusieurs mois<strong>, le rugbyman star<br \/>\ninqui\u00e8te ses plus proches<\/strong>. Notamment car son idylle avec<br \/>\nMiss Univers 2016 pourrait peser tr\u00e8s lourd dans son retour sur les<br \/>\nterrains. Car bless\u00e9 s\u00e9rieusement en mars dernier lors du <a href=\"https:\/\/www.telestar.fr\/programme-tv\/fiche-emission\/tournoi-des-vi-nations-129275723\" target=\"_blank\" rel=\"noopener\"><br \/>\nTournoi des VI Nations<\/a>, le jeune homme n&rsquo;a pas encore vraiment<br \/>\nremis les pieds sur la pelouse&#8230;<\/p>\n<p data-start=\"724\" data-end=\"1153\">Et au sein du \u00ab\u00a0staff de<br \/>\nl&rsquo;\u00e9quipe de France\u00a0\u00bb, on \u00ab\u00a0se questionne\u00a0\u00bb, comme le<br \/>\nr\u00e9v\u00e8le une source \u00e0 Public. \u00ab\u00a0Son entourage ne voit pas d\u2019un \u0153il tr\u00e8s bon<br \/>\ncette relation ultra m\u00e9diatis\u00e9e. L\u2019ovalie, ce n\u2019est pas le foot, on<br \/>\nn\u2019a <strong>pas l\u2019habitude des couples bling-bling et du<br \/>\nshow-off\u00a0\u00bb<\/strong>, regrette notamment un initi\u00e9 dans les<br \/>\ncolonnes de nos confr\u00e8res. En attendant le retour d&rsquo;Antoine Dupont<br \/>\nen novembre prochain, tous veillent au grain.<\/p>\n<p>Iris Mittenaere \u00ab\u00a0d\u00e9concentre\u00a0\u00bb<br \/>\nAntoine Dupont<\/p>\n<p data-start=\"1155\" data-end=\"1580\">\u00ab\u00a0La derni\u00e8re chose dont on<br \/>\na besoin, c\u2019est que le c\u00f4t\u00e9 priv\u00e9 d\u00e9barque dans la carri\u00e8re<br \/>\nd\u2019Antoine et le d\u00e9concentre\u00a0\u00bb, peste une autre source&#8230; Le<br \/>\nrugbyman l&rsquo;a donc bien compris : attention \u00e0 ne pas d\u00e9laisser son<br \/>\nsport pour les beaux yeux d&rsquo;Iris Mittenaere. Et cela, ils semblent<br \/>\nd\u00e9j\u00e0 l&rsquo;avoir bien compris. Car depuis le d\u00e9but de leur histoire<br \/>\nd&rsquo;amour, <a href=\"https:\/\/www.closermag.fr\/people\/antoine-dupont-ce-nest-pas-parce-que-jaime-sa-mise-au-point-bien-sentie-sur-sa-nouvelle-vie-avec-iris-mittenaere-3568001\" target=\"_blank\" rel=\"noopener\"><br \/>\nl&rsquo;ancienne Miss France et le sportif<\/a> se font particuli\u00e8rement<br \/>\ndiscrets.<\/p>\n<p data-start=\"1582\" data-end=\"2048\">Mais les quelques apparitions<br \/>\nd&rsquo;Antoine Dupont dans <a href=\"https:\/\/www.closermag.fr\/people\/antoine-dupont-pas-a-laise-dans-lunivers-diris-mittenaere-mais-il-se-fait-violence-3570332\" target=\"_blank\" rel=\"noopener\"><br \/>\nl&rsquo;univers d&rsquo;Iris Mittenaere<\/a> ont cristallis\u00e9 les critiques.<br \/>\n\u00ab\u00a0Il y aura toujours des gens pour <strong>penser que je me<br \/>\nd\u00e9nature<\/strong>. Cela ne me perturbe pas. Je peux assister \u00e0 un<br \/>\nd\u00e9fil\u00e9 Louis Vuitton et, d\u00e8s le lendemain, retrouver mon fr\u00e8re au<br \/>\nmilieu des champs de notre village de Castelnau-Magnoac, en<br \/>\nOccitanie, avec ses porcs noirs de Bigorre\u00a0\u00bb, r\u00e9pondait<br \/>\nsimplement le meilleur joueur du monde aupr\u00e8s de Point de vue.<\/p>\n<p>Antoine Dupont fait une mise au point<\/p>\n<p data-start=\"2050\" data-end=\"2455\">\u00ab\u00a0Je n&rsquo;ai aucun souci avec<br \/>\ncela. Ce n&rsquo;est pas parce que j&rsquo;aime l&rsquo;un que je vais d\u00e9laisser<br \/>\nl&rsquo;autre. Cela me repr\u00e9sente bien. Je suis curieux de beaucoup de<br \/>\nchoses et j&rsquo;ai besoin de cet \u00e9quilibre-l\u00e0\u00a0\u00bb, disait-il encore.<br \/>\nUne fa\u00e7on pour lui de rassurer les inquiets. Mais aussi les \u00e9quipes<br \/>\nde France et du Stade Toulousain ? Peut-\u00eatre&#8230; Mais avec la<br \/>\ndiscr\u00e9tion d&rsquo;Antoine Dupont, difficile d&rsquo;\u00eatre cat\u00e9gorique.<\/p>\n<p data-start=\"2457\" data-end=\"2865\">En attendant qu&rsquo;il retrouve le<br \/>\nchemin des terrains de rugby, <strong>Antoine Dupont a profit\u00e9 de<br \/>\nses vacances d&rsquo;\u00e9t\u00e9<\/strong>. Avec Iris Mittenaere, on les a vus<br \/>\ndans le sud de la France mais aussi en Italie. Entre eux, tout a<br \/>\nl&rsquo;air de se passer pour le mieux. Mais ne comptez pas sur le couple<br \/>\nglamour pour \u00e9taler ses sentiments. Pour vivre heureux, vivons<br \/>\ncach\u00e9s ! Et ce c\u00e9l\u00e8bre adage convient parfaitement \u00e0 cette<br \/>\nidylle.<\/p>\n","protected":false},"excerpt":{"rendered":"Et si Antoine Dupont devait faire un choix entre son couple et sa carri\u00e8re ? En couple avec&hellip;\n","protected":false},"author":2,"featured_media":368679,"comment_status":"","ping_status":"","sticky":false,"template":"","format":"standard","meta":{"footnotes":""},"categories":[1416],"tags":[514,548,1193,1011,27,7308,479,1468,60],"class_list":{"0":"post-368678","1":"post","2":"type-post","3":"status-publish","4":"format-standard","5":"has-post-thumbnail","7":"category-rugby","8":"tag-antoine-dupont","9":"tag-article-simple","10":"tag-couple","11":"tag-fr","12":"tag-france","13":"tag-iris-mittenaere","14":"tag-rugby","15":"tag-rugby-football","16":"tag-sports"},"share_on_mastodon":{"url":"https:\/\/pubeurope.com\/@fr\/115152900803530726","error":""},"_links":{"self":[{"href":"https:\/\/www.europesays.com\/fr\/wp-json\/wp\/v2\/posts\/368678","targetHints":{"allow":["GET"]}}],"collection":[{"href":"https:\/\/www.europesays.com\/fr\/wp-json\/wp\/v2\/posts"}],"about":[{"href":"https:\/\/www.europesays.com\/fr\/wp-json\/wp\/v2\/types\/post"}],"author":[{"embeddable":true,"href":"https:\/\/www.europesays.com\/fr\/wp-json\/wp\/v2\/users\/2"}],"replies":[{"embeddable":true,"href":"https:\/\/www.europesays.com\/fr\/wp-json\/wp\/v2\/comments?post=368678"}],"version-history":[{"count":0,"href":"https:\/\/www.europesays.com\/fr\/wp-json\/wp\/v2\/posts\/368678\/revisions"}],"wp:featuredmedia":[{"embeddable":true,"href":"https:\/\/www.europesays.com\/fr\/wp-json\/wp\/v2\/media\/368679"}],"wp:attachment":[{"href":"https:\/\/www.europesays.com\/fr\/wp-json\/wp\/v2\/media?parent=368678"}],"wp:term":[{"taxonomy":"category","embeddable":true,"href":"https:\/\/www.europesays.com\/fr\/wp-json\/wp\/v2\/categories?post=368678"},{"taxonomy":"post_tag","embeddable":true,"href":"https:\/\/www.europesays.com\/fr\/wp-json\/wp\/v2\/tags?post=368678"}],"curies":[{"name":"wp","href":"https:\/\/api.w.org\/{rel}","templated":true}]}}