{"id":368688,"date":"2025-09-05T17:41:11","date_gmt":"2025-09-05T17:41:11","guid":{"rendered":"https:\/\/www.europesays.com\/fr\/368688\/"},"modified":"2025-09-05T17:41:11","modified_gmt":"2025-09-05T17:41:11","slug":"djibril-cisse-trouve-les-propos-polemiques-de-pierre-menes-a-vomir","status":"publish","type":"post","link":"https:\/\/www.europesays.com\/fr\/368688\/","title":{"rendered":"Djibril Ciss\u00e9 trouve les propos pol\u00e9miques de Pierre M\u00e9n\u00e8s \u00e0 vomir !"},"content":{"rendered":"<p><strong>L\u2019ancien attaquant de l\u2019OM, Djibril Ciss\u00e9, n\u2019a pas m\u00e2ch\u00e9 ses mots apr\u00e8s la sortie m\u00e9diatique de Pierre M\u00e9n\u00e8s. L\u2019ancien journaliste de Canal+, aujourd\u2019hui \u00e9loign\u00e9 des plateaux t\u00e9l\u00e9vis\u00e9s traditionnels, a cr\u00e9\u00e9 une vive pol\u00e9mique en s\u2019exprimant sur la cha\u00eene TVLibert\u00e9s. Ses d\u00e9clarations sur la composition des \u00e9quipes de jeunes et de l\u2019\u00e9quipe de France ont rapidement suscit\u00e9 de nombreuses r\u00e9actions dans le monde du football.<\/strong><\/p>\n<p>\u00a0<\/p>\n<p>Lors de son intervention, <strong>Pierre M\u00e9n\u00e8s<\/strong> a racont\u00e9 une anecdote concernant son fils : \u00ab Mon fils ? Je l\u2019ai mis \u00e0 Torcy (\u2026) Et au bout de trois entra\u00eenements, il dit : \u2018je n\u2019y vais plus\u2019. Il avait 11 ans et me dit : \u2018ils ne me disent pas bonjour, ils ne me passent pas la balle, ils m\u2019engueulent quand j\u2019ai le ballon et ils ne prennent pas la douche avec moi, je me casse\u2019. \u00c9videmment \u2013 je suis d\u00e9sol\u00e9 de le dire parce que c\u2019\u00e9tait la v\u00e9rit\u00e9 \u2013 dans l\u2019\u00e9quipe, il n\u2019y avait que des Maghr\u00e9bins et des noirs. C\u2019est la r\u00e9alit\u00e9 du football en Ile-de-France mais du football fran\u00e7ais aussi (\u2026) Regardez l\u2019\u00e9quipe de France. En \u00e9quipe de France, aujourd\u2019hui, il y a onze noirs \u00bb.<\/p>\n<p>\u00a0<\/p>\n<\/p>\n<p>Des propos de M\u00e9n\u00e8s choquants\u2026<\/p>\n<p>\u00a0<\/p>\n<p>Ces propos, jug\u00e9s discriminatoires et inacceptables par de nombreux observateurs, ont imm\u00e9diatement enflamm\u00e9 les r\u00e9seaux sociaux. Plusieurs personnalit\u00e9s ont exprim\u00e9 leur indignation face \u00e0 ce discours, consid\u00e9r\u00e9 comme stigmatisant et \u00e9loign\u00e9 des valeurs du sport.<\/p>\n<p>\u00a0<\/p>\n<p>A lire :\u00a0<a href=\"https:\/\/www.footballclubdemarseille.fr\/om-actualites\/om-djellit-souligne-ce-quil-faut-a-gouiri-pour-se-relancer.html\" target=\"_blank\" rel=\"noopener nofollow\">OM : Djellit souligne ce qu\u2019il faut \u00e0 Gouiri pour se relancer !<\/a><\/p>\n<p>Djibril Ciss\u00e9 exprime sa d\u00e9ception<\/p>\n<p>\u00a0<\/p>\n<p>Parmi les voix qui se sont \u00e9lev\u00e9es, celle de <strong>Djibril Ciss\u00e9<\/strong> a particuli\u00e8rement marqu\u00e9 les esprits. L\u2019ancien attaquant de l\u2019<strong>Olympique de Marseille<\/strong> et de l\u2019\u00e9quipe de France, tr\u00e8s suivi sur les r\u00e9seaux, n\u2019a pas h\u00e9sit\u00e9 \u00e0 afficher sa position. Sur X, il a \u00e9crit : \u00ab Tr\u00e8s d\u00e9\u00e7u de toi Pierre M\u00e9n\u00e8s \u00bb, accompagnant son message de plusieurs \u00e9mojis qui traduisent son incompr\u00e9hension et sa col\u00e8re.<\/p>\n<p>\u00a0<\/p>\n<blockquote class=\"twitter-tweet-lazy\">\n<p dir=\"ltr\" lang=\"fr\">Tr\u00e8s d\u00e9\u00e7u de toi <a href=\"https:\/\/twitter.com\/PierreMenes?ref_src=twsrc%5Etfw\" rel=\"nofollow noopener\" target=\"_blank\">@PierreMenes<\/a><br \/>\ud83e\udd2e\ud83e\udd2e\ud83e\udd2e\ud83e\udd2e\ud83e\udd2e\ud83e\udd2e\ud83e\udd2e\ud83e\udd2e <a href=\"https:\/\/t.co\/MzczSPw6VK\" rel=\"nofollow\">https:\/\/t.co\/MzczSPw6VK<\/a><\/p>\n<p>\u2014 Djibril Cisse (@DjibrilCisse) <a href=\"https:\/\/twitter.com\/DjibrilCisse\/status\/1963678046898266243?ref_src=twsrc%5Etfw\" rel=\"nofollow noopener\" target=\"_blank\">September 4, 2025<\/a><\/p>\n<\/blockquote>\n<p>La r\u00e9action de l\u2019ex-buteur illustre la fracture que ces d\u00e9clarations ont cr\u00e9\u00e9e dans le milieu du football. Habitu\u00e9 \u00e0 d\u00e9fendre la diversit\u00e9 et la mixit\u00e9, <strong>Ciss\u00e9<\/strong> a toujours mis en avant l\u2019importance du respect et du collectif dans ce sport. Sa prise de parole vient rappeler que le football, en particulier \u00e0 l\u2019<strong>OM<\/strong>, a longtemps \u00e9t\u00e9 un symbole de diversit\u00e9 et d\u2019unit\u00e9.<\/p>\n<p>            <script async src=\"https:\/\/platform.twitter.com\/widgets.js\" charset=\"utf-8\"><\/script><\/p>\n","protected":false},"excerpt":{"rendered":"L\u2019ancien attaquant de l\u2019OM, Djibril Ciss\u00e9, n\u2019a pas m\u00e2ch\u00e9 ses mots apr\u00e8s la sortie m\u00e9diatique de Pierre M\u00e9n\u00e8s.&hellip;\n","protected":false},"author":2,"featured_media":368689,"comment_status":"","ping_status":"","sticky":false,"template":"","format":"standard","meta":{"footnotes":""},"categories":[1410],"tags":[63,1011,27,60],"class_list":{"0":"post-368688","1":"post","2":"type-post","3":"status-publish","4":"format-standard","5":"has-post-thumbnail","7":"category-football","8":"tag-football","9":"tag-fr","10":"tag-france","11":"tag-sports"},"share_on_mastodon":{"url":"https:\/\/pubeurope.com\/@fr\/115152924546283462","error":""},"_links":{"self":[{"href":"https:\/\/www.europesays.com\/fr\/wp-json\/wp\/v2\/posts\/368688","targetHints":{"allow":["GET"]}}],"collection":[{"href":"https:\/\/www.europesays.com\/fr\/wp-json\/wp\/v2\/posts"}],"about":[{"href":"https:\/\/www.europesays.com\/fr\/wp-json\/wp\/v2\/types\/post"}],"author":[{"embeddable":true,"href":"https:\/\/www.europesays.com\/fr\/wp-json\/wp\/v2\/users\/2"}],"replies":[{"embeddable":true,"href":"https:\/\/www.europesays.com\/fr\/wp-json\/wp\/v2\/comments?post=368688"}],"version-history":[{"count":0,"href":"https:\/\/www.europesays.com\/fr\/wp-json\/wp\/v2\/posts\/368688\/revisions"}],"wp:featuredmedia":[{"embeddable":true,"href":"https:\/\/www.europesays.com\/fr\/wp-json\/wp\/v2\/media\/368689"}],"wp:attachment":[{"href":"https:\/\/www.europesays.com\/fr\/wp-json\/wp\/v2\/media?parent=368688"}],"wp:term":[{"taxonomy":"category","embeddable":true,"href":"https:\/\/www.europesays.com\/fr\/wp-json\/wp\/v2\/categories?post=368688"},{"taxonomy":"post_tag","embeddable":true,"href":"https:\/\/www.europesays.com\/fr\/wp-json\/wp\/v2\/tags?post=368688"}],"curies":[{"name":"wp","href":"https:\/\/api.w.org\/{rel}","templated":true}]}}