{"id":36869,"date":"2025-04-19T16:05:27","date_gmt":"2025-04-19T16:05:27","guid":{"rendered":"https:\/\/www.europesays.com\/fr\/36869\/"},"modified":"2025-04-19T16:05:27","modified_gmt":"2025-04-19T16:05:27","slug":"royaume-uni-le-canada-la-suede-et-lukraine-poursuivis-par-liran-au-sujet-dun-avion-abattu-en-2020","status":"publish","type":"post","link":"https:\/\/www.europesays.com\/fr\/36869\/","title":{"rendered":"Royaume-Uni, le Canada, la Su\u00e8de et l&rsquo;Ukraine poursuivis par l\u2019Iran au sujet d&rsquo;un avion abattu en 2020"},"content":{"rendered":"<p class=\"fig-paragraph\">L&rsquo;Iran a d\u00e9pos\u00e9 jeudi une plainte devant la\u00a0<a href=\"http:\/\/www.lefigaro.fr\/otages-d-etat-la-france-va-porter-plainte-contre-l-iran-devant-la-cour-internationale-de-justice-20250402\" target=\"_blank\" data-fig-type=\"NewsFlash\" rel=\"noopener\" data-gtm-custom-categorie=\"navigation\" data-gtm-custom-action=\"crossclick\" data-gtm-custom-label=\"Contextuel\" data-gtm-event=\"customEventSPE\" data-fig-domain=\"LEFIGARO\">Cour internationale de justice<\/a>\u00a0(CIJ) contre le Canada, la Su\u00e8de, l&rsquo;Ukraine et le Royaume-Uni au sujet d&rsquo;un avion qui s&rsquo;\u00e9tait \u00e9cras\u00e9 en 2020, faisant 176 morts. Des citoyens de ces quatre pays se trouvaient \u00e0 bord de l&rsquo;avion de la compagnie Ukraine International Airlines et ont trouv\u00e9 la mort lorsque le Boeing 737-800 a \u00e9t\u00e9 abattu peu apr\u00e8s son d\u00e9collage de\u00a0<a href=\"http:\/\/www.lefigaro.fr\/flash-actu\/nucleaire-iranien-teheran-et-washington-ont-peu-de-temps-pour-parvenir-a-un-accord-affirme-l-aiea-20250417\" target=\"_blank\" data-fig-type=\"NewsFlash\" rel=\"noopener\" data-gtm-custom-categorie=\"navigation\" data-gtm-custom-action=\"crossclick\" data-gtm-custom-label=\"Contextuel\" data-gtm-event=\"customEventSPE\" data-fig-domain=\"LEFIGARO\">T\u00e9h\u00e9ran<\/a>\u00a0le 8 janvier 2020.<\/p>\n<p class=\"fig-paragraph\">Trois jours plus tard, l&rsquo;Iran avait admis que son arm\u00e9e avait vis\u00e9 par erreur l&rsquo;avion \u00e0 destination de Kiev avec deux missiles sol-air.<\/p>\n<p class=\"fig-paragraph\">Plus d\u2019informations \u00e0 suivre&#8230;<\/p>\n","protected":false},"excerpt":{"rendered":"L&rsquo;Iran a d\u00e9pos\u00e9 jeudi une plainte devant la\u00a0Cour internationale de justice\u00a0(CIJ) contre le Canada, la Su\u00e8de, l&rsquo;Ukraine et&hellip;\n","protected":false},"author":2,"featured_media":36870,"comment_status":"","ping_status":"","sticky":false,"template":"","format":"standard","meta":{"footnotes":""},"categories":[1588],"tags":[1111,47,11,37,1109,11760,1112,1777,674,118,1108,107,1106,1107,27,1110,1114,14,3019,12,1113,316,473,1853,1851,1850,1852],"class_list":{"0":"post-36869","1":"post","2":"type-post","3":"status-publish","4":"format-standard","5":"has-post-thumbnail","7":"category-royaume-uni","8":"tag-actu","9":"tag-actualite","10":"tag-actualites","11":"tag-avion","12":"tag-breves","13":"tag-cij","14":"tag-depeches","15":"tag-eu","16":"tag-europe","17":"tag-faits-divers","18":"tag-fil","19":"tag-fil-info","20":"tag-flash","21":"tag-flash-actu","22":"tag-france","23":"tag-informations","24":"tag-infos","25":"tag-international","26":"tag-iran","27":"tag-news","28":"tag-nouvelles","29":"tag-politique","30":"tag-royaume-uni","31":"tag-royaume-uni-de-grande-bretagne-et-dirlande-du-nord","32":"tag-uk","33":"tag-united-kingdom","34":"tag-united-kingdom-of-great-britain-and-northern-ireland"},"share_on_mastodon":{"url":"https:\/\/pubeurope.com\/@fr\/114365485799371105","error":""},"_links":{"self":[{"href":"https:\/\/www.europesays.com\/fr\/wp-json\/wp\/v2\/posts\/36869","targetHints":{"allow":["GET"]}}],"collection":[{"href":"https:\/\/www.europesays.com\/fr\/wp-json\/wp\/v2\/posts"}],"about":[{"href":"https:\/\/www.europesays.com\/fr\/wp-json\/wp\/v2\/types\/post"}],"author":[{"embeddable":true,"href":"https:\/\/www.europesays.com\/fr\/wp-json\/wp\/v2\/users\/2"}],"replies":[{"embeddable":true,"href":"https:\/\/www.europesays.com\/fr\/wp-json\/wp\/v2\/comments?post=36869"}],"version-history":[{"count":0,"href":"https:\/\/www.europesays.com\/fr\/wp-json\/wp\/v2\/posts\/36869\/revisions"}],"wp:featuredmedia":[{"embeddable":true,"href":"https:\/\/www.europesays.com\/fr\/wp-json\/wp\/v2\/media\/36870"}],"wp:attachment":[{"href":"https:\/\/www.europesays.com\/fr\/wp-json\/wp\/v2\/media?parent=36869"}],"wp:term":[{"taxonomy":"category","embeddable":true,"href":"https:\/\/www.europesays.com\/fr\/wp-json\/wp\/v2\/categories?post=36869"},{"taxonomy":"post_tag","embeddable":true,"href":"https:\/\/www.europesays.com\/fr\/wp-json\/wp\/v2\/tags?post=36869"}],"curies":[{"name":"wp","href":"https:\/\/api.w.org\/{rel}","templated":true}]}}