{"id":368690,"date":"2025-09-05T17:42:13","date_gmt":"2025-09-05T17:42:13","guid":{"rendered":"https:\/\/www.europesays.com\/fr\/368690\/"},"modified":"2025-09-05T17:42:13","modified_gmt":"2025-09-05T17:42:13","slug":"eric-antoine-et-gennifer-demey-quelques-jours-apres-le-mariage-un-demenagement-pour-le-couple","status":"publish","type":"post","link":"https:\/\/www.europesays.com\/fr\/368690\/","title":{"rendered":"Eric Antoine et Gennifer Demey : Quelques jours apr\u00e8s le mariage, un d\u00e9m\u00e9nagement pour le couple !"},"content":{"rendered":"<p>            <img loading=\"lazy\" decoding=\"async\" src=\"https:\/\/www.europesays.com\/fr\/wp-content\/uploads\/2025\/04\/70-60dc2d431f18d-35x35-1.jpg\" class=\"author-article-picture\" width=\"35\" height=\"35\"\/><\/p>\n<p>                Par<br \/>\n                                    <a class=\"author-article-bio-link\" href=\"https:\/\/www.purepeople.com\/auteur\/liane-lazaar_a70\" rel=\"nofollow noopener\" target=\"_blank\">Liane Lazaar<\/a><br \/>\n                                                    | R\u00e9dactrice<\/p>\n<p>\n                Liane Lazaar est r\u00e9dactrice web rattach\u00e9e au p\u00f4le TV de Purepeople.com. Elle conna\u00eet autant le parcours de Jean-Pierre Pernaut sur TF1 que les derniers rebondissements des candidats de t\u00e9l\u00e9-r\u00e9alit\u00e9 et a un go\u00fbt prononc\u00e9 pour les histoires de coeur.\n            <\/p>\n<p>\n    Quelques jours apr\u00e8s leur mariage, Eric Antoine et Gennifer Demey sont toujours dans leur petite bulle d&rsquo;amour. Pour son homme, la miss m\u00e9t\u00e9o de M6 vient m\u00eame de passer un cap important comme elle le fait savoir en story Instagram.\n<\/p>\n<p>                            <img loading=\"lazy\" decoding=\"async\" class=\"player-thumbnail\" src=\"https:\/\/www.europesays.com\/fr\/wp-content\/uploads\/2025\/09\/1c86bee85ab4287b-580x326-1.jpg\" width=\"580\" height=\"326\"\/><\/p>\n<p>                    Eric Antoine et Gennifer Demey : Quelques jours apr\u00e8s le mariage, un d\u00e9m\u00e9nagement pour le couple !<\/p>\n<p>La suite apr\u00e8s la publicit\u00e9<\/p>\n<p><a href=\"https:\/\/www.purepeople.com\/people\/eric-antoine_p124553\" rel=\"nofollow noopener\" target=\"_blank\">Eric Antoine<\/a> et <strong>Gennifer Demey<\/strong> n&rsquo;auront pas perdu de temps ! Quelques mois apr\u00e8s l&rsquo;officialisation de leur idylle, l&rsquo;animateur de 48 ans et la Miss m\u00e9t\u00e9o de 32 ans <strong>ont pass\u00e9 le cap du mariage<\/strong>. En effet, le 30 ao\u00fbt dernier, <a href=\"https:\/\/www.purepeople.com\/article\/eric-antoine-et-gennifer-demey-maries-une-ceremonie-marquee-par-lamour-et-un-costume-original-pour-lanimateur_a540911\/1\" rel=\"nofollow noopener\" target=\"_blank\">les deux personnalit\u00e9s de M6 se sont dit &lsquo;oui&rsquo; pour la vie<\/a>.<\/p>\n<p>C&rsquo;est \u00e0 la <strong>mairie d&rsquo;Aix-en-Provence<\/strong> que l&rsquo;animateur et sa belle ont organis\u00e9 leur union civile, notamment en pr\u00e9sence de <a href=\"https:\/\/www.purepeople.com\/article\/mariage-deric-antoine-et-gennifer-demey-a-aix-en-provence-une-autre-star-de-m6-etait-presente-et-a-filme-leur-tres-jolie-ceremonie_a541975\/1\" rel=\"nofollow noopener\" target=\"_blank\">Karine Le Marchand qui a partag\u00e9 plusieurs images sur les r\u00e9seaux sociaux<\/a>. Gennifer Demey \u00e9tait radieuse dans une longue robe blanche bustier tandis que son \u00e9poux s&rsquo;est distingu\u00e9 dans un costume de couleur beige. Les festivit\u00e9s se sont ensuite poursuivies dans la r\u00e9gion, <strong>\u00e0 la Villa Baulieu qui est situ\u00e9e sur la commune de Rognes<\/strong>. Cette fois-ci, la mari\u00e9e portait une autre robe <a href=\"https:\/\/www.purepeople.com\/article\/pour-son-mariage-avec-eric-antoine-gennifer-demey-a-partage-une-deuxieme-robe-blanche-un-modele-plus-volumineux-montre-en-photo_a541990\/1\" rel=\"nofollow noopener\" target=\"_blank\">plus volumineuse, aux manches bouffantes<\/a>.<\/p>\n<p>Eric Antoine install\u00e9 \u00e0 Aix-en-Provence pour ses enfants<\/p>\n<p>Le couple ne s&rsquo;est depuis pas encore envol\u00e9 pour une lune de miel et profite plut\u00f4t du calme d&rsquo;Aix-en-Provence. Une ville que Gennifer apprend \u00e0 conna\u00eetre \u00e9tant donn\u00e9 qu&rsquo;elle <strong>vient de s&rsquo;y installer <\/strong>pour \u00eatre toujours aupr\u00e8s d&rsquo;Eric Antoine. En story Instagram, elle a d&rsquo;ailleurs demand\u00e9 quelques conseils \u00e0 sa communaut\u00e9 pour d\u00e9couvrir les meilleurs coins pour elle et son autre compagnon, son chien. \u00ab\u00a0<strong>Comme je viens d&#8217;emm\u00e9nager \u00e0 Aix-en-Provence<\/strong>, je ne connais pas encore les balades hyper cool \u00e0 faire avec les toutous. Vous en auriez \u00e0 me conseiller avec un point d&rsquo;eau ? Et des plages sur la c\u00f4t\u00e9 o\u00f9 on peut promener les chiens ?\u00a0\u00bb, a-t-elle demand\u00e9.<\/p>\n<p>Quitter Paris pour venir vivre \u00e0 Aix-en-Provence est apparu comme une \u00e9vidence pour Gennifer \u00e9tant donn\u00e9 qu&rsquo;Eric Antoine y a ses enfants sur place. En effet, depuis son divorce avec Calista, c&rsquo;est dans cette ville du Sud de la France qu&rsquo;<strong>Ulysse et Rapha\u00ebl, 10 et 13 ans<\/strong>, sont scolaris\u00e9s, l&rsquo;obligeant alors \u00e0 faire des allers-retours avec la capitale pour son travail. <a href=\"https:\/\/www.purepeople.com\/article\/eric-antoine-papa-divorce-ses-deux-enfants-sont-installes-bien-loin-de-paris-avec-leur-mere-calista_a520594\/1\" rel=\"nofollow noopener\" target=\"_blank\">Mais la priorit\u00e9 reste toujours son r\u00f4le de p\u00e8re<\/a>. \u00ab\u00a0Mes enfants vivent \u00e0 Aix-en-Provence. Je les ai une semaine sur deux, et \u00e0 ce moment-l\u00e0, je ne travaille pas\u00a0\u00bb, avait-il confi\u00e9 \u00e0 T\u00e9l\u00e9 2 semaines.<\/p>\n","protected":false},"excerpt":{"rendered":"Par Liane Lazaar | R\u00e9dactrice Liane Lazaar est r\u00e9dactrice web rattach\u00e9e au p\u00f4le TV de Purepeople.com. Elle conna\u00eet&hellip;\n","protected":false},"author":2,"featured_media":368691,"comment_status":"","ping_status":"","sticky":false,"template":"","format":"standard","meta":{"footnotes":""},"categories":[1359],"tags":[58,59,1011,27,973],"class_list":{"0":"post-368690","1":"post","2":"type-post","3":"status-publish","4":"format-standard","5":"has-post-thumbnail","7":"category-people","8":"tag-divertissement","9":"tag-entertainment","10":"tag-fr","11":"tag-france","12":"tag-people"},"share_on_mastodon":{"url":"https:\/\/pubeurope.com\/@fr\/115152928817222808","error":""},"_links":{"self":[{"href":"https:\/\/www.europesays.com\/fr\/wp-json\/wp\/v2\/posts\/368690","targetHints":{"allow":["GET"]}}],"collection":[{"href":"https:\/\/www.europesays.com\/fr\/wp-json\/wp\/v2\/posts"}],"about":[{"href":"https:\/\/www.europesays.com\/fr\/wp-json\/wp\/v2\/types\/post"}],"author":[{"embeddable":true,"href":"https:\/\/www.europesays.com\/fr\/wp-json\/wp\/v2\/users\/2"}],"replies":[{"embeddable":true,"href":"https:\/\/www.europesays.com\/fr\/wp-json\/wp\/v2\/comments?post=368690"}],"version-history":[{"count":0,"href":"https:\/\/www.europesays.com\/fr\/wp-json\/wp\/v2\/posts\/368690\/revisions"}],"wp:featuredmedia":[{"embeddable":true,"href":"https:\/\/www.europesays.com\/fr\/wp-json\/wp\/v2\/media\/368691"}],"wp:attachment":[{"href":"https:\/\/www.europesays.com\/fr\/wp-json\/wp\/v2\/media?parent=368690"}],"wp:term":[{"taxonomy":"category","embeddable":true,"href":"https:\/\/www.europesays.com\/fr\/wp-json\/wp\/v2\/categories?post=368690"},{"taxonomy":"post_tag","embeddable":true,"href":"https:\/\/www.europesays.com\/fr\/wp-json\/wp\/v2\/tags?post=368690"}],"curies":[{"name":"wp","href":"https:\/\/api.w.org\/{rel}","templated":true}]}}