{"id":368694,"date":"2025-09-05T17:44:11","date_gmt":"2025-09-05T17:44:11","guid":{"rendered":"https:\/\/www.europesays.com\/fr\/368694\/"},"modified":"2025-09-05T17:44:11","modified_gmt":"2025-09-05T17:44:11","slug":"le-sourire-affiche-apres-le-succes-estival","status":"publish","type":"post","link":"https:\/\/www.europesays.com\/fr\/368694\/","title":{"rendered":"le sourire affich\u00e9 apr\u00e8s le succ\u00e8s estival"},"content":{"rendered":"<p>\u00ab\u00a0Pour ouvrir une librairie \u00e0 Tence il y a 40 ans, il fallait \u00eatre tr\u00e8s visionnaire. Je ne suis pas s\u00fbre que j\u2019aurais fait ce choix-l\u00e0\u00a0\u00bb, lance Sandrine Charreau.<\/p>\n<p>Libraire depuis 15 ans, la fondatrice de la librairie Colibris \u00e0 Meyzieu (69) a repris la Bo\u00eete \u00e0 soleils en 2019. Apr\u00e8s plusieurs ann\u00e9es pass\u00e9es entre les deux sites, l\u2019entrepreneuse a choisi, il y a un peu plus d\u2019un an, de s\u2019installer pleinement en Haute-Loire et de revendre sa premi\u00e8re librairie.<\/p>\n<p>\u00ab\u00a0Pendant cinq ans, j\u2019ai g\u00e9r\u00e9 les deux enseignes, une semaine&#8230;<\/p>\n","protected":false},"excerpt":{"rendered":"\u00ab\u00a0Pour ouvrir une librairie \u00e0 Tence il y a 40 ans, il fallait \u00eatre tr\u00e8s visionnaire. Je ne&hellip;\n","protected":false},"author":2,"featured_media":368695,"comment_status":"","ping_status":"","sticky":false,"template":"","format":"standard","meta":{"footnotes":""},"categories":[1357],"tags":[1379,1687,58,10446,59,1011,27,1380,2410,50315,50316],"class_list":{"0":"post-368694","1":"post","2":"type-post","3":"status-publish","4":"format-standard","5":"has-post-thumbnail","7":"category-livres","8":"tag-books","9":"tag-culture-loisirs","10":"tag-divertissement","11":"tag-edition-haute-loire","12":"tag-entertainment","13":"tag-fr","14":"tag-france","15":"tag-livres","16":"tag-livres-bd","17":"tag-tence","18":"tag-tence-bassin"},"share_on_mastodon":{"url":"https:\/\/pubeurope.com\/@fr\/115152936308606474","error":""},"_links":{"self":[{"href":"https:\/\/www.europesays.com\/fr\/wp-json\/wp\/v2\/posts\/368694","targetHints":{"allow":["GET"]}}],"collection":[{"href":"https:\/\/www.europesays.com\/fr\/wp-json\/wp\/v2\/posts"}],"about":[{"href":"https:\/\/www.europesays.com\/fr\/wp-json\/wp\/v2\/types\/post"}],"author":[{"embeddable":true,"href":"https:\/\/www.europesays.com\/fr\/wp-json\/wp\/v2\/users\/2"}],"replies":[{"embeddable":true,"href":"https:\/\/www.europesays.com\/fr\/wp-json\/wp\/v2\/comments?post=368694"}],"version-history":[{"count":0,"href":"https:\/\/www.europesays.com\/fr\/wp-json\/wp\/v2\/posts\/368694\/revisions"}],"wp:featuredmedia":[{"embeddable":true,"href":"https:\/\/www.europesays.com\/fr\/wp-json\/wp\/v2\/media\/368695"}],"wp:attachment":[{"href":"https:\/\/www.europesays.com\/fr\/wp-json\/wp\/v2\/media?parent=368694"}],"wp:term":[{"taxonomy":"category","embeddable":true,"href":"https:\/\/www.europesays.com\/fr\/wp-json\/wp\/v2\/categories?post=368694"},{"taxonomy":"post_tag","embeddable":true,"href":"https:\/\/www.europesays.com\/fr\/wp-json\/wp\/v2\/tags?post=368694"}],"curies":[{"name":"wp","href":"https:\/\/api.w.org\/{rel}","templated":true}]}}